{"id":39037,"date":"2026-03-06T17:55:54","date_gmt":"2026-03-07T00:55:54","guid":{"rendered":"https:\/\/www.regioncuatronoticias.com\/?p=39037"},"modified":"2026-03-07T20:22:28","modified_gmt":"2026-03-08T03:22:28","slug":"actualiza-isaf-a-alcaldes-para-la-correcta-rendicion-de-cuentas-y-gestion-financiera-correcta","status":"publish","type":"post","link":"https:\/\/www.regioncuatronoticias.com\/index.php\/2026\/03\/06\/actualiza-isaf-a-alcaldes-para-la-correcta-rendicion-de-cuentas-y-gestion-financiera-correcta\/","title":{"rendered":"Actualiza ISAF a alcaldes para la corecta rendici\u00f3n de cuentas y una adecuada gesti\u00f3n financiera"},"content":{"rendered":"\n<p><strong>-Capacita el Instituto Superior de Auditor\u00eda y Fiscalizaci\u00f3n a presidentes municipales y funcionarios para la correcta presentaci\u00f3n de la Cuenta P\u00fablica 2025 y la informaci\u00f3n financiera trimestral 2026<\/strong><\/p>\n\n\n\n<p>Hermosillo, Sonora; 6 de marzo de 2026. \u2013 La fiscalizaci\u00f3n debe ir m\u00e1s all\u00e1 de la revisi\u00f3n posterior del gasto p\u00fablico y convertirse tambi\u00e9n en una herramienta de prevenci\u00f3n, capacitaci\u00f3n y fortalecimiento institucional para los gobiernos municipales, afirm\u00f3 la Auditora Mayor del Instituto Superior de Auditor\u00eda y Fiscalizaci\u00f3n (ISAF), Beatriz Elena Huerta Urquijo.<\/p>\n\n\n\n<p>Al inaugurar el curso \u201cGu\u00edas para la Presentaci\u00f3n de la Cuenta P\u00fablica Municipal 2025 e Informaci\u00f3n Financiera Trimestral 2026\u201d, ante presidentas y presidentes municipales, as\u00ed como personas servidoras p\u00fablicas responsables de las \u00e1reas de tesorer\u00eda, contabilidad, contralor\u00eda, obras p\u00fablicas y planeaci\u00f3n, Huerta Urquijo consider\u00f3 que el fortalecimiento de la gesti\u00f3n financiera municipal es fundamental para garantizar que los recursos p\u00fablicos se ejerzan con responsabilidad, eficiencia y apego a la legalidad.<\/p>\n\n\n\n<p>\u201cLa fiscalizaci\u00f3n debe ir m\u00e1s all\u00e1 de la revisi\u00f3n posterior del gasto p\u00fablico; debe tambi\u00e9n impulsar procesos de prevenci\u00f3n, capacitaci\u00f3n y mejora continua que fortalezcan las capacidades t\u00e9cnicas de las administraciones municipales\u201d, expres\u00f3.<\/p>\n\n\n\n<figure class=\"wp-block-image size-large\"><img loading=\"lazy\" loading=\"lazy\" decoding=\"async\" width=\"1280\" height=\"823\" src=\"https:\/\/www.regioncuatronoticias.com\/wp-content\/uploads\/2026\/03\/WhatsApp-Image-2026-03-06-at-3.07.31-PM-1280x823.jpeg\" alt=\"\" class=\"wp-image-39039\" srcset=\"https:\/\/www.regioncuatronoticias.com\/wp-content\/uploads\/2026\/03\/WhatsApp-Image-2026-03-06-at-3.07.31-PM-1280x823.jpeg 1280w, https:\/\/www.regioncuatronoticias.com\/wp-content\/uploads\/2026\/03\/WhatsApp-Image-2026-03-06-at-3.07.31-PM-640x412.jpeg 640w, https:\/\/www.regioncuatronoticias.com\/wp-content\/uploads\/2026\/03\/WhatsApp-Image-2026-03-06-at-3.07.31-PM-768x494.jpeg 768w, https:\/\/www.regioncuatronoticias.com\/wp-content\/uploads\/2026\/03\/WhatsApp-Image-2026-03-06-at-3.07.31-PM-1536x988.jpeg 1536w, https:\/\/www.regioncuatronoticias.com\/wp-content\/uploads\/2026\/03\/WhatsApp-Image-2026-03-06-at-3.07.31-PM-860x553.jpeg 860w, https:\/\/www.regioncuatronoticias.com\/wp-content\/uploads\/2026\/03\/WhatsApp-Image-2026-03-06-at-3.07.31-PM.jpeg 1600w\" sizes=\"auto, (max-width: 1280px) 100vw, 1280px\" \/><\/figure>\n\n\n\n<p>Durante la jornada de trabajo organizada por el ISAF, se presentaron las gu\u00edas para la integraci\u00f3n y presentaci\u00f3n de la Cuenta P\u00fablica Municipal, correspondiente al ejercicio fiscal 2025, documento mediante el cual los ayuntamientos informan al Congreso del Estado de Sonora y a la ciudadan\u00eda sobre el origen, destino y aplicaci\u00f3n de los recursos p\u00fablicos.<\/p>\n\n\n\n<p>Tambi\u00e9n se dieron a conocer los lineamientos para la presentaci\u00f3n de la informaci\u00f3n financiera trimestral del ejercicio fiscal 2026, instrumentos que permiten dar seguimiento oportuno al ejercicio del gasto p\u00fablico y fortalecer la disciplina financiera en los gobiernos municipales.<\/p>\n\n\n\n<p>Entre las actualizaciones presentadas destaca la incorporaci\u00f3n del formato de conciliaci\u00f3n entre ingresos presupuestarios y contables, as\u00ed como entre egresos presupuestarios y gastos contables para municipios menores de 25 mil habitantes, medida que busca fortalecer la consistencia y seguimiento de la informaci\u00f3n financiera que se presenta ante las instancias de fiscalizaci\u00f3n.<\/p>\n\n\n\n<p>Las personas funcionarias municipales conocieron aspectos relacionados con la integraci\u00f3n de informaci\u00f3n de obra p\u00fablica municipal, el funcionamiento del Sistema de Gesti\u00f3n de Auditor\u00edas y Seguimiento (SIGAS) para la entrega de informaci\u00f3n financiera y los avances en la evaluaci\u00f3n del enfoque de Gesti\u00f3n para Resultados en los municipios de Sonora.<\/p>\n\n\n\n<figure class=\"wp-block-image size-large\"><img loading=\"lazy\" loading=\"lazy\" decoding=\"async\" width=\"1280\" height=\"778\" src=\"https:\/\/www.regioncuatronoticias.com\/wp-content\/uploads\/2026\/03\/WhatsApp-Image-2026-03-06-at-2.32.27-PM-1280x778.jpeg\" alt=\"\" class=\"wp-image-39040\" srcset=\"https:\/\/www.regioncuatronoticias.com\/wp-content\/uploads\/2026\/03\/WhatsApp-Image-2026-03-06-at-2.32.27-PM-1280x778.jpeg 1280w, https:\/\/www.regioncuatronoticias.com\/wp-content\/uploads\/2026\/03\/WhatsApp-Image-2026-03-06-at-2.32.27-PM-640x389.jpeg 640w, https:\/\/www.regioncuatronoticias.com\/wp-content\/uploads\/2026\/03\/WhatsApp-Image-2026-03-06-at-2.32.27-PM-768x467.jpeg 768w, https:\/\/www.regioncuatronoticias.com\/wp-content\/uploads\/2026\/03\/WhatsApp-Image-2026-03-06-at-2.32.27-PM-1536x934.jpeg 1536w, https:\/\/www.regioncuatronoticias.com\/wp-content\/uploads\/2026\/03\/WhatsApp-Image-2026-03-06-at-2.32.27-PM-860x523.jpeg 860w, https:\/\/www.regioncuatronoticias.com\/wp-content\/uploads\/2026\/03\/WhatsApp-Image-2026-03-06-at-2.32.27-PM.jpeg 1600w\" sizes=\"auto, (max-width: 1280px) 100vw, 1280px\" \/><\/figure>\n\n\n\n<p>En la inauguraci\u00f3n de los trabajos de la jornada de capacitaci\u00f3n estuvieron presentes&nbsp; el diputado Ra\u00fal Gonz\u00e1lez de la Vega, integrante de la Comisi\u00f3n de Fiscalizaci\u00f3n del Congreso del Estado de Sonora; as\u00ed como el vocal ejecutivo del Centro Estatal de Desarrollo Municipal, Mart\u00edn Preciado Bracamonte, quienes coincidieron en la importancia de fortalecer la coordinaci\u00f3n institucional para consolidar un sistema de rendici\u00f3n de cuentas m\u00e1s s\u00f3lido y eficiente.<\/p>\n\n\n\n<p>Finalmente, la titular del ISAF reiter\u00f3 su disposici\u00f3n de continuar trabajando de manera coordinada con los mugnicipios para fortalecer las capacidades institucionales de las administraciones locales y consolidar un sistema de rendici\u00f3n de cuentas m\u00e1s s\u00f3lido y transparente.<\/p>\n\n\n\n<p><\/p>\n","protected":false},"excerpt":{"rendered":"<p>-Capacita el Instituto Superior de Auditor\u00eda y Fiscalizaci\u00f3n a presidentes municipales y funcionarios para la correcta presentaci\u00f3n de la Cuenta P\u00fablica 2025 y la informaci\u00f3n financiera trimestral 2026 Hermosillo, Sonora; 6 de marzo de 2026. \u2013 La fiscalizaci\u00f3n debe ir m\u00e1s all\u00e1 de la revisi\u00f3n posterior del gasto p\u00fablico y convertirse tambi\u00e9n en una herramienta [&hellip;]<\/p>\n","protected":false},"author":1,"featured_media":39038,"comment_status":"open","ping_status":"open","sticky":false,"template":"","format":"standard","meta":{"content-type":"","footnotes":""},"categories":[115,105,9],"tags":[],"class_list":{"0":"post-39037","1":"post","2":"type-post","3":"status-publish","4":"format-standard","5":"has-post-thumbnail","7":"category-politica","8":"category-principal","9":"category-sonora"},"_links":{"self":[{"href":"https:\/\/www.regioncuatronoticias.com\/index.php\/wp-json\/wp\/v2\/posts\/39037","targetHints":{"allow":["GET"]}}],"collection":[{"href":"https:\/\/www.regioncuatronoticias.com\/index.php\/wp-json\/wp\/v2\/posts"}],"about":[{"href":"https:\/\/www.regioncuatronoticias.com\/index.php\/wp-json\/wp\/v2\/types\/post"}],"author":[{"embeddable":true,"href":"https:\/\/www.regioncuatronoticias.com\/index.php\/wp-json\/wp\/v2\/users\/1"}],"replies":[{"embeddable":true,"href":"https:\/\/www.regioncuatronoticias.com\/index.php\/wp-json\/wp\/v2\/comments?post=39037"}],"version-history":[{"count":3,"href":"https:\/\/www.regioncuatronoticias.com\/index.php\/wp-json\/wp\/v2\/posts\/39037\/revisions"}],"predecessor-version":[{"id":39054,"href":"https:\/\/www.regioncuatronoticias.com\/index.php\/wp-json\/wp\/v2\/posts\/39037\/revisions\/39054"}],"wp:featuredmedia":[{"embeddable":true,"href":"https:\/\/www.regioncuatronoticias.com\/index.php\/wp-json\/wp\/v2\/media\/39038"}],"wp:attachment":[{"href":"https:\/\/www.regioncuatronoticias.com\/index.php\/wp-json\/wp\/v2\/media?parent=39037"}],"wp:term":[{"taxonomy":"category","embeddable":true,"href":"https:\/\/www.regioncuatronoticias.com\/index.php\/wp-json\/wp\/v2\/categories?post=39037"},{"taxonomy":"post_tag","embeddable":true,"href":"https:\/\/www.regioncuatronoticias.com\/index.php\/wp-json\/wp\/v2\/tags?post=39037"}],"curies":[{"name":"wp","href":"https:\/\/api.w.org\/{rel}","templated":true}]}}