{"id":38997,"date":"2026-03-05T19:55:40","date_gmt":"2026-03-06T02:55:40","guid":{"rendered":"https:\/\/www.regioncuatronoticias.com\/?p=38997"},"modified":"2026-03-05T19:55:44","modified_gmt":"2026-03-06T02:55:44","slug":"se-burla-influencer-en-video-de-personas-autistas-es-denunciado-y-fgje-le-abre-investigacion","status":"publish","type":"post","link":"https:\/\/www.regioncuatronoticias.com\/index.php\/2026\/03\/05\/se-burla-influencer-en-video-de-personas-autistas-es-denunciado-y-fgje-le-abre-investigacion\/","title":{"rendered":"Se burla \u2018influencer\u2019 en video de personas autistas; es denunciado y FGJE le abre investigaci\u00f3n"},"content":{"rendered":"\n<p><strong>Las autoridades destacaron que el influencer podr\u00eda ser sancionado<\/strong><\/p>\n\n\n\n<p>Tomado de Milenio<\/p>\n\n\n\n<p>Antonio L\u00f3pez Moreno<\/p>\n\n\n\n<p>Jueves 5 de marzo de 2026<\/p>\n\n\n\n<p>Un video publicado por el influencer de Sonora, Samuel Obeso, provoc\u00f3 indignaci\u00f3n entre los usuarios de internet, pues en la grabaci\u00f3n y se mofa de su condici\u00f3n.<\/p>\n\n\n\n<p>Madres de ni\u00f1os con autismo lo denunciaron por la v\u00eda penal y no descartan m\u00e1s acciones de protesta.<\/p>\n\n\n\n<p>Tania Alcantar, vocera del Grupo de Mam\u00e1s Cuidadoras de Sonora, detall\u00f3 que el video se public\u00f3 hace una semana.<\/p>\n\n\n\n<p>\u201cEste creador de contenido se hace pasar por un ni\u00f1o autista, a lo que veo es un grado nivel 3, que es no verbal, hace ciertos sonidos, palabras, golpea a uno de ellos y dem\u00e1s, entonces eso fue lo que nos indign\u00f3 a los padres de ni\u00f1os con autismo\u201d.<\/p>\n\n\n\n<p>Consider\u00f3 que dichas bromas generan una imagen de las personas autistas alejada de la realidad y fomenta estereotipos y prejuicios.<\/p>\n\n\n\n<p>\u201cA\u00f1os luchando, marchas, reuniones en el Congreso con los tres niveles de gobierno como para que una broma venga a retrasarnos m\u00e1s. Y no solo es la broma, es la cantidad de vistas, de likes que gener\u00f3 este video\u201d.<\/p>\n\n\n\n<p>De igual forma, procedieron ante instancias federales.<\/p>\n\n\n\n<p>\u201cSe present\u00f3 una denuncia ante la Fiscal\u00eda General del Estado y tengo entendido que tambi\u00e9n ante la CONAPRED en la ciudad de M\u00e9xico\u201d.<\/p>\n\n\n\n<p>El procurador de la Defensa del Menor y la Familia Cervando Flores Castelo, inform\u00f3 en un comunicado que elaborar\u00e1n las denuncias correspondientes en contra de los implicados.<\/p>\n\n\n\n<p><strong>Fiscal\u00eda de Sonora se pronuncia<\/strong><\/p>\n\n\n\n<p>En un comunicado, la Fiscal\u00eda General de Justicia (FGJ) de Sonora se pronunci\u00f3 sobre la denuncia en contra del influencer, dijeron que tras recibir el documento \u201cpodr\u00edan constituir conductas delictivas derivado de la difusi\u00f3n en redes sociales de un video que vulnera la dignidad de personas con condici\u00f3n del espectro autista\u201d.<\/p>\n\n\n\n<p>El material fue publicado gener\u00f3 inconformidad entre una denunciante y un colectivo de madres, quienes lo consideraron atentatorio contra la dignidad de las personas con esta condici\u00f3n.<\/p>\n\n\n\n<p>Tambi\u00e9n se sum\u00f3 a la denuncia el titular de la Procuradur\u00eda para la Defensa de los Derechos de las Personas con Discapacidad en Sonora.<\/p>\n\n\n\n<p>La Fiscal\u00eda abri\u00f3 una carpeta de investigaci\u00f3n para determinar si los hechos constituyen delito y proceder conforme a la ley. La instituci\u00f3n reiter\u00f3 que cualquier conducta que promueva violencia, discriminaci\u00f3n o vulneraci\u00f3n de la dignidad, especialmente hacia grupos en situaci\u00f3n de vulnerabilidad, ser\u00e1 investigada y sancionada.<\/p>\n\n\n\n<p><a href=\"https:\/\/www.milenio.com\/estados\/fge-sonora-investiga-influencer-por-video-ofensivo-a-personas-autistas\">https:\/\/www.milenio.com\/estados\/fge-sonora-investiga-influencer-por-video-ofensivo-a-personas-autistas<\/a><\/p>\n","protected":false},"excerpt":{"rendered":"<p>Las autoridades destacaron que el influencer podr\u00eda ser sancionado Tomado de Milenio Antonio L\u00f3pez Moreno Jueves 5 de marzo de 2026 Un video publicado por el influencer de Sonora, Samuel Obeso, provoc\u00f3 indignaci\u00f3n entre los usuarios de internet, pues en la grabaci\u00f3n y se mofa de su condici\u00f3n. Madres de ni\u00f1os con autismo lo denunciaron [&hellip;]<\/p>\n","protected":false},"author":1,"featured_media":38998,"comment_status":"open","ping_status":"open","sticky":false,"template":"","format":"standard","meta":{"content-type":"","footnotes":""},"categories":[105,113,9],"tags":[],"class_list":{"0":"post-38997","1":"post","2":"type-post","3":"status-publish","4":"format-standard","5":"has-post-thumbnail","7":"category-principal","8":"category-seguridad","9":"category-sonora"},"_links":{"self":[{"href":"https:\/\/www.regioncuatronoticias.com\/index.php\/wp-json\/wp\/v2\/posts\/38997","targetHints":{"allow":["GET"]}}],"collection":[{"href":"https:\/\/www.regioncuatronoticias.com\/index.php\/wp-json\/wp\/v2\/posts"}],"about":[{"href":"https:\/\/www.regioncuatronoticias.com\/index.php\/wp-json\/wp\/v2\/types\/post"}],"author":[{"embeddable":true,"href":"https:\/\/www.regioncuatronoticias.com\/index.php\/wp-json\/wp\/v2\/users\/1"}],"replies":[{"embeddable":true,"href":"https:\/\/www.regioncuatronoticias.com\/index.php\/wp-json\/wp\/v2\/comments?post=38997"}],"version-history":[{"count":1,"href":"https:\/\/www.regioncuatronoticias.com\/index.php\/wp-json\/wp\/v2\/posts\/38997\/revisions"}],"predecessor-version":[{"id":38999,"href":"https:\/\/www.regioncuatronoticias.com\/index.php\/wp-json\/wp\/v2\/posts\/38997\/revisions\/38999"}],"wp:featuredmedia":[{"embeddable":true,"href":"https:\/\/www.regioncuatronoticias.com\/index.php\/wp-json\/wp\/v2\/media\/38998"}],"wp:attachment":[{"href":"https:\/\/www.regioncuatronoticias.com\/index.php\/wp-json\/wp\/v2\/media?parent=38997"}],"wp:term":[{"taxonomy":"category","embeddable":true,"href":"https:\/\/www.regioncuatronoticias.com\/index.php\/wp-json\/wp\/v2\/categories?post=38997"},{"taxonomy":"post_tag","embeddable":true,"href":"https:\/\/www.regioncuatronoticias.com\/index.php\/wp-json\/wp\/v2\/tags?post=38997"}],"curies":[{"name":"wp","href":"https:\/\/api.w.org\/{rel}","templated":true}]}}