{"id":38962,"date":"2026-03-04T23:57:33","date_gmt":"2026-03-05T06:57:33","guid":{"rendered":"https:\/\/www.regioncuatronoticias.com\/?p=38962"},"modified":"2026-03-04T23:57:37","modified_gmt":"2026-03-05T06:57:37","slug":"identifican-restos-de-otros-dos-mineros-secuestrados-en-concordia-sinaloa","status":"publish","type":"post","link":"https:\/\/www.regioncuatronoticias.com\/index.php\/2026\/03\/04\/identifican-restos-de-otros-dos-mineros-secuestrados-en-concordia-sinaloa\/","title":{"rendered":"Identifican restos de otros dos mineros secuestrados en Concordia, Sinaloa"},"content":{"rendered":"\n<p>Con estas dos v\u00edctimas ya suman siete los mineros localizados en fosas clandestinas en El Verde, mientras a\u00fan se espera la identificaci\u00f3n de m\u00e1s restos<\/p>\n\n\n\n<p><strong>Tomado ode Infobae<\/strong><\/p>\n\n\n\n<p><a href=\"https:\/\/www.infobae.com\/autor\/anayeli-tapia-sandoval\/\">Anayeli Tapia Sandoval<\/a><\/p>\n\n\n\n<p><strong>Mi\u00e9rcoles 4 de marzo de 2026<\/strong><\/p>\n\n\n\n<p>La confirmaci\u00f3n de dos cuerpos m\u00e1s eleva a siete la cifra de mineros identificados en fosas clandestinas en Concordia, Sinaloa, en un caso vinculado a la violencia del C\u00e1rtel de Sinaloa que mantiene a tres trabajadores sin localizar.<\/p>\n\n\n\n<p>Familiares de&nbsp;<strong>Javier Guillermo Vargas Valle<\/strong>&nbsp;y&nbsp;<strong>Javier Emilio Valdez Valenzuela<\/strong>, dos de los diez mineros secuestrados el pasado 23 de enero en&nbsp;<strong>Concordia, Sinaloa<\/strong>, confirmaron este mi\u00e9rcoles la identificaci\u00f3n de sus restos en<strong>&nbsp;fosas clandestinas localizadas en la comunidad de El Verde.<\/strong><\/p>\n\n\n\n<p>Con este hallazgo, ya son siete los trabajadores de la empresa canadiense<strong>&nbsp;Vizsla Silver&nbsp;<\/strong>plenamente identificados, mientras tres contin\u00faan bajo el estatus de desaparecidos.<\/p>\n\n\n\n<p>Javier Guillermo Vargas Valle y Javier Emilio Valdez Valenzuela, ambos originarios del estado sinaloense, fueron identificados en una de las fosas clandestinas localizadas en El Verde, a unos<strong>&nbsp;45 kil\u00f3metros de Mazatl\u00e1n.<\/strong><\/p>\n\n\n\n<figure class=\"wp-block-image size-full\"><img loading=\"lazy\" loading=\"lazy\" decoding=\"async\" width=\"992\" height=\"558\" src=\"https:\/\/www.regioncuatronoticias.com\/wp-content\/uploads\/2026\/03\/image-7.png\" alt=\"\" class=\"wp-image-38963\" srcset=\"https:\/\/www.regioncuatronoticias.com\/wp-content\/uploads\/2026\/03\/image-7.png 992w, https:\/\/www.regioncuatronoticias.com\/wp-content\/uploads\/2026\/03\/image-7-640x360.png 640w, https:\/\/www.regioncuatronoticias.com\/wp-content\/uploads\/2026\/03\/image-7-768x432.png 768w, https:\/\/www.regioncuatronoticias.com\/wp-content\/uploads\/2026\/03\/image-7-860x484.png 860w\" sizes=\"auto, (max-width: 992px) 100vw, 992px\" \/><\/figure>\n\n\n\n<p>Hasta el momento los reportes extraoficiales se\u00f1alan que 4 de los 10 mineros fueron localizados sin vida en la fosa de Concordia. Cr\u00e9dito: Jes\u00fas Aviles &#8211; Infobae M\u00e9xico<\/p>\n\n\n\n<p>Los trabajadores fueron privados de la libertad el 23 de enero junto a otros compa\u00f1eros, en un ataque que las autoridades atribuyen a la facci\u00f3n de&nbsp;<strong>Los Chapitos del C\u00e1rtel de Sinaloa.<\/strong><\/p>\n\n\n\n<p>Con estos hallazgos,&nbsp;<strong>ya suman siete los mineros identificados<\/strong>&nbsp;en la regi\u00f3n.<\/p>\n\n\n\n<p><strong>\u201cLloramos con rabia\u201d<\/strong><\/p>\n\n\n\n<p>La confirmaci\u00f3n de la noticia se viraliz\u00f3 en el Facebook de \u201cMineros desaparecidos\u201d, luego de que se publicaran los siguientes mensajes.<\/p>\n\n\n\n<figure class=\"wp-block-image size-full\"><img loading=\"lazy\" loading=\"lazy\" decoding=\"async\" width=\"992\" height=\"1154\" src=\"https:\/\/www.regioncuatronoticias.com\/wp-content\/uploads\/2026\/03\/image-8.png\" alt=\"\" class=\"wp-image-38964\" srcset=\"https:\/\/www.regioncuatronoticias.com\/wp-content\/uploads\/2026\/03\/image-8.png 992w, https:\/\/www.regioncuatronoticias.com\/wp-content\/uploads\/2026\/03\/image-8-640x745.png 640w, https:\/\/www.regioncuatronoticias.com\/wp-content\/uploads\/2026\/03\/image-8-768x893.png 768w, https:\/\/www.regioncuatronoticias.com\/wp-content\/uploads\/2026\/03\/image-8-860x1000.png 860w\" sizes=\"auto, (max-width: 992px) 100vw, 992px\" \/><\/figure>\n\n\n\n<p>Los restos de los mineros Javier Guillermo Vargas Valle y Javier Emilio Valdez Valenzuela ya fueron identificados. (Capturas de pantalla)<\/p>\n\n\n\n<p>\u201cJusticia para Javier Vargas. Hoy lloramos con impotencia y rabia la partida de Javier Vargas, un hombre trabajador, un minero que desapareci\u00f3 en Concordia, Sinaloa, y cuyo destino nos recuerda la dura realidad que enfrentan tantos en silencio. Su ausencia no es solo un vac\u00edo en su familia, es una herida abierta en nuestra comunidad. Javier no merec\u00eda este final, nadie merece ser arrancado de la vida con tanta injusticia. Que su memoria nos despierte, que su nombre no se borre, y que su historia sea un llamado urgente a la justicia y a la dignidad que todo ser humano merece\u201d.<\/p>\n\n\n\n<figure class=\"wp-block-image size-full\"><img loading=\"lazy\" loading=\"lazy\" decoding=\"async\" width=\"992\" height=\"908\" src=\"https:\/\/www.regioncuatronoticias.com\/wp-content\/uploads\/2026\/03\/image-9.png\" alt=\"\" class=\"wp-image-38965\" srcset=\"https:\/\/www.regioncuatronoticias.com\/wp-content\/uploads\/2026\/03\/image-9.png 992w, https:\/\/www.regioncuatronoticias.com\/wp-content\/uploads\/2026\/03\/image-9-640x586.png 640w, https:\/\/www.regioncuatronoticias.com\/wp-content\/uploads\/2026\/03\/image-9-768x703.png 768w, https:\/\/www.regioncuatronoticias.com\/wp-content\/uploads\/2026\/03\/image-9-860x787.png 860w\" sizes=\"auto, (max-width: 992px) 100vw, 992px\" \/><\/figure>\n\n\n\n<p>Los restos de los mineros Javier Guillermo Vargas Valle y Javier Emilio Valdez Valenzuela ya fueron identificados. (Capturas de pantalla)<\/p>\n\n\n\n<p>Al dar a conocer la noticia de la identificaci\u00f3n de los restos de Javier Valdez publicaron: \u201cCon mucha tristeza y llenos de indignaci\u00f3n lamentamos profundamente el sensible fallecimiento de Javier Valdez Hoy nos unimos al dolor de su familia, amigos y compa\u00f1eros, recordando con respeto y solidaridad a un hombre de trabajo y esfuerzo, cuya ausencia deja un vac\u00edo en la comunidad de Concordia. Que su memoria permanezca como s\u00edmbolo de fortaleza y dignidad. Nuestras oraciones y pensamientos est\u00e1n con sus seres queridos en este dif\u00edcil momento\u201d.<\/p>\n\n\n\n<p>Las v\u00edctimas identificadas hasta ahora son:<\/p>\n\n\n\n<ul class=\"wp-block-list\">\n<li><strong>Javier Guillermo Vargas Valle (guardia de seguridad en La Clementina)<\/strong><\/li>\n\n\n\n<li><strong>Javier Emilio Valdez Valenzuela<\/strong><\/li>\n\n\n\n<li><strong>Jos\u00e9 \u00c1ngel Hern\u00e1ndez V\u00e9lez<\/strong><\/li>\n\n\n\n<li><strong>Francisco Antonio Esparza Y\u00e1\u00f1ez<\/strong><\/li>\n\n\n\n<li><strong>Jos\u00e9 Manuel Casta\u00f1eda Hern\u00e1ndez<\/strong><\/li>\n\n\n\n<li><strong>Sa\u00fal Alberto Ochoa P\u00e9rez<\/strong><\/li>\n\n\n\n<li><strong>Ignacio Aurelio Salazar Flores<\/strong><\/li>\n<\/ul>\n\n\n\n<p>De acuerdo con la Fiscal\u00eda estatal, solo dos de los trabajadores secuestrados eran originarios de Sinaloa. El resto proviene de entidades como<strong>&nbsp;Zacatecas, Chihuahua, Sonora y Guerrero. Vargas Valle<\/strong>.<\/p>\n\n\n\n<p>Hasta el momento, los mineros que no han sido hallados son:<\/p>\n\n\n\n<ul class=\"wp-block-list\">\n<li><strong>Francisco Antonio Esparza Y\u00e1\u00f1ez<\/strong><\/li>\n\n\n\n<li><strong>Sa\u00fal Alberto Ochoa P\u00e9rez<\/strong><\/li>\n\n\n\n<li><strong>Miguel Tapia Ray\u00f3n<\/strong><\/li>\n<\/ul>\n\n\n\n<p><strong>Minera busca reactivarse<\/strong><\/p>\n\n\n\n<figure class=\"wp-block-image size-full\"><img loading=\"lazy\" loading=\"lazy\" decoding=\"async\" width=\"992\" height=\"558\" src=\"https:\/\/www.regioncuatronoticias.com\/wp-content\/uploads\/2026\/03\/image-10.png\" alt=\"\" class=\"wp-image-38966\" srcset=\"https:\/\/www.regioncuatronoticias.com\/wp-content\/uploads\/2026\/03\/image-10.png 992w, https:\/\/www.regioncuatronoticias.com\/wp-content\/uploads\/2026\/03\/image-10-640x360.png 640w, https:\/\/www.regioncuatronoticias.com\/wp-content\/uploads\/2026\/03\/image-10-768x432.png 768w, https:\/\/www.regioncuatronoticias.com\/wp-content\/uploads\/2026\/03\/image-10-860x484.png 860w\" sizes=\"auto, (max-width: 992px) 100vw, 992px\" \/><\/figure>\n\n\n\n<p>Foto: AIMMGM Nacional<\/p>\n\n\n\n<p>Pese al dolor y la crisis de seguridad, la empresa canadiense&nbsp;<strong>Vizsla Silver<\/strong>&nbsp;anunci\u00f3 que&nbsp;<strong>reanudar\u00e1n las actividades mineras en Concordia, Sinaloa,&nbsp;<\/strong>as\u00ed lo inform\u00f3 el secretario de Econom\u00eda estatal,&nbsp;<strong>Feliciano Castro Mel\u00e9ndrez<\/strong>.<\/p>\n\n\n\n<p>De acuerdo con informaci\u00f3n de&nbsp;<em>Noroeste,&nbsp;<\/em>el funcionario se\u00f1al\u00f3 que la compa\u00f1\u00eda<strong>&nbsp;solicit\u00f3 mayor seguridad en la zona para continuar con la operaci\u00f3n de su proyecto<\/strong>, considerado uno de los m\u00e1s importantes para la producci\u00f3n de plata en el pa\u00eds.<\/p>\n\n\n\n<p>\u201cEl proyecto de&nbsp;<strong>Vizsla Silver<\/strong>&nbsp;es de gran magnitud y puede posicionar a&nbsp;<strong>Sinaloa<\/strong>&nbsp;a la cabeza en la producci\u00f3n nacional de plata. La empresa solo detuvo operaciones de forma temporal y ha manifestado su permanencia\u201d, declar\u00f3&nbsp;<strong>Castro Mel\u00e9ndrez<\/strong>. El secretario puntualiz\u00f3 que la fecha para el reinicio de los trabajos ser\u00e1 definida por la propia empresa, aunque asegur\u00f3 que ocurrir\u00e1 pronto.<\/p>\n\n\n\n<p><a href=\"https:\/\/www.infobae.com\/mexico\/2026\/03\/05\/identifican-restos-de-otros-dos-mineros-secuestrados-en-concordia-sinaloa\">https:\/\/www.infobae.com\/mexico\/2026\/03\/05\/identifican-restos-de-otros-dos-mineros-secuestrados-en-concordia-sinaloa<\/a><\/p>\n","protected":false},"excerpt":{"rendered":"<p>Con estas dos v\u00edctimas ya suman siete los mineros localizados en fosas clandestinas en El Verde, mientras a\u00fan se espera la identificaci\u00f3n de m\u00e1s restos Tomado ode Infobae Anayeli Tapia Sandoval Mi\u00e9rcoles 4 de marzo de 2026 La confirmaci\u00f3n de dos cuerpos m\u00e1s eleva a siete la cifra de mineros identificados en fosas clandestinas en [&hellip;]<\/p>\n","protected":false},"author":1,"featured_media":38967,"comment_status":"open","ping_status":"open","sticky":false,"template":"","format":"standard","meta":{"content-type":"","footnotes":""},"categories":[3,105,113],"tags":[],"class_list":{"0":"post-38962","1":"post","2":"type-post","3":"status-publish","4":"format-standard","5":"has-post-thumbnail","7":"category-mexico","8":"category-principal","9":"category-seguridad"},"_links":{"self":[{"href":"https:\/\/www.regioncuatronoticias.com\/index.php\/wp-json\/wp\/v2\/posts\/38962","targetHints":{"allow":["GET"]}}],"collection":[{"href":"https:\/\/www.regioncuatronoticias.com\/index.php\/wp-json\/wp\/v2\/posts"}],"about":[{"href":"https:\/\/www.regioncuatronoticias.com\/index.php\/wp-json\/wp\/v2\/types\/post"}],"author":[{"embeddable":true,"href":"https:\/\/www.regioncuatronoticias.com\/index.php\/wp-json\/wp\/v2\/users\/1"}],"replies":[{"embeddable":true,"href":"https:\/\/www.regioncuatronoticias.com\/index.php\/wp-json\/wp\/v2\/comments?post=38962"}],"version-history":[{"count":1,"href":"https:\/\/www.regioncuatronoticias.com\/index.php\/wp-json\/wp\/v2\/posts\/38962\/revisions"}],"predecessor-version":[{"id":38968,"href":"https:\/\/www.regioncuatronoticias.com\/index.php\/wp-json\/wp\/v2\/posts\/38962\/revisions\/38968"}],"wp:featuredmedia":[{"embeddable":true,"href":"https:\/\/www.regioncuatronoticias.com\/index.php\/wp-json\/wp\/v2\/media\/38967"}],"wp:attachment":[{"href":"https:\/\/www.regioncuatronoticias.com\/index.php\/wp-json\/wp\/v2\/media?parent=38962"}],"wp:term":[{"taxonomy":"category","embeddable":true,"href":"https:\/\/www.regioncuatronoticias.com\/index.php\/wp-json\/wp\/v2\/categories?post=38962"},{"taxonomy":"post_tag","embeddable":true,"href":"https:\/\/www.regioncuatronoticias.com\/index.php\/wp-json\/wp\/v2\/tags?post=38962"}],"curies":[{"name":"wp","href":"https:\/\/api.w.org\/{rel}","templated":true}]}}