{"id":38959,"date":"2026-03-04T23:31:14","date_gmt":"2026-03-05T06:31:14","guid":{"rendered":"https:\/\/www.regioncuatronoticias.com\/?p=38959"},"modified":"2026-03-04T23:31:19","modified_gmt":"2026-03-05T06:31:19","slug":"puntos-clave-de-la-iniciativa-de-reforma-electoral-de-sheinbaum","status":"publish","type":"post","link":"https:\/\/www.regioncuatronoticias.com\/index.php\/2026\/03\/04\/puntos-clave-de-la-iniciativa-de-reforma-electoral-de-sheinbaum\/","title":{"rendered":"Puntos clave de la iniciativa de Reforma Electoral de Sheinbaum"},"content":{"rendered":"\n<p><strong>El texto enviado a la C\u00e1mara de Diputados ya no considera la eliminaci\u00f3n del PREP; pero, mantiene los cambios a los plurinominales que han dividido a la coalici\u00f3n gobernante<\/strong><\/p>\n\n\n\n<p>Tomado de Proceso<\/p>\n\n\n\n<p>Juan Carlos Cort\u00e9s<\/p>\n\n\n\n<p>Mi\u00e9rcoles 4 de marzo de 2026<\/p>\n\n\n\n<p>CIUDAD DE M\u00c9XICO (apro).- La iniciativa de reforma electoral que ha puesto en vilo la unidad de los partidos de la Cuarta Transformaci\u00f3n fue enviada este mi\u00e9rcoles por la presidenta Claudia Sheinbaum a la C\u00e1mara de Diputados.<\/p>\n\n\n\n<p>Luego de algunas posposiciones, la iniciativa fue presentada sin cambios en los temas que han provocado mayor controversia entre los partidos aliados: la f\u00f3rmula para la elecci\u00f3n de plurinominales y la reducci\u00f3n del Senado.<\/p>\n\n\n\n<p>La propuesta busca reformar 11 art\u00edculos constitucionales entre los que se incluyen la nueva integraci\u00f3n del Congreso, reducci\u00f3n de los tiempos de radio y TV; regulaci\u00f3n de Inteligencia Artificial; el inicio de los c\u00f3mputos distritales y la prohibici\u00f3n del financiamiento il\u00edcito de partidos pol\u00edticos.<\/p>\n\n\n\n<p><strong>Plurinominales<\/strong><\/p>\n\n\n\n<p>La reforma electoral establece un nuevo cambio a la integraci\u00f3n del Congreso mexicano, como la reducci\u00f3n de senadores y la elecci\u00f3n de diputados plurinominales. Esto pese a ser dos de los puntos que rechazan los partidos aliados.<\/p>\n\n\n\n<p>El art\u00edculo 52 fija que la C\u00e1mara de Diputados estar\u00e1 integrada por 300 diputados electos por votaci\u00f3n mayoritaria relativa y los 200 diputados plurinominales, que ser\u00e1n electos seg\u00fan el principio de representaci\u00f3n proporcional.<\/p>\n\n\n\n<p>Estos diputados plurinominales ser\u00e1n electos: 100 diputaciones para candidaturas que no ganaron su distrito, pero obtuvieron los mejores porcentajes de votaci\u00f3n para su partido y 100 diputaciones mediante votaci\u00f3n directa en cinco circunscripciones regionales, incluyendo la participaci\u00f3n de mexicanos residentes en el extranjero.<\/p>\n\n\n\n<p><strong>Reducci\u00f3n del Senado<\/strong><\/p>\n\n\n\n<p>En el art\u00edculo 56 se fija que la C\u00e1mara Alta se integrar\u00e1 por 96 senadur\u00edas (actualmente son 128), de las cuales, en cada estado y en la Ciudad de M\u00e9xico, dos ser\u00e1n elegidos seg\u00fan el principio de votaci\u00f3n mayoritaria relativa y uno ser\u00e1 asignado a la primera minor\u00eda.<\/p>\n\n\n\n<p>Para ello, fija que los partidos pol\u00edticos deber\u00e1n registrar una lista con dos f\u00f3rmulas de candidatos. La senadur\u00eda de primera minor\u00eda le ser\u00e1 asignada a la f\u00f3rmula de candidaturas que encabece la lista del partido pol\u00edtico que, por s\u00ed mismo, haya ocupado el segundo lugar en n\u00famero de votos en la entidad de que se trate. Con ello, se elimina la lista nacional de senadores plurinominales.<\/p>\n\n\n\n<p><strong>Fiscalizaci\u00f3n de los partidos<\/strong><\/p>\n\n\n\n<p>En la nueva reforma se modifica la f\u00f3rmula de financiamiento p\u00fablico para reducir los montos anuales destinados a las actividades de los partidos pol\u00edticos, ya que establece que su asignaci\u00f3n anual se fijar\u00e1 multiplicando el n\u00famero total de los ciudadanos inscritos en el Padr\u00f3n Electoral.<\/p>\n\n\n\n<p>La reforma establece que queda prohibido a los partidos pol\u00edticos, precandidaturas, candidaturas y candidaturas independientes financiarse u operar con recursos, bienes o servicios provenientes de actividades il\u00edcitas.<\/p>\n\n\n\n<p>Tambi\u00e9n establece que toda aportaci\u00f3n privada deber\u00e1 realizarse por personas f\u00edsicas mexicanas y, atendiendo a las normas de debida diligencia e identificaci\u00f3n, no podr\u00e1n hacerse aportaciones en efectivo, por lo que las aportaciones privadas deben ser v\u00eda transferencia electr\u00f3nica o instrumentos bancarios.<\/p>\n\n\n\n<p><strong>\u00d3rganos electorales<\/strong><\/p>\n\n\n\n<p>Las propuestas de reforma fija que bajar\u00e1n los salarios de los funcionarios del Instituto Nacional Electoral (INE), de los organismos p\u00fablicos locales electorales y de los tribunales electorales, ya que no podr\u00e1n ser mayores a lo establecido por la presidenta de la Rep\u00fablica.<\/p>\n\n\n\n<p>Pese a que cuando se present\u00f3 la iniciativa en Palacio Nacional se pretend\u00eda desaparecer el Programa de Resultados Electorales Preliminares (PREP), esta propuesta no forma parte del texto enviado. Sin embargo, s\u00ed cambian los tiempos de conteo de los votos distritales.<\/p>\n\n\n\n<p>De esta forma los c\u00f3mputos de las elecciones locales iniciar\u00e1n a partir de la recepci\u00f3n del primer paquete electoral en cada uno de los Consejos Distritales, y no el mi\u00e9rcoles siguiente al d\u00eda de la elecci\u00f3n.<\/p>\n\n\n\n<p>Adem\u00e1s, establece constitucionalmente el derecho de los ciudadanos a participar en consultas populares, refer\u00e9ndums, plebiscitos y cualquier otro mecanismo de democracia directa; tambi\u00e9n autoriza el uso de tecnolog\u00edas de la informaci\u00f3n y comunicaci\u00f3n para la emisi\u00f3n del voto en estos procesos.<\/p>\n\n\n\n<p><strong>Medios de comunicaci\u00f3n<\/strong><\/p>\n\n\n\n<p>Adem\u00e1s, la reforma plantea que se reducen los tiempos en radio y televisi\u00f3n de 48 a 35 minutos a partir del inicio de las precampa\u00f1as y hasta el d\u00eda de la jornada electoral; los minutos ser\u00e1n distribuidos en dos y hasta tres minutos por cada hora de transmisi\u00f3n en cada estaci\u00f3n de radio y canal de televisi\u00f3n.<\/p>\n\n\n\n<p>Tambi\u00e9n la iniciativa establece que todo contenido relacionado a los procesos electorales que sea modificado o alterado mediante el uso de Inteligencia Artificial (IA) o cualquier otra tecnolog\u00eda, deber\u00e1 estar etiquetado por su emisor para su identificaci\u00f3n.<\/p>\n\n\n\n<p>La reforma fue turnada a las comisiones Unidas de Puntos Constitucionales y de la Reforma Electoral para sus procesos legislativos. Se pretende que para finales de marzo est\u00e9 aprobada en ambas C\u00e1maras del Congreso.<\/p>\n\n\n\n<p><a href=\"https:\/\/www.proceso.com.mx\/nacional\/politica\/2026\/3\/4\/estos-son-los-puntos-claves-de-la-iniciativa-de-reforma-electoral-de-sheinbaum-369641.html\">https:\/\/www.proceso.com.mx\/nacional\/politica\/2026\/3\/4\/estos-son-los-puntos-claves-de-la-iniciativa-de-reforma-electoral-de-sheinbaum-369641.html<\/a><\/p>\n","protected":false},"excerpt":{"rendered":"<p>El texto enviado a la C\u00e1mara de Diputados ya no considera la eliminaci\u00f3n del PREP; pero, mantiene los cambios a los plurinominales que han dividido a la coalici\u00f3n gobernante Tomado de Proceso Juan Carlos Cort\u00e9s Mi\u00e9rcoles 4 de marzo de 2026 CIUDAD DE M\u00c9XICO (apro).- La iniciativa de reforma electoral que ha puesto en vilo [&hellip;]<\/p>\n","protected":false},"author":1,"featured_media":38960,"comment_status":"open","ping_status":"open","sticky":false,"template":"","format":"standard","meta":{"content-type":"","footnotes":""},"categories":[3,115,105],"tags":[],"class_list":{"0":"post-38959","1":"post","2":"type-post","3":"status-publish","4":"format-standard","5":"has-post-thumbnail","7":"category-mexico","8":"category-politica","9":"category-principal"},"_links":{"self":[{"href":"https:\/\/www.regioncuatronoticias.com\/index.php\/wp-json\/wp\/v2\/posts\/38959","targetHints":{"allow":["GET"]}}],"collection":[{"href":"https:\/\/www.regioncuatronoticias.com\/index.php\/wp-json\/wp\/v2\/posts"}],"about":[{"href":"https:\/\/www.regioncuatronoticias.com\/index.php\/wp-json\/wp\/v2\/types\/post"}],"author":[{"embeddable":true,"href":"https:\/\/www.regioncuatronoticias.com\/index.php\/wp-json\/wp\/v2\/users\/1"}],"replies":[{"embeddable":true,"href":"https:\/\/www.regioncuatronoticias.com\/index.php\/wp-json\/wp\/v2\/comments?post=38959"}],"version-history":[{"count":1,"href":"https:\/\/www.regioncuatronoticias.com\/index.php\/wp-json\/wp\/v2\/posts\/38959\/revisions"}],"predecessor-version":[{"id":38961,"href":"https:\/\/www.regioncuatronoticias.com\/index.php\/wp-json\/wp\/v2\/posts\/38959\/revisions\/38961"}],"wp:featuredmedia":[{"embeddable":true,"href":"https:\/\/www.regioncuatronoticias.com\/index.php\/wp-json\/wp\/v2\/media\/38960"}],"wp:attachment":[{"href":"https:\/\/www.regioncuatronoticias.com\/index.php\/wp-json\/wp\/v2\/media?parent=38959"}],"wp:term":[{"taxonomy":"category","embeddable":true,"href":"https:\/\/www.regioncuatronoticias.com\/index.php\/wp-json\/wp\/v2\/categories?post=38959"},{"taxonomy":"post_tag","embeddable":true,"href":"https:\/\/www.regioncuatronoticias.com\/index.php\/wp-json\/wp\/v2\/tags?post=38959"}],"curies":[{"name":"wp","href":"https:\/\/api.w.org\/{rel}","templated":true}]}}