{"id":38950,"date":"2026-03-04T22:03:43","date_gmt":"2026-03-05T05:03:43","guid":{"rendered":"https:\/\/www.regioncuatronoticias.com\/?p=38950"},"modified":"2026-03-04T22:03:50","modified_gmt":"2026-03-05T05:03:50","slug":"hay-un-plan-b-por-si-la-reforma-electoral-es-rechazada-ignacio-mier","status":"publish","type":"post","link":"https:\/\/www.regioncuatronoticias.com\/index.php\/2026\/03\/04\/hay-un-plan-b-por-si-la-reforma-electoral-es-rechazada-ignacio-mier\/","title":{"rendered":"Hay un \u201cPlan B\u201d por si la reforma electoral es rechazada: Ignacio Mier"},"content":{"rendered":"\n<p><strong>El presidente de la Jucopo en el Senado descart\u00f3 que se rompa la alianza oficialista en caso de que el PT y el PVEM no apoyen la reforma.<\/strong><\/p>\n\n\n\n<p>Tomado de Proceso<\/p>\n\n\n\n<p>&nbsp;Juan Carlos Cort\u00e9s<\/p>\n\n\n\n<p>Mi\u00e9rcoles 4 de marzo de 2026<\/p>\n\n\n\n<p>CIUDAD DE M\u00c9XICO (apro).- El presidente de la Junta de Coordinaci\u00f3n Pol\u00edtica (Jucopo) en el Senado, Ignacio Mier, afirm\u00f3 que la presidenta de M\u00e9xico tiene un &#8220;Plan B&#8221;en caso de que no se apruebe su propuesta de reforma electoral en el Congreso.&nbsp;<\/p>\n\n\n\n<p>Minutos antes de que llegara la iniciativa de reforma electoral a San L\u00e1zaro, el senador de Morena explic\u00f3 que el &#8220;Plan B\u201d tiene que ver con reformas constitucionales.&nbsp;<\/p>\n\n\n\n<p>\u201cHay un Plan B de la presidenta de M\u00e9xico y ella lo va a presentar&#8230; Hay que esperar. Es un Plan B y, no, seguramente tienen que ser reformas constitucionales\u201d, detall\u00f3.&nbsp;<\/p>\n\n\n\n<p>El coordinador de la bancada morenista afirm\u00f3 que, si no llegan a un acuerdo con los partidos aliados para la aprobaci\u00f3n de la iniciativa electoral, la coalici\u00f3n no se romper\u00eda.&nbsp;<\/p>\n\n\n\n<p>\u201cNosotros, una diferencia frente a much\u00edsimas coincidencias, y nos unen las coincidencias y el mismo programa con una diferencia. Entonces, una diferencia no rompe una coalici\u00f3n que le ha dado mucho beneficio a M\u00e9xico\u201d, puntualiz\u00f3.<\/p>\n\n\n\n<p><a href=\"https:\/\/www.proceso.com.mx\/nacional\/politica\/2026\/3\/4\/hay-un-plan-b-por-si-es-rechazada-la-reforma-electoral-dice-ignacio-mier-369630.html\">https:\/\/www.proceso.com.mx\/nacional\/politica\/2026\/3\/4\/hay-un-plan-b-por-si-es-rechazada-la-reforma-electoral-dice-ignacio-mier-369630.html<\/a><\/p>\n","protected":false},"excerpt":{"rendered":"<p>El presidente de la Jucopo en el Senado descart\u00f3 que se rompa la alianza oficialista en caso de que el PT y el PVEM no apoyen la reforma. Tomado de Proceso &nbsp;Juan Carlos Cort\u00e9s Mi\u00e9rcoles 4 de marzo de 2026 CIUDAD DE M\u00c9XICO (apro).- El presidente de la Junta de Coordinaci\u00f3n Pol\u00edtica (Jucopo) en el [&hellip;]<\/p>\n","protected":false},"author":1,"featured_media":38951,"comment_status":"open","ping_status":"open","sticky":false,"template":"","format":"standard","meta":{"content-type":"","footnotes":""},"categories":[3,115,105],"tags":[],"class_list":{"0":"post-38950","1":"post","2":"type-post","3":"status-publish","4":"format-standard","5":"has-post-thumbnail","7":"category-mexico","8":"category-politica","9":"category-principal"},"_links":{"self":[{"href":"https:\/\/www.regioncuatronoticias.com\/index.php\/wp-json\/wp\/v2\/posts\/38950","targetHints":{"allow":["GET"]}}],"collection":[{"href":"https:\/\/www.regioncuatronoticias.com\/index.php\/wp-json\/wp\/v2\/posts"}],"about":[{"href":"https:\/\/www.regioncuatronoticias.com\/index.php\/wp-json\/wp\/v2\/types\/post"}],"author":[{"embeddable":true,"href":"https:\/\/www.regioncuatronoticias.com\/index.php\/wp-json\/wp\/v2\/users\/1"}],"replies":[{"embeddable":true,"href":"https:\/\/www.regioncuatronoticias.com\/index.php\/wp-json\/wp\/v2\/comments?post=38950"}],"version-history":[{"count":1,"href":"https:\/\/www.regioncuatronoticias.com\/index.php\/wp-json\/wp\/v2\/posts\/38950\/revisions"}],"predecessor-version":[{"id":38952,"href":"https:\/\/www.regioncuatronoticias.com\/index.php\/wp-json\/wp\/v2\/posts\/38950\/revisions\/38952"}],"wp:featuredmedia":[{"embeddable":true,"href":"https:\/\/www.regioncuatronoticias.com\/index.php\/wp-json\/wp\/v2\/media\/38951"}],"wp:attachment":[{"href":"https:\/\/www.regioncuatronoticias.com\/index.php\/wp-json\/wp\/v2\/media?parent=38950"}],"wp:term":[{"taxonomy":"category","embeddable":true,"href":"https:\/\/www.regioncuatronoticias.com\/index.php\/wp-json\/wp\/v2\/categories?post=38950"},{"taxonomy":"post_tag","embeddable":true,"href":"https:\/\/www.regioncuatronoticias.com\/index.php\/wp-json\/wp\/v2\/tags?post=38950"}],"curies":[{"name":"wp","href":"https:\/\/api.w.org\/{rel}","templated":true}]}}