{"id":38731,"date":"2026-02-25T23:56:14","date_gmt":"2026-02-26T06:56:14","guid":{"rendered":"https:\/\/www.regioncuatronoticias.com\/?p=38731"},"modified":"2026-02-25T23:56:19","modified_gmt":"2026-02-26T06:56:19","slug":"violencia-tras-muerte-de-el-mencho-golpea-a-un-millon-de-empresas-y-genera-perdidas-por-2000-mdp","status":"publish","type":"post","link":"https:\/\/www.regioncuatronoticias.com\/index.php\/2026\/02\/25\/violencia-tras-muerte-de-el-mencho-golpea-a-un-millon-de-empresas-y-genera-perdidas-por-2000-mdp\/","title":{"rendered":"Violencia tras muerte de \u201cEl Mencho\u201d golpea a un mill\u00f3n de empresas y genera p\u00e9rdidas por 2,000 mdp"},"content":{"rendered":"\n<p><strong>La Concanaco plante\u00f3 que, si se logran debilitar las estructuras delictivas, escenarios de referencia contemplan una posible reducci\u00f3n de 10% y 20% en extorsi\u00f3n y otros delitos en zonas de alta presi\u00f3n.&nbsp;<\/strong><\/p>\n\n\n\n<p>Tomado de Proceso<\/p>\n\n\n\n<p>Camila Ayala Espinosa<\/p>\n\n\n\n<p>mi\u00e9rcoles, 25 de febrero de 2026 \u00b7 16:01<\/p>\n\n\n\n<p>CIUDAD DE M\u00c9XICO (apro).- Los bloqueos y actos vand\u00e1licos registrados tras la muerte de Nemesio Oseguera, alias \u201cEl Mencho\u201d, l\u00edder del C\u00e1rtel Jalisco Nueva Generaci\u00f3n (CJNG), afectaron a un mill\u00f3n de establecimientos comerciales, con un costo econ\u00f3mico aproximado de 2 mil millones de pesos.<\/p>\n\n\n\n<p>En conferencia de prensa, el presidente de la Confederaci\u00f3n de C\u00e1maras Nacionales de Comercio, Servicios y Turismo (Concanaco-Servytur), Octavio de la Torre, explic\u00f3 que se trata de una estimaci\u00f3n preliminar de las afectaciones, concentradas principalmente en las zonas del Baj\u00edo-Occidente y parte del Centro del pa\u00eds, regiones que concentran corredores industriales, log\u00edstica comercial y un alto volumen de peque\u00f1as y medianas empresas.&nbsp;<\/p>\n\n\n\n<p>El impacto tambi\u00e9n afect\u00f3 al empleo vinculado. Seg\u00fan la Confederaci\u00f3n, la afectaci\u00f3n alcanz\u00f3 a 4.8 millones de personas relacionadas con la actividad econ\u00f3mica de la zona, adem\u00e1s que, podr\u00eda registrarse una desestabilizaci\u00f3n temporal durante semanas o meses.&nbsp;<\/p>\n\n\n\n<p>El presidente de Concanaco subray\u00f3 que este episodio es parte de una problem\u00e1tica, la inseguridad genera un costo total de 124.3 mil millones de pesos anuales, equivalente a 0.51% del PIB, de los cuales 54% corresponde a gasto preventivo y 46% a p\u00e9rdidas econ\u00f3micas directas.&nbsp;<\/p>\n\n\n\n<p>\u201cLa extorsi\u00f3n es presi\u00f3n directa sobre la operaci\u00f3n: cobros, amenazas y condicionamientos que obligan a ajustar horarios, reducir inventarios, cancelar rutas o frenar inversiones, con efectos en cierres temporales, menor contrataci\u00f3n y mayores gastos de protecci\u00f3n\u201d, coment\u00f3.<\/p>\n\n\n\n<p>De hecho, la extorsi\u00f3n representa aproximadamente el 30% de los delitos reportados por empresas, seg\u00fan la Confederaci\u00f3n.<\/p>\n\n\n\n<p>&nbsp;<strong>Beneficios de terminar con el clima de inseguridad<\/strong><\/p>\n\n\n\n<p>&nbsp;La Concanaco plante\u00f3 que, si se logran debilitar las estructuras delictivas, escenarios de referencia contemplan una posible reducci\u00f3n de 10% y 20% en extorsi\u00f3n y otros delitos en zonas de alta presi\u00f3n.&nbsp;<\/p>\n\n\n\n<p>\u201cComo orden de magnitud, esto podr\u00eda representar hasta 18.6 mil millones de pesos al a\u00f1o como disminuci\u00f3n del costo delictivo para las empresas (equivalente a 0.08% del PIB), sujeto a mediciones oficiales y verificaci\u00f3n en campo\u201d, coment\u00f3.<\/p>\n\n\n\n<p><a href=\"https:\/\/www.proceso.com.mx\/economia\/2026\/2\/25\/violencia-tras-muerte-de-el-mencho-golpea-un-millon-de-empresas-genera-perdidas-por-mil-mdp-369156.html\">https:\/\/www.proceso.com.mx\/economia\/2026\/2\/25\/violencia-tras-muerte-de-el-mencho-golpea-un-millon-de-empresas-genera-perdidas-por-mil-mdp-369156.html<\/a><\/p>\n","protected":false},"excerpt":{"rendered":"<p>La Concanaco plante\u00f3 que, si se logran debilitar las estructuras delictivas, escenarios de referencia contemplan una posible reducci\u00f3n de 10% y 20% en extorsi\u00f3n y otros delitos en zonas de alta presi\u00f3n.&nbsp; Tomado de Proceso Camila Ayala Espinosa mi\u00e9rcoles, 25 de febrero de 2026 \u00b7 16:01 CIUDAD DE M\u00c9XICO (apro).- Los bloqueos y actos vand\u00e1licos [&hellip;]<\/p>\n","protected":false},"author":1,"featured_media":38732,"comment_status":"open","ping_status":"open","sticky":false,"template":"","format":"standard","meta":{"content-type":"","footnotes":""},"categories":[114,2,105],"tags":[],"class_list":{"0":"post-38731","1":"post","2":"type-post","3":"status-publish","4":"format-standard","5":"has-post-thumbnail","7":"category-economia","8":"category-negocios","9":"category-principal"},"_links":{"self":[{"href":"https:\/\/www.regioncuatronoticias.com\/index.php\/wp-json\/wp\/v2\/posts\/38731","targetHints":{"allow":["GET"]}}],"collection":[{"href":"https:\/\/www.regioncuatronoticias.com\/index.php\/wp-json\/wp\/v2\/posts"}],"about":[{"href":"https:\/\/www.regioncuatronoticias.com\/index.php\/wp-json\/wp\/v2\/types\/post"}],"author":[{"embeddable":true,"href":"https:\/\/www.regioncuatronoticias.com\/index.php\/wp-json\/wp\/v2\/users\/1"}],"replies":[{"embeddable":true,"href":"https:\/\/www.regioncuatronoticias.com\/index.php\/wp-json\/wp\/v2\/comments?post=38731"}],"version-history":[{"count":1,"href":"https:\/\/www.regioncuatronoticias.com\/index.php\/wp-json\/wp\/v2\/posts\/38731\/revisions"}],"predecessor-version":[{"id":38733,"href":"https:\/\/www.regioncuatronoticias.com\/index.php\/wp-json\/wp\/v2\/posts\/38731\/revisions\/38733"}],"wp:featuredmedia":[{"embeddable":true,"href":"https:\/\/www.regioncuatronoticias.com\/index.php\/wp-json\/wp\/v2\/media\/38732"}],"wp:attachment":[{"href":"https:\/\/www.regioncuatronoticias.com\/index.php\/wp-json\/wp\/v2\/media?parent=38731"}],"wp:term":[{"taxonomy":"category","embeddable":true,"href":"https:\/\/www.regioncuatronoticias.com\/index.php\/wp-json\/wp\/v2\/categories?post=38731"},{"taxonomy":"post_tag","embeddable":true,"href":"https:\/\/www.regioncuatronoticias.com\/index.php\/wp-json\/wp\/v2\/tags?post=38731"}],"curies":[{"name":"wp","href":"https:\/\/api.w.org\/{rel}","templated":true}]}}