{"id":38728,"date":"2026-02-25T23:48:23","date_gmt":"2026-02-26T06:48:23","guid":{"rendered":"https:\/\/www.regioncuatronoticias.com\/?p=38728"},"modified":"2026-02-25T23:57:18","modified_gmt":"2026-02-26T06:57:18","slug":"crecimiento-de-mexico-en-2025-por-debajo-de-lo-que-necesitamos-shcp","status":"publish","type":"post","link":"https:\/\/www.regioncuatronoticias.com\/index.php\/2026\/02\/25\/crecimiento-de-mexico-en-2025-por-debajo-de-lo-que-necesitamos-shcp\/","title":{"rendered":"Crecimiento de M\u00e9xico en 2025, \u201cpor debajo de lo que necesitamos, requerimos y queremos\u201d:  SHCP"},"content":{"rendered":"\n<p><strong>Inicio de la convocatoria del Programa Proyectos Ciudadanos de la Impulsora de Innovaci\u00f3n M\u00e9xico, en la capital del pa\u00eds, el 25 de febrero de 2026.<\/strong><\/p>\n\n\n\n<p>Tomado de La Jornada&nbsp;&nbsp;&nbsp;<\/p>\n\n\n\n<p>Dora Villanueva<\/p>\n\n\n\n<p>Mi\u00e9rcoles 25 de febrero de 2026<\/p>\n\n\n\n<p>Ciudad de M\u00e9xico. El crecimiento de la econom\u00eda mexicana en 2025 result\u00f3 \u201cmodesto, por debajo de lo que necesitamos, por debajo de lo que requerimos y queremos\u201d, reconoci\u00f3 el secretario de Hacienda y Cr\u00e9dito P\u00fablico, \u00c9dgar Amador Zamora, durante la presentaci\u00f3n de la plataforma Impulsora de Innovaci\u00f3n.<\/p>\n\n\n\n<p>El lunes, el Instituto Nacional de Estad\u00edstica y Geograf\u00eda (Inegi), inform\u00f3 que el crecimiento de 2025 fue de 0.8 por ciento real en cifras desestacionalizadas, con el sector industrial como el principal lastre. De hecho, las actividades secundarias cayeron 1.1 por ciento, mientras las primarias avanzaron 4 por ciento y las de servicios lo hicieron 1.5 por ciento.<\/p>\n\n\n\n<p>El secretario de Hacienda sostuvo que si bien el crecimiento del a\u00f1o pasado no cumpli\u00f3 con las expectativas, la propia dependencia estim\u00f3 un avance en un rango de 0.5 a 1.5 por ciento, tampoco qued\u00f3 en los \u201cominosos pron\u00f3sticos\u201d. A principios de 2025, el mercado y organismos financieros internacionales llegaron a estimar una contracci\u00f3n de la econom\u00eda.<\/p>\n\n\n\n<p>Durante la presentaci\u00f3n de Impulsora de Innovaci\u00f3n \u2014un proyecto lanzado por Fondo de Fondos, Nacional Financiera y Banco Nacional de Comercio Exterior\u2014, el secretario asegur\u00f3 que al margen de la debilidad de la econom\u00eda en general, se mostr\u00f3 \u201cla tremenda capacidad del sector industrial mexicano para poder posicionarse como el principal socio comercial de los Estados Unidos, tanto como comprador, como vendedor\u201d.<\/p>\n\n\n\n<p><a href=\"https:\/\/www.jornada.com.mx\/noticia\/2026\/02\/25\/economia\/hacienda-crecimiento-de-2025-por-debajo-de-lo-que-necesitamos\">https:\/\/www.jornada.com.mx\/noticia\/2026\/02\/25\/economia\/hacienda-crecimiento-de-2025-por-debajo-de-lo-que-necesitamos<\/a><\/p>\n","protected":false},"excerpt":{"rendered":"<p>Inicio de la convocatoria del Programa Proyectos Ciudadanos de la Impulsora de Innovaci\u00f3n M\u00e9xico, en la capital del pa\u00eds, el 25 de febrero de 2026. Tomado de La Jornada&nbsp;&nbsp;&nbsp; Dora Villanueva Mi\u00e9rcoles 25 de febrero de 2026 Ciudad de M\u00e9xico. El crecimiento de la econom\u00eda mexicana en 2025 result\u00f3 \u201cmodesto, por debajo de lo que [&hellip;]<\/p>\n","protected":false},"author":1,"featured_media":38729,"comment_status":"open","ping_status":"open","sticky":false,"template":"","format":"standard","meta":{"content-type":"","footnotes":""},"categories":[114,3,105],"tags":[],"class_list":{"0":"post-38728","1":"post","2":"type-post","3":"status-publish","4":"format-standard","5":"has-post-thumbnail","7":"category-economia","8":"category-mexico","9":"category-principal"},"_links":{"self":[{"href":"https:\/\/www.regioncuatronoticias.com\/index.php\/wp-json\/wp\/v2\/posts\/38728","targetHints":{"allow":["GET"]}}],"collection":[{"href":"https:\/\/www.regioncuatronoticias.com\/index.php\/wp-json\/wp\/v2\/posts"}],"about":[{"href":"https:\/\/www.regioncuatronoticias.com\/index.php\/wp-json\/wp\/v2\/types\/post"}],"author":[{"embeddable":true,"href":"https:\/\/www.regioncuatronoticias.com\/index.php\/wp-json\/wp\/v2\/users\/1"}],"replies":[{"embeddable":true,"href":"https:\/\/www.regioncuatronoticias.com\/index.php\/wp-json\/wp\/v2\/comments?post=38728"}],"version-history":[{"count":2,"href":"https:\/\/www.regioncuatronoticias.com\/index.php\/wp-json\/wp\/v2\/posts\/38728\/revisions"}],"predecessor-version":[{"id":38734,"href":"https:\/\/www.regioncuatronoticias.com\/index.php\/wp-json\/wp\/v2\/posts\/38728\/revisions\/38734"}],"wp:featuredmedia":[{"embeddable":true,"href":"https:\/\/www.regioncuatronoticias.com\/index.php\/wp-json\/wp\/v2\/media\/38729"}],"wp:attachment":[{"href":"https:\/\/www.regioncuatronoticias.com\/index.php\/wp-json\/wp\/v2\/media?parent=38728"}],"wp:term":[{"taxonomy":"category","embeddable":true,"href":"https:\/\/www.regioncuatronoticias.com\/index.php\/wp-json\/wp\/v2\/categories?post=38728"},{"taxonomy":"post_tag","embeddable":true,"href":"https:\/\/www.regioncuatronoticias.com\/index.php\/wp-json\/wp\/v2\/tags?post=38728"}],"curies":[{"name":"wp","href":"https:\/\/api.w.org\/{rel}","templated":true}]}}