{"id":38725,"date":"2026-02-25T23:23:30","date_gmt":"2026-02-26T06:23:30","guid":{"rendered":"https:\/\/www.regioncuatronoticias.com\/?p=38725"},"modified":"2026-02-25T23:23:34","modified_gmt":"2026-02-26T06:23:34","slug":"reforma-electoral-es-una-regresion-de-45-anos-pone-en-riesgo-imparcialidad-consejeros-del-ine","status":"publish","type":"post","link":"https:\/\/www.regioncuatronoticias.com\/index.php\/2026\/02\/25\/reforma-electoral-es-una-regresion-de-45-anos-pone-en-riesgo-imparcialidad-consejeros-del-ine\/","title":{"rendered":"Reforma electoral es una \u2018regresi\u00f3n\u2019 de 45 a\u00f1os; \u2018pone en riesgo imparcialidad\u2019: Consejeros del INE"},"content":{"rendered":"\n<p><strong>-La consejera Dania Ravel afirm\u00f3 que la contrataci\u00f3n de personal temporal para las juntas distritales del INE ser\u00eda un golpe para elecciones propuesto en la reforma electoral.<\/strong><\/p>\n\n\n\n<p><strong>-Tambi\u00e9n se aval\u00f3 el monto de 4 mil 620 millones para organizar consultas populares<\/strong><\/p>\n\n\n\n<p>Tomado de El Financiero<\/p>\n\n\n\n<p>Fernando Merino<\/p>\n\n\n\n<p>Mi\u00e9rcoles 25 de febrero de 2026<\/p>\n\n\n\n<p>Eliminar la permanencia de las 300 Juntas Distritales del Instituto Nacional Electoral (INE) como propone la reforma electoral representar\u00eda una regresi\u00f3n de 45 a\u00f1os y pondr\u00eda en riesgo la imparcialidad con la que debe conducirse el \u00e1rbitro electoral, advirtieron los consejeros Jaime Rivera y Dania Ravel.<\/p>\n\n\n\n<p>Luego de darse a conocer la propuesta de la presidenta Claudia Sheinbuam y la Comisi\u00f3n para dicho fin, el consejero Rivera rechaz\u00f3 la eliminaci\u00f3n de la permanencia de las juntas y afirm\u00f3 que con la decisi\u00f3n se regresar\u00eda a los comit\u00e9s electorales temporales que funcionaban en la d\u00e9cada de los 80, los cuales dijo no son el mejor mecanismo para elecciones confiables.<\/p>\n\n\n\n<p>\u201cEl mejor mecanismo para organizar elecciones imparciales, eficientes y confiables son las juntas distritales permanentes integradas por profesionales de carrera, como hoy existen. Volver a los comit\u00e9s electorales temporales ser\u00eda una regresi\u00f3n de 45 a\u00f1os\u201d, advirti\u00f3 el consejero.<\/p>\n\n\n\n<p><strong>\u00bfPor qu\u00e9 consejeros del INE rechazan reforma electoral de Sheinbaum?<\/strong><\/p>\n\n\n\n<p>La consejera Dania Ravel afirm\u00f3 en entrevista con El Financiero que la contrataci\u00f3n de personal temporal para las juntas distritales no s\u00f3lo ser\u00eda un golpe a la especializaci\u00f3n necesaria para elecciones de calidad sino que tambi\u00e9n pone en riesgo la imparcialidad con la que tiene que actuar la autoridad electoral, pues abrir\u00eda la puerta a que ingresen al INE personas con afinidad partidista.<\/p>\n\n\n\n<p>\u201cEs fundamental que permanezcan y hablando incluso en temas de equidad en la contienda y de que podamos garantizar un \u00e1rbitro imparcial, pues el tema de tener a personas que est\u00e9n de manera permanente trabajando en las juntas.<\/p>\n\n\n\n<p>\u201cEvita que en cada proceso electoral tengan que hacer contrataciones eventuales y que a lo mejor no solamente lleguen personas que no tengan ese nivel de especializaci\u00f3n y conocimiento, sino a la mejor persona que puedan tener alg\u00fan inter\u00e9s partidista y que entonces pueda hacer que esto ponga en riesgo la imparcialidad con la que tiene que actuar la autoridad electoral\u201d, dijo.<\/p>\n\n\n\n<p>Ravel precis\u00f3 que en las juntas del INE laboran cerca de 13 mil personas y su despido para la contrataci\u00f3n de eventuales significar\u00eda una carga presupuestal importante para el \u00e1rbitro electoral que tendr\u00eda que contemplarse en la discusi\u00f3n.<\/p>\n\n\n\n<p>\u201cTambi\u00e9n habr\u00eda que ver, pues el tema de sus derechos laborales. Hay personas que llevan mucho tiempo trabajando aqu\u00ed y por supuesto que eso implicar\u00eda una presi\u00f3n presupuestal para el instituto, para darle lo que les corresponda de compensaci\u00f3n o liquidaci\u00f3n\u201d, dijo.<\/p>\n\n\n\n<p>La consejera Ravel tambi\u00e9n rechaz\u00f3 el recorte del 25 por ciento propuesto para el INE, pues no se disminuyen las tareas que tiene encomendadas, y exigi\u00f3 al Congreso incluir a los consejeros electorales en la discusi\u00f3n para que puedan exponer la importancia de las juntas distritales y qu\u00e9 hacen con cada peso de presupuesto que reciben.<\/p>\n\n\n\n<p><a href=\"https:\/\/www.elfinanciero.com.mx\/nacional\/2026\/02\/25\/reforma-electoral-es-una-regresion-de-45-anos-pone-en-riesgo-imparcialidad-dicen-consejeros-del-ine\">https:\/\/www.elfinanciero.com.mx\/nacional\/2026\/02\/25\/reforma-electoral-es-una-regresion-de-45-anos-pone-en-riesgo-imparcialidad-dicen-consejeros-del-ine<\/a><\/p>\n","protected":false},"excerpt":{"rendered":"<p>-La consejera Dania Ravel afirm\u00f3 que la contrataci\u00f3n de personal temporal para las juntas distritales del INE ser\u00eda un golpe para elecciones propuesto en la reforma electoral. -Tambi\u00e9n se aval\u00f3 el monto de 4 mil 620 millones para organizar consultas populares Tomado de El Financiero Fernando Merino Mi\u00e9rcoles 25 de febrero de 2026 Eliminar la [&hellip;]<\/p>\n","protected":false},"author":1,"featured_media":38726,"comment_status":"open","ping_status":"open","sticky":false,"template":"","format":"standard","meta":{"content-type":"","footnotes":""},"categories":[3,115,105],"tags":[],"class_list":{"0":"post-38725","1":"post","2":"type-post","3":"status-publish","4":"format-standard","5":"has-post-thumbnail","7":"category-mexico","8":"category-politica","9":"category-principal"},"_links":{"self":[{"href":"https:\/\/www.regioncuatronoticias.com\/index.php\/wp-json\/wp\/v2\/posts\/38725","targetHints":{"allow":["GET"]}}],"collection":[{"href":"https:\/\/www.regioncuatronoticias.com\/index.php\/wp-json\/wp\/v2\/posts"}],"about":[{"href":"https:\/\/www.regioncuatronoticias.com\/index.php\/wp-json\/wp\/v2\/types\/post"}],"author":[{"embeddable":true,"href":"https:\/\/www.regioncuatronoticias.com\/index.php\/wp-json\/wp\/v2\/users\/1"}],"replies":[{"embeddable":true,"href":"https:\/\/www.regioncuatronoticias.com\/index.php\/wp-json\/wp\/v2\/comments?post=38725"}],"version-history":[{"count":1,"href":"https:\/\/www.regioncuatronoticias.com\/index.php\/wp-json\/wp\/v2\/posts\/38725\/revisions"}],"predecessor-version":[{"id":38727,"href":"https:\/\/www.regioncuatronoticias.com\/index.php\/wp-json\/wp\/v2\/posts\/38725\/revisions\/38727"}],"wp:featuredmedia":[{"embeddable":true,"href":"https:\/\/www.regioncuatronoticias.com\/index.php\/wp-json\/wp\/v2\/media\/38726"}],"wp:attachment":[{"href":"https:\/\/www.regioncuatronoticias.com\/index.php\/wp-json\/wp\/v2\/media?parent=38725"}],"wp:term":[{"taxonomy":"category","embeddable":true,"href":"https:\/\/www.regioncuatronoticias.com\/index.php\/wp-json\/wp\/v2\/categories?post=38725"},{"taxonomy":"post_tag","embeddable":true,"href":"https:\/\/www.regioncuatronoticias.com\/index.php\/wp-json\/wp\/v2\/tags?post=38725"}],"curies":[{"name":"wp","href":"https:\/\/api.w.org\/{rel}","templated":true}]}}