{"id":38530,"date":"2026-02-19T20:18:49","date_gmt":"2026-02-20T03:18:49","guid":{"rendered":"https:\/\/www.regioncuatronoticias.com\/?p=38530"},"modified":"2026-02-19T20:18:53","modified_gmt":"2026-02-20T03:18:53","slug":"economia-sonorense-crecimiento-de-elite-estancamiento-de-a-pie","status":"publish","type":"post","link":"https:\/\/www.regioncuatronoticias.com\/index.php\/2026\/02\/19\/economia-sonorense-crecimiento-de-elite-estancamiento-de-a-pie\/","title":{"rendered":"Econom\u00eda sonorense: crecimiento de \u00e9lite, estancamiento de a pie"},"content":{"rendered":"\n<p><strong>Columna Olor A Dinero<\/strong><\/p>\n\n\n\n<p><strong>Feliciano J. Espriella<\/strong><\/p>\n\n\n\n<p><strong>Econom\u00eda sonorense: crecimiento de \u00e9lite, estancamiento de a pie<\/strong><\/p>\n\n\n\n<p><strong>Viernes 20 de febrero de 2026<\/strong><\/p>\n\n\n\n<p>El dinamismo exportador oculta una econom\u00eda interna debilitada. La miner\u00eda vive un repunte hist\u00f3rico, pero el campo y el consumo local muestran se\u00f1ales de alarma.<\/p>\n\n\n\n<p>Sonora presume crecimiento. El discurso oficial habla de dinamismo exportador, r\u00e9cord de manufacturas y oportunidades derivadas del nearshoring. Todo eso es cierto\u2026 pero incompleto. Tras la narrativa luminosa se esconde una econom\u00eda interna debilitada, un campo bajo presi\u00f3n clim\u00e1tica y un mercado laboral que avanza a dos velocidades. La discusi\u00f3n no es si Sonora crece, sino qui\u00e9n est\u00e1 creciendo, y sobre todo, qui\u00e9n se est\u00e1 quedando fuera.<\/p>\n\n\n\n<p>El impulso exportador es innegable. La industria aeroespacial y la manufactura de alta precisi\u00f3n consolidan a Sonora en los mapas internacionales. El sector automotriz \u2014con plantas como Ford Hermosillo\u2014 mantiene un ritmo competitivo, mientras los parques industriales viven una ocupaci\u00f3n cercana al l\u00edmite. Nearshoring no es promesa: es realidad. La frontera norte se ha convertido en una extensi\u00f3n funcional de Estados Unidos, con m\u00e1s proveedores, m\u00e1s log\u00edstica y m\u00e1s presi\u00f3n sobre infraestructura.<\/p>\n\n\n\n<p>A este dinamismo se suma un actor que vuelve a brillar: la miner\u00eda. Sonora no solo encabeza la producci\u00f3n nacional de cobre; tambi\u00e9n recupera protagonismo en oro y plata, hoy en auge global como refugios financieros. El repunte de precios y la expansi\u00f3n de proyectos reafirman un liderazgo hist\u00f3rico que muchos daban por estable, pero que ahora se acelera. La miner\u00eda vuelve a mover la aguja y, junto con el sector aeroespacial, coloca a Sonora en un sitio estrat\u00e9gico del mapa econ\u00f3mico nacional.<\/p>\n\n\n\n<p>Pero esa es solo la mitad del cuadro. El mercado interno no experimenta el mismo dinamismo. Comercio y servicios avanzan lentamente. La raz\u00f3n es simple: los salarios elevados del sector global no son la norma. La mayor parte de la poblaci\u00f3n trabaja en actividades con ingresos modestos, insuficientes frente al alto costo de la vida en ciudades como Hermosillo, donde vivienda, energ\u00eda y transporte absorben buena parte del ingreso. La econom\u00eda interna se mantiene fr\u00e1gil porque las ganancias del nearshoring no han permeado al consumo local.<\/p>\n\n\n\n<p>El campo vive su propia tormenta. El invierno anormalmente caluroso est\u00e1 poniendo en riesgo cultivos emblem\u00e1ticos:<\/p>\n\n\n\n<p>\u00b7 La uva de mesa enfrenta menor acumulaci\u00f3n de horas fr\u00edo.<\/p>\n\n\n\n<p>\u00b7 Los frutales muestran brotaciones desfasadas, vulnerables a plagas.<\/p>\n\n\n\n<p>\u00b7 El trigo podr\u00eda registrar menores rendimientos si persiste la variabilidad t\u00e9rmica.<\/p>\n\n\n\n<p>En agricultura, un invierno c\u00e1lido no es alivio: es advertencia. Y cuando el clima cambia m\u00e1s r\u00e1pido que la capacidad de adaptaci\u00f3n, la incertidumbre se convierte en regla.<\/p>\n\n\n\n<p>A esto se suma una decisi\u00f3n externa con impacto local: el cierre temporal de la frontera para la exportaci\u00f3n de ganado hacia Estados Unidos. La medida ha frenado a miles de peque\u00f1os y medianos productores, generando p\u00e9rdidas que no aparecen en los discursos oficiales. El comercio binacional es un ecosistema delicado: cuando se detiene, el da\u00f1o es acumulativo.<\/p>\n\n\n\n<p>En contraste, tres sectores s\u00ed est\u00e1n empujando la econom\u00eda: aeroespacial, miner\u00eda y log\u00edstica. El primero por su especializaci\u00f3n; el segundo por su renovado valor estrat\u00e9gico en cobre, oro y plata; el tercero porque el nearshoring exige m\u00e1s transporte, m\u00e1s aduanas operando y una red carretera que soporte la carga creciente. Pero estos sectores enfrentan tambi\u00e9n sus riesgos: infraestructura insuficiente, energ\u00eda cara y una brecha de talento t\u00e9cnico que comienza a sentirse.<\/p>\n\n\n\n<p>Lo que hoy vive Sonora es crecimiento sin derrame. La manufactura global no dialoga con el peque\u00f1o comercio. La miner\u00eda no genera cadenas de valor locales. La log\u00edstica avanza m\u00e1s r\u00e1pido que la planeaci\u00f3n estatal. El resultado es una econom\u00eda de \u00e9lite conviviendo con un estancamiento silencioso.<\/p>\n\n\n\n<p>\u00bfQu\u00e9 hacer? En el mediano plazo, urge reconvertir el campo hacia esquemas resistentes al clima, normalizar la exportaci\u00f3n de ganado con diplomacia econ\u00f3mica eficaz y crear incentivos para que m\u00e1s proveedores de la cadena exportadora se instalen en Sonora, no solo operen desde fuera. En el largo plazo, Sonora debe apostar por energ\u00eda barata \u2014aprovechando su potencial solar\u2014, salarios que fortalezcan el mercado interno y una diversificaci\u00f3n hacia sectores como dispositivos m\u00e9dicos, energ\u00edas limpias y semiconductores.<\/p>\n\n\n\n<p>Sonora no est\u00e1 inm\u00f3vil, pero tampoco vive un boom generalizado. Crece arriba, se estanca abajo. El desaf\u00edo es decidir si seguimos administrando la brecha\u2026 o si finalmente trabajamos para cerrarla.<\/p>\n\n\n\n<p>Me despido con un comercial: sintonicen a las 6:10 AM, \u201cLa Caliente\u201d 90.7 FM. El colega y amigo Jos\u00e9 \u00c1ngel Partida me abre un espacio en su noticiero en el que comentaremos con m\u00e1s detalle esta columna. \u00a1No se lo pierdan! Por hoy fue todo, gracias por su tolerancia y hasta la pr\u00f3xima<\/p>\n","protected":false},"excerpt":{"rendered":"<p>Columna Olor A Dinero Feliciano J. Espriella Econom\u00eda sonorense: crecimiento de \u00e9lite, estancamiento de a pie Viernes 20 de febrero de 2026 El dinamismo exportador oculta una econom\u00eda interna debilitada. La miner\u00eda vive un repunte hist\u00f3rico, pero el campo y el consumo local muestran se\u00f1ales de alarma. Sonora presume crecimiento. El discurso oficial habla de [&hellip;]<\/p>\n","protected":false},"author":1,"featured_media":38531,"comment_status":"open","ping_status":"open","sticky":false,"template":"","format":"standard","meta":{"content-type":"","footnotes":""},"categories":[127],"tags":[],"class_list":{"0":"post-38530","1":"post","2":"type-post","3":"status-publish","4":"format-standard","5":"has-post-thumbnail","7":"category-olor-a-dinero"},"_links":{"self":[{"href":"https:\/\/www.regioncuatronoticias.com\/index.php\/wp-json\/wp\/v2\/posts\/38530","targetHints":{"allow":["GET"]}}],"collection":[{"href":"https:\/\/www.regioncuatronoticias.com\/index.php\/wp-json\/wp\/v2\/posts"}],"about":[{"href":"https:\/\/www.regioncuatronoticias.com\/index.php\/wp-json\/wp\/v2\/types\/post"}],"author":[{"embeddable":true,"href":"https:\/\/www.regioncuatronoticias.com\/index.php\/wp-json\/wp\/v2\/users\/1"}],"replies":[{"embeddable":true,"href":"https:\/\/www.regioncuatronoticias.com\/index.php\/wp-json\/wp\/v2\/comments?post=38530"}],"version-history":[{"count":1,"href":"https:\/\/www.regioncuatronoticias.com\/index.php\/wp-json\/wp\/v2\/posts\/38530\/revisions"}],"predecessor-version":[{"id":38532,"href":"https:\/\/www.regioncuatronoticias.com\/index.php\/wp-json\/wp\/v2\/posts\/38530\/revisions\/38532"}],"wp:featuredmedia":[{"embeddable":true,"href":"https:\/\/www.regioncuatronoticias.com\/index.php\/wp-json\/wp\/v2\/media\/38531"}],"wp:attachment":[{"href":"https:\/\/www.regioncuatronoticias.com\/index.php\/wp-json\/wp\/v2\/media?parent=38530"}],"wp:term":[{"taxonomy":"category","embeddable":true,"href":"https:\/\/www.regioncuatronoticias.com\/index.php\/wp-json\/wp\/v2\/categories?post=38530"},{"taxonomy":"post_tag","embeddable":true,"href":"https:\/\/www.regioncuatronoticias.com\/index.php\/wp-json\/wp\/v2\/tags?post=38530"}],"curies":[{"name":"wp","href":"https:\/\/api.w.org\/{rel}","templated":true}]}}