{"id":3853,"date":"2023-12-22T00:12:55","date_gmt":"2023-12-22T07:12:55","guid":{"rendered":"https:\/\/www.regioncuatronoticias.com\/?p=3853"},"modified":"2023-12-22T00:12:57","modified_gmt":"2023-12-22T07:12:57","slug":"llego-la-fernandomania-a-sonora-fernando-valenzuela-visita-la-casa-de-naranjeros","status":"publish","type":"post","link":"https:\/\/www.regioncuatronoticias.com\/index.php\/2023\/12\/22\/llego-la-fernandomania-a-sonora-fernando-valenzuela-visita-la-casa-de-naranjeros\/","title":{"rendered":"Lleg\u00f3 la &#8220;Fernandoman\u00eda&#8221; a Sonora: Fernando Valenzuela visita la casa de Naranjeros"},"content":{"rendered":"\n<p>El hist\u00f3rico pelotero se dio cita en la casa de Naranjeros de Hermosillo, la cual ya lleva su nombre<\/p>\n\n\n\n<p>Tomado de El Sol de Hermosillo<\/p>\n\n\n\n<p>Francisco Hern\u00e1ndez<\/p>\n\n\n\n<p>Mi\u00e9rcoles 20 de diciembre del 2023<\/p>\n\n\n\n<p>Se lleg\u00f3 la fecha y, aunque el inmueble adopt\u00f3 el nombre de &#8220;Fernando Valenzuela&#8221; desde inicio de temporada, fue est\u00e1 noche de mi\u00e9rcoles 20 de diciembre, que el equipo lo pudo celebrar en compa\u00f1\u00eda de su gente.<\/p>\n\n\n\n<p>El homenaje se vivi\u00f3 durante la quinta entrada del tercer juego de la serie ante Mayos de Navojoa, donde estuvo presente el propio &#8220;Toro&#8221; Valenzuela, quien se reencontr\u00f3 con la afici\u00f3n sonorense que tantos a\u00f1os lo apoy\u00f3 a la distancia, levant\u00e1ndose temprano para sintonizar sus juegos.<\/p>\n\n\n\n<p>En su trayectoria, el creador de la &#8220;Fernandoman\u00eda&#8221;, dej\u00f3 un r\u00e9cord de 173-153 en Grandes Ligas, con una efectividad de 3.54, tras vestir la casaca de seis equipos en sus 17 a\u00f1os de carrera (Dodgers de Los \u00c1ngeles, California Angels, Orioles de Baltimore, Philadelphia Phillies, Padres de San Diego y Cardenales de San Luis).<\/p>\n\n\n\n<p>Por su parte, en el beisbol mexicano, jug\u00f3 para Mayos de Navojoa (equipo donde se form\u00f3), \u00c1guilas de Mexicali, en el invierno, as\u00ed como Tuzos de Guanajuato, Charros de Jaliaco y Leones de Yucat\u00e1n, en el verano; con Naranjeros de Hermosillo defendi\u00f3 los colores en una Serie del Caribe en el a\u00f1o 2001.<\/p>\n\n\n\n<p>Dentro sus logros m\u00e1s destacables, se encuentran seis juegos de estrellas en la MLB, premio al Novato del A\u00f1o y ganador del Cy Young por Liga Nacional en el a\u00f1o 1981, \u00fanico jugador en la historia de Grandes Ligas en ganar ambos laureles en la misma temporada, levantado el t\u00edtulo con Dodgers esa temporada; tambi\u00e9n logr\u00f3 un hist\u00f3rico juego &#8220;Sin hit ni carrera&#8221; en el a\u00f1o de 1990 ante Cardenales.<\/p>\n\n\n\n<p>Cabe se\u00f1alar que el sonorense es el \u00fanico jugador mexicano que tiene su n\u00famero retirado en un equipo de Grandes Ligas, pues su eterno #34 qued\u00f3 inmortalizado por Dodgers de Los \u00c1ngeles este mismo 2023.<\/p>\n\n\n\n<p>Fue el propio Fernando Valenzuela quien realiz\u00f3 el primer lanzamiento simb\u00f3lico, ceremonia que se realiz\u00f3 la finalizar la quinta entrada con los aplausos de la afici\u00f3n que se le rindi\u00f3 como jugador y hoy, como leyenda del beisbol mexicano y mundial.<\/p>\n\n\n\n<p>La afici\u00f3n no olvida<\/p>\n\n\n\n<p>El legado del ex lanzador es innegable dentro del beisbol mexicano, siendo el pelotero m\u00e1s exitoso y emblem\u00e1tico del pa\u00eds que jug\u00f3 en la &#8220;Gran Carpa&#8221; y eso lo hizo un \u00eddolo de la afici\u00f3n beisbolera.<\/p>\n\n\n\n<p>&#8220;Nos sentimos muy bien, muy felices por esto que est\u00e1 sucediendo, porque ya Fernando Valenzuela puso muy en alto el nombre de Navojoa y toda la regi\u00f3n del Mayo, entonces, es un merecido homenaje, no tanto que sea de los ac\u00e9rrimos rivales, sino que fue representante, en su momento, de todo el estado y todo el pa\u00eds&#8221;, coment\u00f3 Rub\u00e9n Salazar, aficionado a los Mayos de Navojoa.<\/p>\n\n\n\n<p>De igual manera, record\u00f3 lo que fue la &#8220;Fernandoman\u00eda&#8221;, un momento en el pa\u00eds que marc\u00f3 un antes y un despu\u00e9s en el beisbol mexicano y latinoamericano.<\/p>\n\n\n\n<p>&#8220;Fue algo muy bonito, fue el primer pitcher mexicano que logr\u00f3 esos triunfos en Grandes Ligas y cada vez que sub\u00eda a pitchear con Dodgers, est\u00e1bamos pegados a la televisi\u00f3n y est\u00e1bamos muy al pendiente de todos sus logros y sus triunfos&#8221;, se\u00f1al\u00f3.<\/p>\n\n\n\n<p>Al inmueble tambi\u00e9n recibi\u00f3 a viejos conocidos del ex serpentinero, tal cual es el caso del doctor Genaro Valerio, quien comparti\u00f3 con Fernando Valenzuela en Charros de Jalisco en 1992, cuando laboraba como m\u00e9dico del club tapatio.<\/p>\n\n\n\n<p>&#8220;Yo considero que est\u00e1 muy apropiado, porque es sonorense, aunque tuvimos a H\u00e9ctor Espino, pero no es sonorense; yo soy de Veracruz y el estadio se llama &#8216;Beto \u00c1vila &#8216;, porque fue el mejor jugador de all\u00ed que ha habido. Para nosotros, el ver pitchear a este muchacho de Etchohuaquila y verlo con ese gran equipo que ten\u00edan los Dodgers, recuerdo a todos esos jugadores&#8221;, afirm\u00f3.<\/p>\n\n\n\n<p>&#8220;Yo tengo dos (equipos), Dodgers en la Nacional por Fernando y mis Yankees de toda la vida (en la Americana), desde los seis a\u00f1os que me gusta el beisbol, tengo 75 a\u00f1os y para m\u00ed, fue una cosa que opaco a todos los jugadores. Es un gran hombre en todos los aspectos, muy recto en su vida, un hombre sin vicios, educado y que sali\u00f3 adelante&#8221;, agreg\u00f3.<\/p>\n\n\n\n<p>Estuvieron presentes los directivos de Naranjeros de Hermosillo: Enrique Maz\u00f3n y Pablo de la Pe\u00f1a, en compa\u00f1\u00eda del director de la Codeson Erubiel Durazo y el manager Mat\u00edas Carrillo.<\/p>\n\n\n\n<figure class=\"wp-block-embed\"><div class=\"wp-block-embed__wrapper\">\nhttps:\/\/www.elsoldehermosillo.com.mx\/deportes\/llego-la-fernandomania-a-sonora-fernando-valenzuela-visita-la-casa-de-naranjeros-11179359.html\n<\/div><\/figure>\n","protected":false},"excerpt":{"rendered":"<p>El hist\u00f3rico pelotero se dio cita en la casa de Naranjeros de Hermosillo, la cual ya lleva su nombre Tomado de El Sol de Hermosillo Francisco Hern\u00e1ndez Mi\u00e9rcoles 20 de diciembre del 2023 Se lleg\u00f3 la fecha y, aunque el inmueble adopt\u00f3 el nombre de &#8220;Fernando Valenzuela&#8221; desde inicio de temporada, fue est\u00e1 noche de [&hellip;]<\/p>\n","protected":false},"author":1,"featured_media":3854,"comment_status":"open","ping_status":"open","sticky":false,"template":"","format":"standard","meta":{"content-type":"","footnotes":""},"categories":[5,117,105],"tags":[],"class_list":{"0":"post-3853","1":"post","2":"type-post","3":"status-publish","4":"format-standard","5":"has-post-thumbnail","7":"category-deportes","8":"category-general","9":"category-principal"},"_links":{"self":[{"href":"https:\/\/www.regioncuatronoticias.com\/index.php\/wp-json\/wp\/v2\/posts\/3853","targetHints":{"allow":["GET"]}}],"collection":[{"href":"https:\/\/www.regioncuatronoticias.com\/index.php\/wp-json\/wp\/v2\/posts"}],"about":[{"href":"https:\/\/www.regioncuatronoticias.com\/index.php\/wp-json\/wp\/v2\/types\/post"}],"author":[{"embeddable":true,"href":"https:\/\/www.regioncuatronoticias.com\/index.php\/wp-json\/wp\/v2\/users\/1"}],"replies":[{"embeddable":true,"href":"https:\/\/www.regioncuatronoticias.com\/index.php\/wp-json\/wp\/v2\/comments?post=3853"}],"version-history":[{"count":1,"href":"https:\/\/www.regioncuatronoticias.com\/index.php\/wp-json\/wp\/v2\/posts\/3853\/revisions"}],"predecessor-version":[{"id":3855,"href":"https:\/\/www.regioncuatronoticias.com\/index.php\/wp-json\/wp\/v2\/posts\/3853\/revisions\/3855"}],"wp:featuredmedia":[{"embeddable":true,"href":"https:\/\/www.regioncuatronoticias.com\/index.php\/wp-json\/wp\/v2\/media\/3854"}],"wp:attachment":[{"href":"https:\/\/www.regioncuatronoticias.com\/index.php\/wp-json\/wp\/v2\/media?parent=3853"}],"wp:term":[{"taxonomy":"category","embeddable":true,"href":"https:\/\/www.regioncuatronoticias.com\/index.php\/wp-json\/wp\/v2\/categories?post=3853"},{"taxonomy":"post_tag","embeddable":true,"href":"https:\/\/www.regioncuatronoticias.com\/index.php\/wp-json\/wp\/v2\/tags?post=3853"}],"curies":[{"name":"wp","href":"https:\/\/api.w.org\/{rel}","templated":true}]}}