{"id":38499,"date":"2026-02-19T00:07:14","date_gmt":"2026-02-19T07:07:14","guid":{"rendered":"https:\/\/www.regioncuatronoticias.com\/?p=38499"},"modified":"2026-02-19T00:07:20","modified_gmt":"2026-02-19T07:07:20","slug":"cuando-la-memoria-se-convierte-en-arma-politica","status":"publish","type":"post","link":"https:\/\/www.regioncuatronoticias.com\/index.php\/2026\/02\/19\/cuando-la-memoria-se-convierte-en-arma-politica\/","title":{"rendered":"Cuando la memoria se convierte en arma pol\u00edtica"},"content":{"rendered":"\n<p><strong>Columna Olor a Dinero<\/strong><\/p>\n\n\n\n<p><strong>Feliciano J. Espriella<\/strong><\/p>\n\n\n\n<p><strong>Cuando la memoria se convierte en arma pol\u00edtica<\/strong><\/p>\n\n\n\n<p><strong>Jueves 19 de febrero de 2026<\/strong><\/p>\n\n\n\n<p>La publicaci\u00f3n de \u201cNi venganza ni perd\u00f3n\u201d reabre viejas controversias y confirma que, en pol\u00edtica, las memorias rara vez son inocentes: suelen ser piezas dentro de una disputa mayor.<\/p>\n\n\n\n<p>Un antiguo refr\u00e1n dice que basta una mordida para saber si una fruta est\u00e1 podrida. Pero hay ocasiones en que el olor es tan penetrante que ni siquiera hace falta probarla. El tufo basta.<\/p>\n\n\n\n<p>As\u00ed ocurre con el libro que comenz\u00f3 a circular hace unos d\u00edas bajo el sugestivo t\u00edtulo \u201cNi venganza ni perd\u00f3n\u201d. Yo no lo llamar\u00eda libro, sino libelo, porque reproduce tres rasgos cl\u00e1sicos: acusaciones sin sustento plenamente acreditado, intenci\u00f3n difamatoria y c\u00e1lculo pol\u00edtico evidente.<\/p>\n\n\n\n<p>Ante la pregunta de si ya le\u00ed la obra, mi respuesta coincide con la de la presidenta Claudia Sheinbaum: \u201cno lo he le\u00eddo ni lo voy a leer\u201d. No toda provocaci\u00f3n merece legitimaci\u00f3n. Hay textos cuyo prop\u00f3sito no es esclarecer, sino instalar sospechas. Y cuando la intenci\u00f3n es esa, la lectura se convierte en validaci\u00f3n.<\/p>\n\n\n\n<p>El hijo del recordado Julio Scherer Garc\u00eda decidi\u00f3 publicar esta obra en coautor\u00eda con Jorge Fern\u00e1ndez Men\u00e9ndez. M\u00e1s all\u00e1 del contenido espec\u00edfico, la sociedad elegida es en s\u00ed misma un posicionamiento pol\u00edtico. Fern\u00e1ndez Men\u00e9ndez ha sido identificado reiteradamente como un comunicador cercano al empresario Ricardo Salinas Pliego y como participante en foros internacionales de corte conservador, como la Conferencia de Acci\u00f3n Pol\u00edtica Conservadora (CPAC). Esa alineaci\u00f3n no es irrelevante en el contexto actual.<\/p>\n\n\n\n<p>Diversos analistas han interpretado la aparici\u00f3n del libro como parte de una estrategia narrativa que busca confrontar al proyecto pol\u00edtico de la llamada Cuarta Transformaci\u00f3n. No se trata de una discusi\u00f3n literaria, sino de una pieza insertada en el tablero pol\u00edtico rumbo a los pr\u00f3ximos a\u00f1os.<\/p>\n\n\n\n<p>En cuanto a Julio Scherer Ibarra, su paso por la Consejer\u00eda Jur\u00eddica de la Presidencia estuvo rodeado de controversias p\u00fablicas que en su momento fueron ampliamente difundidas. Se le se\u00f1al\u00f3 por la presunta existencia de \u201cdespachos sat\u00e9lite\u201d, integrados por abogados cercanos que supuestamente ofrec\u00edan mediaciones ante la Fiscal\u00eda General de la Rep\u00fablica o la Unidad de Inteligencia Financiera. Esos se\u00f1alamientos fueron negados por el propio Scherer, pero formaron parte del debate p\u00fablico durante meses.<\/p>\n\n\n\n<p>El caso del abogado Juan Collado incluy\u00f3 denuncias sobre presuntas presiones econ\u00f3micas y negociaciones condicionadas. Tambi\u00e9n en el conflicto interno de la Cooperativa Cruz Azul se difundieron audios y testimonios que apuntaban a t\u00e1cticas de presi\u00f3n jur\u00eddica. En ambos episodios, las acusaciones circularon ampliamente en medios nacionales.<\/p>\n\n\n\n<p>Otro punto pol\u00e9mico fue la relaci\u00f3n con la constructora OHL (hoy Ale\u00e1tica), donde se especul\u00f3 sobre la posible intervenci\u00f3n para frenar investigaciones administrativas. Nada de ello deriv\u00f3 en resoluciones judiciales concluyentes que acreditaran responsabilidades, pero el c\u00famulo de controversias dej\u00f3 una estela dif\u00edcil de ignorar.<\/p>\n\n\n\n<p>Particularmente llamativa result\u00f3 la expresi\u00f3n \u201cnegociaci\u00f3n de o\u00eddas\u201d, utilizada por el propio Scherer en referencia a su interlocuci\u00f3n con jueces y magistrados. Sus cr\u00edticos interpretaron el t\u00e9rmino como evidencia de acuerdos informales; sus defensores lo consideraron una descripci\u00f3n coloquial de di\u00e1logo pol\u00edtico. La ambig\u00fcedad aliment\u00f3 la pol\u00e9mica.<\/p>\n\n\n\n<p>Ese historial es el que hoy sirve de tel\u00f3n de fondo para la publicaci\u00f3n del libro. Cuando alguien con antecedentes de controversia p\u00fablica decide presentar una obra que apunta hacia antiguos aliados, la pregunta obligada no es literaria, sino pol\u00edtica: \u00bfajuste de cuentas o ejercicio de memoria?<\/p>\n\n\n\n<p>La alianza con Fern\u00e1ndez Men\u00e9ndez sugiere que el objetivo no es estrictamente testimonial. La coyuntura nacional, el reacomodo de fuerzas internas y el horizonte electoral de 2027 convierten cualquier narrativa en instrumento.<\/p>\n\n\n\n<p>Dos personajes que durante a\u00f1os estuvieron cerca del poder hoy convergen en una publicaci\u00f3n que promete no buscar venganza ni perd\u00f3n. Pero cuando el discurso se construye desde la ruptura, la neutralidad resulta dif\u00edcil de sostener.<\/p>\n\n\n\n<p>En pol\u00edtica, el contexto es todo. Y a veces, antes de morder la fruta, el olor basta para entender de qu\u00e9 se trata.<\/p>\n\n\n\n<p>Por hoy fue todo, gracias por su tolerancia y hasta la pr\u00f3xima.<\/p>\n","protected":false},"excerpt":{"rendered":"<p>Columna Olor a Dinero Feliciano J. Espriella Cuando la memoria se convierte en arma pol\u00edtica Jueves 19 de febrero de 2026 La publicaci\u00f3n de \u201cNi venganza ni perd\u00f3n\u201d reabre viejas controversias y confirma que, en pol\u00edtica, las memorias rara vez son inocentes: suelen ser piezas dentro de una disputa mayor. Un antiguo refr\u00e1n dice que [&hellip;]<\/p>\n","protected":false},"author":1,"featured_media":38500,"comment_status":"open","ping_status":"open","sticky":false,"template":"","format":"standard","meta":{"content-type":"","footnotes":""},"categories":[127],"tags":[],"class_list":{"0":"post-38499","1":"post","2":"type-post","3":"status-publish","4":"format-standard","5":"has-post-thumbnail","7":"category-olor-a-dinero"},"_links":{"self":[{"href":"https:\/\/www.regioncuatronoticias.com\/index.php\/wp-json\/wp\/v2\/posts\/38499","targetHints":{"allow":["GET"]}}],"collection":[{"href":"https:\/\/www.regioncuatronoticias.com\/index.php\/wp-json\/wp\/v2\/posts"}],"about":[{"href":"https:\/\/www.regioncuatronoticias.com\/index.php\/wp-json\/wp\/v2\/types\/post"}],"author":[{"embeddable":true,"href":"https:\/\/www.regioncuatronoticias.com\/index.php\/wp-json\/wp\/v2\/users\/1"}],"replies":[{"embeddable":true,"href":"https:\/\/www.regioncuatronoticias.com\/index.php\/wp-json\/wp\/v2\/comments?post=38499"}],"version-history":[{"count":1,"href":"https:\/\/www.regioncuatronoticias.com\/index.php\/wp-json\/wp\/v2\/posts\/38499\/revisions"}],"predecessor-version":[{"id":38501,"href":"https:\/\/www.regioncuatronoticias.com\/index.php\/wp-json\/wp\/v2\/posts\/38499\/revisions\/38501"}],"wp:featuredmedia":[{"embeddable":true,"href":"https:\/\/www.regioncuatronoticias.com\/index.php\/wp-json\/wp\/v2\/media\/38500"}],"wp:attachment":[{"href":"https:\/\/www.regioncuatronoticias.com\/index.php\/wp-json\/wp\/v2\/media?parent=38499"}],"wp:term":[{"taxonomy":"category","embeddable":true,"href":"https:\/\/www.regioncuatronoticias.com\/index.php\/wp-json\/wp\/v2\/categories?post=38499"},{"taxonomy":"post_tag","embeddable":true,"href":"https:\/\/www.regioncuatronoticias.com\/index.php\/wp-json\/wp\/v2\/tags?post=38499"}],"curies":[{"name":"wp","href":"https:\/\/api.w.org\/{rel}","templated":true}]}}