{"id":38493,"date":"2026-02-18T19:28:52","date_gmt":"2026-02-19T02:28:52","guid":{"rendered":"https:\/\/www.regioncuatronoticias.com\/?p=38493"},"modified":"2026-02-18T23:50:42","modified_gmt":"2026-02-19T06:50:42","slug":"reforma-contra-pensiones-exorbitantes-es-mas-una-medida-politica-mas-que-tecnica-y-esta-lejos-de-resolver-la-crisis-de-mexico-especialistas","status":"publish","type":"post","link":"https:\/\/www.regioncuatronoticias.com\/index.php\/2026\/02\/18\/reforma-contra-pensiones-exorbitantes-es-mas-una-medida-politica-mas-que-tecnica-y-esta-lejos-de-resolver-la-crisis-de-mexico-especialistas\/","title":{"rendered":"Reforma contra pensiones \u201cexorbitantes\u201d es una medida m\u00e1s pol\u00edtica que t\u00e9cnica y est\u00e1 lejos de resolver la crisis de M\u00e9xico: Especialistas"},"content":{"rendered":"\n<p><strong>Carlos Ram\u00edrez, ex presidente de la CoONSAR se\u00f1al\u00f3 que m\u00e1s que una medida m\u00e1s pol\u00edtica que t\u00e9cnica, mientras que Rolando Silva, vocero del Instituto Mexicano de Contadores P\u00fablicos (IMCP) consider\u00f3 que el verdadero problema del sistema pensionario mexicano es la falta de dinero<\/strong><\/p>\n\n\n\n<p>Tomado de El Economista<\/p>\n\n\n\n<p>Sebasti\u00e1n D\u00edaz Mora<\/p>\n\n\n\n<p>Mi\u00e9rcoles 18 de febrero de 2026<\/p>\n\n\n\n<p>La reforma anunciada este mi\u00e9rcoles por la presidenta Claudia Sheinbaum para acabar con las pensiones &#8220;exorbitantes&#8221; que reciben exfuncionarios de dependencias como Luz y Fuerza del Centro, Pemex y CFE es una medida justa, pero que est\u00e1 muy lejos de resolver la crisis de pensiones en nuestro pa\u00eds, coincidieron especialistas.<\/p>\n\n\n\n<p>El expresidente de la Comisi\u00f3n Nacional del Sistema de Ahorro para el Retiro (Consar), Carlos Ram\u00edrez, celebr\u00f3 la reforma anunciada por la presidenta Sheinbaum, aunque asegur\u00f3 que se trata de una medida pol\u00edtica m\u00e1s que t\u00e9cnica.<\/p>\n\n\n\n<p>Asimismo, critic\u00f3 que hay una incongruencia evidente, pues desde que Morena lleg\u00f3 al poder en 2018, los gobiernos de Andr\u00e9s Manuel L\u00f3pez Obrador y Claudia Sheinbaum \u201chan elevado enormemente la factura pensionaria del pa\u00eds\u201d, con medidas como reducciones en edades de jubilaci\u00f3n, por ejemplo.<\/p>\n\n\n\n<p>\u201cHay una incongruencia evidente entre lo que pregona por un lado la presidenta Claudia Sheinbaum de que con esta reforma se busca m\u00e1s equidad y ahorrar dinero, pero al mismo tiempo, en junio pasado le regal\u00f3 a los trabajadores del d\u00e9cimo transitorio del ISSSTE la reducci\u00f3n en la edad de jubilaci\u00f3n\u201d, apunt\u00f3.<\/p>\n\n\n\n<p>Mencion\u00f3 que los 5,000 millones de pesos que supuestamente se van a ahorrar con la reforma son pr\u00e1cticamente nada respecto a la carga pensionaria que se ha impuesto al pa\u00eds en los \u00faltimos 7 a\u00f1os<\/p>\n\n\n\n<p>\u201cLa reducci\u00f3n en la edad de jubilaci\u00f3n a los trabajadores del d\u00e9cimo transitorio del ISSSTE que decret\u00f3 Sheinbaum en junio pasado va a costar siete veces m\u00e1s que lo que se va a ahorrar con la reforma anunciada este mi\u00e9rcoles\u201d, apunt\u00f3 Ram\u00edrez.<\/p>\n\n\n\n<p><strong>El verdadero problema es la falta de dinero<\/strong><\/p>\n\n\n\n<p>Por su parte, Rolando Silva, vocero del Instituto Mexicano de Contadores P\u00fablicos (IMCP) consider\u00f3 que, m\u00e1s all\u00e1 de las pensiones exorbitantes en ciertas dependencias, el verdadero problema del sistema pensionario mexicano es la insuficiencia de recursos para pagarlo.<\/p>\n\n\n\n<p>Mencion\u00f3 que con factores como el envejecimiento poblacional de M\u00e9xico, la mayor esperanza de vida y la implementaci\u00f3n de tecnolog\u00eda en el sector laboral, la idea de que cada persona recibir\u00e1 una pensi\u00f3n al t\u00e9rmino de su vida productiva se ha convertido pr\u00e1cticamente en algo imposible.<\/p>\n\n\n\n<p>\u201cEs muy probable que no tengamos un sistema pensionario (en el futuro). Y por lo tanto m\u00e1s que una iniciativa, tendr\u00edamos que estar hablando de los recursos que se necesitan para poder hacer frente a esta obligaci\u00f3n\u201d, coment\u00f3.<\/p>\n\n\n\n<p><strong>Sin sustento el tope de 70,000 pesos al mes<\/strong><\/p>\n\n\n\n<p>En tanto que Alejandra Mac\u00edas, directora ejecutiva del Centro de Investigaci\u00f3n Econ\u00f3mica y Presupuestaria (CIEP), afirm\u00f3 que el tope que se pretende fijar en la reforma, de la mitad del salario de la presidenta Sheinbaum (70,000 pesos al mes), es poco serio y hasta riesgoso.<\/p>\n\n\n\n<p>\u201cDeber\u00eda hacerse una revisi\u00f3n de cu\u00e1nto contribuyeron a su pensi\u00f3n estos exfuncionarios y cu\u00e1nto est\u00e1n recibiendo de pensi\u00f3n, y a partir de eso, hacer un ajuste, no s\u00f3lo toparse a 70,000 pesos sin ning\u00fan sustento t\u00e9cnico porque incluso una pensi\u00f3n de esa magnitud sigue siendo muy alta respecto al promedio\u201d, dijo Mac\u00edas.<\/p>\n\n\n\n<p>Por otro lado, Mac\u00edas consider\u00f3 que si bien los 5,000 millones de pesos que se estiman de ahorros con la reforma representan caso nada del pasivo pensionario del pa\u00eds, en realidad dichos recursos \u201cno son nada despreciables\u201d y bien se podr\u00edan usar en otros rubros como educaci\u00f3n o sistema de cuidados.<\/p>\n\n\n\n<p>Dijo que si bien la reforma anunciada este mi\u00e9rcoles es un paso en la direcci\u00f3n correcta, en realidad la crisis pensionaria en nuestro pa\u00eds es mucho m\u00e1s compleja que los excesos que hay en algunas dependencias federales.<\/p>\n\n\n\n<p><strong>Hace falta una ley marco de pensiones<\/strong><\/p>\n\n\n\n<p>En tanto, el profesor investigador de la escuela de gobierno del Tec de Monterrey, H\u00e9ctor Villarreal, dijo que si bien es de celebrarse que el tema de los excesos con algunas pensiones se haya puesto finalmente a discusi\u00f3n, en realidad lo que el pa\u00eds necesita es una ley marco de pensiones.<\/p>\n\n\n\n<p>\u201c\u00bfQu\u00e9 significa una ley marco de pensiones? Que haya una ley para que todas las pensiones que se financian con recursos p\u00fablicos cumplan con ciertos par\u00e1metros\u201d, explic\u00f3.<\/p>\n\n\n\n<p>Entre los par\u00e1metros que habr\u00eda de considerar dicha ley marco, abund\u00f3 el especialista, est\u00e1 por ejemplo una edad de retiro homologada para todos los sistemaS pensionarios, as\u00ed como reglas m\u00e1s claras sobre cu\u00e1ntas semanas de cotizaci\u00f3n se necesitan para poder jubilarse.<\/p>\n\n\n\n<p>Finalmente, Villarreal enfatiz\u00f3 que igualmente urge revisar las pensiones a nivel estatal, pues hay sistemas pensionarios subnacionales en donde hay casos de abusos y desigualdades incluso peores que los expuestos este mi\u00e9rcoles por la secretaria Anticorrupci\u00f3n y de Buen Gobierno, Raquel Buenrostro.<\/p>\n\n\n\n<p><a href=\"https:\/\/www.eleconomista.com.mx\/sectorfinanciero\/reforma-pensiones-exorbitantes-lejos-resolver-crisis-mexico-coinciden-especialistas-20260218-800511.html\">https:\/\/www.eleconomista.com.mx\/sectorfinanciero\/reforma-pensiones-exorbitantes-lejos-resolver-crisis-mexico-coinciden-especialistas-20260218-800511.html<\/a><\/p>\n","protected":false},"excerpt":{"rendered":"<p>Carlos Ram\u00edrez, ex presidente de la CoONSAR se\u00f1al\u00f3 que m\u00e1s que una medida m\u00e1s pol\u00edtica que t\u00e9cnica, mientras que Rolando Silva, vocero del Instituto Mexicano de Contadores P\u00fablicos (IMCP) consider\u00f3 que el verdadero problema del sistema pensionario mexicano es la falta de dinero Tomado de El Economista Sebasti\u00e1n D\u00edaz Mora Mi\u00e9rcoles 18 de febrero de [&hellip;]<\/p>\n","protected":false},"author":1,"featured_media":38494,"comment_status":"open","ping_status":"open","sticky":false,"template":"","format":"standard","meta":{"content-type":"","footnotes":""},"categories":[114,3,115,105],"tags":[],"class_list":{"0":"post-38493","1":"post","2":"type-post","3":"status-publish","4":"format-standard","5":"has-post-thumbnail","7":"category-economia","8":"category-mexico","9":"category-politica","10":"category-principal"},"_links":{"self":[{"href":"https:\/\/www.regioncuatronoticias.com\/index.php\/wp-json\/wp\/v2\/posts\/38493","targetHints":{"allow":["GET"]}}],"collection":[{"href":"https:\/\/www.regioncuatronoticias.com\/index.php\/wp-json\/wp\/v2\/posts"}],"about":[{"href":"https:\/\/www.regioncuatronoticias.com\/index.php\/wp-json\/wp\/v2\/types\/post"}],"author":[{"embeddable":true,"href":"https:\/\/www.regioncuatronoticias.com\/index.php\/wp-json\/wp\/v2\/users\/1"}],"replies":[{"embeddable":true,"href":"https:\/\/www.regioncuatronoticias.com\/index.php\/wp-json\/wp\/v2\/comments?post=38493"}],"version-history":[{"count":3,"href":"https:\/\/www.regioncuatronoticias.com\/index.php\/wp-json\/wp\/v2\/posts\/38493\/revisions"}],"predecessor-version":[{"id":38498,"href":"https:\/\/www.regioncuatronoticias.com\/index.php\/wp-json\/wp\/v2\/posts\/38493\/revisions\/38498"}],"wp:featuredmedia":[{"embeddable":true,"href":"https:\/\/www.regioncuatronoticias.com\/index.php\/wp-json\/wp\/v2\/media\/38494"}],"wp:attachment":[{"href":"https:\/\/www.regioncuatronoticias.com\/index.php\/wp-json\/wp\/v2\/media?parent=38493"}],"wp:term":[{"taxonomy":"category","embeddable":true,"href":"https:\/\/www.regioncuatronoticias.com\/index.php\/wp-json\/wp\/v2\/categories?post=38493"},{"taxonomy":"post_tag","embeddable":true,"href":"https:\/\/www.regioncuatronoticias.com\/index.php\/wp-json\/wp\/v2\/tags?post=38493"}],"curies":[{"name":"wp","href":"https:\/\/api.w.org\/{rel}","templated":true}]}}