{"id":38485,"date":"2026-02-18T18:19:57","date_gmt":"2026-02-19T01:19:57","guid":{"rendered":"https:\/\/www.regioncuatronoticias.com\/?p=38485"},"modified":"2026-02-18T18:20:02","modified_gmt":"2026-02-19T01:20:02","slug":"denuncian-ante-fgr-a-ruben-rocha-moya-gobernador-de-sinaloa-por-presunta-delincuencia-organizada","status":"publish","type":"post","link":"https:\/\/www.regioncuatronoticias.com\/index.php\/2026\/02\/18\/denuncian-ante-fgr-a-ruben-rocha-moya-gobernador-de-sinaloa-por-presunta-delincuencia-organizada\/","title":{"rendered":"Denuncian ante FGR a Rub\u00e9n Rocha Moya, gobernador de Sinaloa, por presunta delincuencia organizada"},"content":{"rendered":"\n<p><strong>Asociaciones y barras de abogados tambi\u00e9n acudieron a la Comisi\u00f3n Nacional de Derechos Humanos.<\/strong><\/p>\n\n\n\n<p>Tomado de Aristegui Noticias<\/p>\n\n\n\n<p>Redacci\u00f3n AN \/ KC<\/p>\n\n\n\n<p>Mi\u00e9rcoles 18 de febrero de 2026<\/p>\n\n\n\n<p>El gobernador de Sinaloa, Rub\u00e9n Rocha Moya, fue denunciado ante la Fiscal\u00eda General de la Rep\u00fablica (FGR) por presunta vinculaci\u00f3n con integrantes del crimen organizado y presuntas omisiones en garantizar la seguridad de los ciudadanos.<\/p>\n\n\n\n<p>La acusaci\u00f3n fue presentada este martes ante la Fiscal\u00eda Especializada en Materia de Delincuencia Organizada (FEMDO),&nbsp; promovida por abogados de diversas organizaciones y barras de abogados locales.<\/p>\n\n\n\n<p>Fueron integrantes de la Alianza Mexicana de Abogados, la Federaci\u00f3n de Abogados de Sinaloa, colegios jur\u00eddicos locales y el Frente C\u00edvico Sinaloense quienes solicitan investigar y en su caso procesar a Rocha Moya.<\/p>\n\n\n\n<p>Los presuntos delitos que advierten est\u00e1n relacionados con el ejercicio indebido del servicio p\u00fablico, coalici\u00f3n de servidores p\u00fablicos, uso il\u00edcito de atribuciones, encubrimiento, delitos relacionados con la administraci\u00f3n de justicia y presunta delincuencia organizada.<\/p>\n\n\n\n<figure class=\"wp-block-image size-full\"><img loading=\"lazy\" loading=\"lazy\" decoding=\"async\" width=\"700\" height=\"933\" src=\"https:\/\/www.regioncuatronoticias.com\/wp-content\/uploads\/2026\/02\/image-37.png\" alt=\"\" class=\"wp-image-38487\" srcset=\"https:\/\/www.regioncuatronoticias.com\/wp-content\/uploads\/2026\/02\/image-37.png 700w, https:\/\/www.regioncuatronoticias.com\/wp-content\/uploads\/2026\/02\/image-37-640x853.png 640w\" sizes=\"auto, (max-width: 700px) 100vw, 700px\" \/><\/figure>\n\n\n\n<p>Los abogados se\u00f1alaron que el gobernador ha mostrado omisiones frente a la creciente violencia en el estado y ha obstaculizado investigaciones que afectan a la poblaci\u00f3n.<\/p>\n\n\n\n<p>Como ejemplo mencionaron el caso de H\u00e9ctor Melesio Cu\u00e9n, que, aseguran, fue objeto de un montaje durante la gesti\u00f3n de la entonces fiscal Sara Bruna, quien hasta la fecha no ha sido procesada.<\/p>\n\n\n\n<p>Adem\u00e1s, se\u00f1alaron que debe investigarse por qu\u00e9 Rocha Moya realiz\u00f3 un viaje el 25 de julio de 2024, mismo d\u00eda en que se registr\u00f3 el secuestro y entrega de Ismael \u201cEl Mayo\u201d Zambada, fundador del C\u00e1rtel de Sinaloa, en la misma zona.<\/p>\n\n\n\n<p>Seg\u00fan los denunciantes, estos eventos desencadenaron un repunte de violencia que persiste hasta la fecha, ya que entre el 9 de septiembre de 2024 y febrero de 2026 se registraron 2 mil 883 homicidios, 3 mil 314 privaciones de la libertad y 9 mil 714 robos de veh\u00edculos.<\/p>\n\n\n\n<p>\u201cLos datos oficiales no reflejan la realidad; est\u00e1n maquillados por instrucciones del gobernador en coordinaci\u00f3n con autoridades federales\u201d, asegur\u00f3 Ricardo Beltr\u00e1n Verduzco, presidente de la Alianza Mexicana de Abogados.<\/p>\n\n\n\n<p>Tambi\u00e9n, cit\u00f3 el reciente caso de los mineros secuestrados en Concordia como ejemplo de impunidad, luego de que cinco de los diez mineros fueron encontrados sin vida, tras posibles hechos de extorsi\u00f3n.<\/p>\n\n\n\n<p>\u201cHoy ya lo hemos reducido como \u2018Pinocho Harfuch\u2019, porque lo que sucedi\u00f3 en Concordia es mentirle al pueblo, es contaminar una carpeta de investigaci\u00f3n, ese tipo de situaciones cansa a la gente; vemos una participaci\u00f3n indolente y c\u00ednica del gobernador con los poderes f\u00e1cticos\u201d, dijo.<\/p>\n\n\n\n<p>Adem\u00e1s, dijo que el incremento de la violencia ha tenido repercusiones econ\u00f3micas significativas, afectando negocios, transporte y la vida cotidiana de los ciudadanos.<\/p>\n\n\n\n<p><strong>&#8220;La seguridad es un derecho b\u00e1sico y su ausencia genera miedo y desconfianza, la poblaci\u00f3n espera que el gobernador cumpla con su responsabilidad constitucional&#8221;.<\/strong><\/p>\n\n\n\n<figure class=\"wp-block-image size-full\"><img loading=\"lazy\" loading=\"lazy\" decoding=\"async\" width=\"700\" height=\"933\" src=\"https:\/\/www.regioncuatronoticias.com\/wp-content\/uploads\/2026\/02\/image-38.png\" alt=\"\" class=\"wp-image-38488\" srcset=\"https:\/\/www.regioncuatronoticias.com\/wp-content\/uploads\/2026\/02\/image-38.png 700w, https:\/\/www.regioncuatronoticias.com\/wp-content\/uploads\/2026\/02\/image-38-640x853.png 640w\" sizes=\"auto, (max-width: 700px) 100vw, 700px\" \/><\/figure>\n\n\n\n<p>Aunada a esta denuncia, tambi\u00e9n presentaron una queja ante la Comisi\u00f3n Nacional de Derechos Humanos, donde se documentan 16 presuntas violaciones a derechos humanos, entre ellas el derecho a la seguridad, a la legalidad y a vivir libre de violencia.<\/p>\n\n\n\n<p>Los abogados se\u00f1alaron que previamente hab\u00edan acudido a la comisi\u00f3n de derechos humanos de Sinaloa, pero no recibieron respuesta y de continuar en esta situaci\u00f3n recurrir\u00e1n a organismos internacionales como la Comisi\u00f3n Interamericana de Derechos Humanos.<\/p>\n\n\n\n<p>De acuerdo con los denunciantes, entre los incidentes documentados se incluyen homicidios selectivos, ataques a comerciantes, robos de transporte de carga y privaciones de libertad vinculadas al crimen organizado.<\/p>\n\n\n\n<p>En los dos \u00faltimos a\u00f1os, Sinaloa ha registrado un aumento sostenido de violencia atribuida al enfrentamiento entre c\u00e9lulas internas del C\u00e1rtel de Sinaloa, y otros conflictos entre grupos antagonistas, por lo que los denunciantes advierten quela administraci\u00f3n de Rocha Moya no ha tomado medidas efectivas para frenar estos delitos ni para proteger a la poblaci\u00f3n.<\/p>\n\n\n\n<p>La denuncia tambi\u00e9n menciona presuntas instrucciones del gobernador para manipular informaci\u00f3n sobre incidencia delictiva, lo que, seg\u00fan los abogados, ha generado desconfianza entre la poblaci\u00f3n, seg\u00fan afirm\u00f3 Beltr\u00e1n Verduzco.<\/p>\n\n\n\n<p><strong>&#8220;La gente percibe que los delitos no se investigan correctamente y que las cifras oficiales son parciales, esto afecta la vida social y econ\u00f3mica de Sinaloa&#8221;.<\/strong><\/p>\n\n\n\n<p>Hasta el momento, el gobernador de Sinaloa, Rub\u00e9n Rocha Moya no ha emitido comentarios sobre la denuncia interpuesta en su contra.<\/p>\n\n\n\n<p>En redes sociales, la Alianza Mexicana de Abogados reiter\u00f3 que la acci\u00f3n busca visibilizar la situaci\u00f3n de inseguridad y exigir que las autoridades act\u00faen con imparcialidad.<\/p>\n\n\n\n<p><a href=\"https:\/\/aristeguinoticias.com\/1802\/mexico\/denuncian-ante-fgr-a-rocha-moya-por-presunta-delincuencia-organizada\">https:\/\/aristeguinoticias.com\/1802\/mexico\/denuncian-ante-fgr-a-rocha-moya-por-presunta-delincuencia-organizada<\/a><\/p>\n","protected":false},"excerpt":{"rendered":"<p>Asociaciones y barras de abogados tambi\u00e9n acudieron a la Comisi\u00f3n Nacional de Derechos Humanos. Tomado de Aristegui Noticias Redacci\u00f3n AN \/ KC Mi\u00e9rcoles 18 de febrero de 2026 El gobernador de Sinaloa, Rub\u00e9n Rocha Moya, fue denunciado ante la Fiscal\u00eda General de la Rep\u00fablica (FGR) por presunta vinculaci\u00f3n con integrantes del crimen organizado y presuntas [&hellip;]<\/p>\n","protected":false},"author":1,"featured_media":38486,"comment_status":"open","ping_status":"open","sticky":false,"template":"","format":"standard","meta":{"content-type":"","footnotes":""},"categories":[3,115,105],"tags":[],"class_list":{"0":"post-38485","1":"post","2":"type-post","3":"status-publish","4":"format-standard","5":"has-post-thumbnail","7":"category-mexico","8":"category-politica","9":"category-principal"},"_links":{"self":[{"href":"https:\/\/www.regioncuatronoticias.com\/index.php\/wp-json\/wp\/v2\/posts\/38485","targetHints":{"allow":["GET"]}}],"collection":[{"href":"https:\/\/www.regioncuatronoticias.com\/index.php\/wp-json\/wp\/v2\/posts"}],"about":[{"href":"https:\/\/www.regioncuatronoticias.com\/index.php\/wp-json\/wp\/v2\/types\/post"}],"author":[{"embeddable":true,"href":"https:\/\/www.regioncuatronoticias.com\/index.php\/wp-json\/wp\/v2\/users\/1"}],"replies":[{"embeddable":true,"href":"https:\/\/www.regioncuatronoticias.com\/index.php\/wp-json\/wp\/v2\/comments?post=38485"}],"version-history":[{"count":1,"href":"https:\/\/www.regioncuatronoticias.com\/index.php\/wp-json\/wp\/v2\/posts\/38485\/revisions"}],"predecessor-version":[{"id":38489,"href":"https:\/\/www.regioncuatronoticias.com\/index.php\/wp-json\/wp\/v2\/posts\/38485\/revisions\/38489"}],"wp:featuredmedia":[{"embeddable":true,"href":"https:\/\/www.regioncuatronoticias.com\/index.php\/wp-json\/wp\/v2\/media\/38486"}],"wp:attachment":[{"href":"https:\/\/www.regioncuatronoticias.com\/index.php\/wp-json\/wp\/v2\/media?parent=38485"}],"wp:term":[{"taxonomy":"category","embeddable":true,"href":"https:\/\/www.regioncuatronoticias.com\/index.php\/wp-json\/wp\/v2\/categories?post=38485"},{"taxonomy":"post_tag","embeddable":true,"href":"https:\/\/www.regioncuatronoticias.com\/index.php\/wp-json\/wp\/v2\/tags?post=38485"}],"curies":[{"name":"wp","href":"https:\/\/api.w.org\/{rel}","templated":true}]}}