{"id":38482,"date":"2026-02-18T17:57:05","date_gmt":"2026-02-19T00:57:05","guid":{"rendered":"https:\/\/www.regioncuatronoticias.com\/?p=38482"},"modified":"2026-02-18T17:57:09","modified_gmt":"2026-02-19T00:57:09","slug":"colosio-confirma-que-buscara-gubernatura-en-sonora-o-nl-vendra-a-hermosillo-el-27-de-febrero","status":"publish","type":"post","link":"https:\/\/www.regioncuatronoticias.com\/index.php\/2026\/02\/18\/colosio-confirma-que-buscara-gubernatura-en-sonora-o-nl-vendra-a-hermosillo-el-27-de-febrero\/","title":{"rendered":"Colosio confirma que buscar\u00e1 gubernatura en Sonora o NL; vendr\u00e1 a Hermosillo el 27 de febrero"},"content":{"rendered":"\n<p>Tomado de Expreso<\/p>\n\n\n\n<p>Juan Carlos \u00c1lvarez<\/p>\n\n\n\n<p>Mi\u00e9rcoles 18 de febrero de 2026<\/p>\n\n\n\n<p>El pr\u00f3ximo 27 de febrero, Luis Donaldo Colosio Riojas visitar\u00e1 la ciudad de Hermosillo, con motivo de la toma de protesta de Rogelio Cota para un segundo periodo como coordinador del Movimiento Ciudadano (MC) de Hermosillo.<\/p>\n\n\n\n<p>El senador de Movimiento Ciudadano (MC), Luis Donaldo Colosio Riojas, confirm\u00f3 que buscar\u00e1 la gubernatura de Sonora o Nuevo Le\u00f3n en el Proceso Electoral del 2027.<\/p>\n\n\n\n<p>\u201cEs seguro que s\u00ed. O Nuevo Le\u00f3n o Sonora\u201d, se\u00f1al\u00f3 el emecista en entrevista con la periodista Azucena Uresti.<\/p>\n\n\n\n<p>Colosio Riojas se\u00f1al\u00f3 que la definici\u00f3n a\u00fan se est\u00e1 tomando al interior del movimiento naranja.<\/p>\n\n\n\n<p>\u201cUna decisi\u00f3n que a\u00fan no hemos comunicado, la definici\u00f3n est\u00e1 todav\u00eda tom\u00e1ndose al interior del partido, es una decisi\u00f3n que no quiero yo tomar tampoco solo\u201d, expres\u00f3.<\/p>\n\n\n\n<p>Agreg\u00f3 que \u201cahorita es un momento muy decisivo para el movimiento ciudadano a nivel nacional y ciertamente lo es tambi\u00e9n en Nuevo Le\u00f3n\u201d.<\/p>\n\n\n\n<p>Riojas dijo que se busca encabezar un proyecto de unidad sin \u201cdivisiones\u201d ni ning\u00fan tipo de \u201cgrilla interna\u201d.<\/p>\n\n\n\n<p>\u201cNi mucho menos externa, entonces esta es una decisi\u00f3n que tomaremos todos como equipo\u201d, coment\u00f3.<\/p>\n\n\n\n<p>Agradeci\u00f3 el respaldo de la dirigencia naranja, luego de que su l\u00edder, Jorge \u00c1lvarez M\u00e1ynez, hiciera p\u00fablico la posible aspiraci\u00f3n.<\/p>\n\n\n\n<p>\u201cNo, es bueno tener respaldo, pero estas cosas no se hacen solamente por ambici\u00f3n, se hacen tambi\u00e9n con estrategia y sobre todo con mucha preparaci\u00f3n y visi\u00f3n de equipo\u201d, expres\u00f3.<\/p>\n\n\n\n<p>Sobre cu\u00e1ndo se definir\u00e1 la candidatura, Riojas fue efusivo: \u201cActualmente los tiempos no son para definiciones\u201d.<\/p>\n\n\n\n<p><strong>Colosio viene a Sonora<\/strong><\/p>\n\n\n\n<p>El pr\u00f3ximo 27 de febrero, Luis Donaldo Colosio Riojas visitar\u00e1 la ciudad de Hermosillo, con motivo de la toma de protesta de Rogelio Cota para un segundo periodo como coordinador del Movimiento Ciudadano (MC) de Hermosillo.<\/p>\n\n\n\n<p>La asistencia del legislador emecista fue confirmada por Cota a trav\u00e9s de sus redes sociales.<\/p>\n\n\n\n<p><a href=\"https:\/\/www.expreso.com.mx\/noticias\/sonora\/colosio-confirma-que-buscara-gubernatura-de-sonora-o-nl\/248530\">https:\/\/www.expreso.com.mx\/noticias\/sonora\/colosio-confirma-que-buscara-gubernatura-de-sonora-o-nl\/248530<\/a><\/p>\n","protected":false},"excerpt":{"rendered":"<p>Tomado de Expreso Juan Carlos \u00c1lvarez Mi\u00e9rcoles 18 de febrero de 2026 El pr\u00f3ximo 27 de febrero, Luis Donaldo Colosio Riojas visitar\u00e1 la ciudad de Hermosillo, con motivo de la toma de protesta de Rogelio Cota para un segundo periodo como coordinador del Movimiento Ciudadano (MC) de Hermosillo. El senador de Movimiento Ciudadano (MC), Luis [&hellip;]<\/p>\n","protected":false},"author":1,"featured_media":38483,"comment_status":"open","ping_status":"open","sticky":false,"template":"","format":"standard","meta":{"content-type":"","footnotes":""},"categories":[115,105,9],"tags":[],"class_list":{"0":"post-38482","1":"post","2":"type-post","3":"status-publish","4":"format-standard","5":"has-post-thumbnail","7":"category-politica","8":"category-principal","9":"category-sonora"},"_links":{"self":[{"href":"https:\/\/www.regioncuatronoticias.com\/index.php\/wp-json\/wp\/v2\/posts\/38482","targetHints":{"allow":["GET"]}}],"collection":[{"href":"https:\/\/www.regioncuatronoticias.com\/index.php\/wp-json\/wp\/v2\/posts"}],"about":[{"href":"https:\/\/www.regioncuatronoticias.com\/index.php\/wp-json\/wp\/v2\/types\/post"}],"author":[{"embeddable":true,"href":"https:\/\/www.regioncuatronoticias.com\/index.php\/wp-json\/wp\/v2\/users\/1"}],"replies":[{"embeddable":true,"href":"https:\/\/www.regioncuatronoticias.com\/index.php\/wp-json\/wp\/v2\/comments?post=38482"}],"version-history":[{"count":1,"href":"https:\/\/www.regioncuatronoticias.com\/index.php\/wp-json\/wp\/v2\/posts\/38482\/revisions"}],"predecessor-version":[{"id":38484,"href":"https:\/\/www.regioncuatronoticias.com\/index.php\/wp-json\/wp\/v2\/posts\/38482\/revisions\/38484"}],"wp:featuredmedia":[{"embeddable":true,"href":"https:\/\/www.regioncuatronoticias.com\/index.php\/wp-json\/wp\/v2\/media\/38483"}],"wp:attachment":[{"href":"https:\/\/www.regioncuatronoticias.com\/index.php\/wp-json\/wp\/v2\/media?parent=38482"}],"wp:term":[{"taxonomy":"category","embeddable":true,"href":"https:\/\/www.regioncuatronoticias.com\/index.php\/wp-json\/wp\/v2\/categories?post=38482"},{"taxonomy":"post_tag","embeddable":true,"href":"https:\/\/www.regioncuatronoticias.com\/index.php\/wp-json\/wp\/v2\/tags?post=38482"}],"curies":[{"name":"wp","href":"https:\/\/api.w.org\/{rel}","templated":true}]}}