{"id":3847,"date":"2023-12-20T22:00:09","date_gmt":"2023-12-21T05:00:09","guid":{"rendered":"https:\/\/www.regioncuatronoticias.com\/?p=3847"},"modified":"2023-12-20T22:00:12","modified_gmt":"2023-12-21T05:00:12","slug":"arrestan-en-nicaragua-al-obispo-catolico-isidro-mora","status":"publish","type":"post","link":"https:\/\/www.regioncuatronoticias.com\/index.php\/2023\/12\/20\/arrestan-en-nicaragua-al-obispo-catolico-isidro-mora\/","title":{"rendered":"Arrestan en Nicaragua al obispo cat\u00f3lico Isidro Mora"},"content":{"rendered":"\n<p>Tomado de La Jornada&nbsp;<\/p>\n\n\n\n<p>Reuters<\/p>\n\n\n\n<p>Diciembre 20 de 2023<\/p>\n\n\n\n<p>Managua. La polic\u00eda de Nicaragua arrest\u00f3 al obispo cat\u00f3lico Isidro Mora de la di\u00f3cesis de Siuna en el Tri\u00e1ngulo Minero, una zona situada en la costa caribe\u00f1a del norte del pa\u00eds, reportaron edte mi\u00e9rcoles medios locales.<\/p>\n\n\n\n<p>El medio Despacho inform\u00f3 que el monse\u00f1or Mora ofreci\u00f3 una misa recientemente en la que llam\u00f3 a los fieles a orar por el obispo Rolando \u00c1lvarez, un religioso cr\u00edtico del Gobierno del presidente Daniel Ortega que fue condenado a inicios de este a\u00f1o a 26 a\u00f1os de c\u00e1rcel.<\/p>\n\n\n\n<p>Mora, formado en la di\u00f3cesis de Matagalpa, fue disc\u00edpulo de \u00c1lvarez y se desempe\u00f1\u00f3 como su vicario.<\/p>\n\n\n\n<p><a href=\"https:\/\/www.jornada.com.mx\/noticia\/2023\/12\/20\/mundo\/arrestan-en-nicaragua-al-obispo-catolico-isidro-mora-2630\">https:\/\/www.jornada.com.mx\/noticia\/2023\/12\/20\/mundo\/arrestan-en-nicaragua-al-obispo-catolico-isidro-mora-2630<\/a><\/p>\n","protected":false},"excerpt":{"rendered":"<p>Tomado de La Jornada&nbsp; Reuters Diciembre 20 de 2023 Managua. La polic\u00eda de Nicaragua arrest\u00f3 al obispo cat\u00f3lico Isidro Mora de la di\u00f3cesis de Siuna en el Tri\u00e1ngulo Minero, una zona situada en la costa caribe\u00f1a del norte del pa\u00eds, reportaron edte mi\u00e9rcoles medios locales. El medio Despacho inform\u00f3 que el monse\u00f1or Mora ofreci\u00f3 una [&hellip;]<\/p>\n","protected":false},"author":1,"featured_media":3848,"comment_status":"open","ping_status":"open","sticky":false,"template":"","format":"standard","meta":{"content-type":"","footnotes":""},"categories":[117,7,115],"tags":[],"class_list":{"0":"post-3847","1":"post","2":"type-post","3":"status-publish","4":"format-standard","5":"has-post-thumbnail","7":"category-general","8":"category-internacional","9":"category-politica"},"_links":{"self":[{"href":"https:\/\/www.regioncuatronoticias.com\/index.php\/wp-json\/wp\/v2\/posts\/3847","targetHints":{"allow":["GET"]}}],"collection":[{"href":"https:\/\/www.regioncuatronoticias.com\/index.php\/wp-json\/wp\/v2\/posts"}],"about":[{"href":"https:\/\/www.regioncuatronoticias.com\/index.php\/wp-json\/wp\/v2\/types\/post"}],"author":[{"embeddable":true,"href":"https:\/\/www.regioncuatronoticias.com\/index.php\/wp-json\/wp\/v2\/users\/1"}],"replies":[{"embeddable":true,"href":"https:\/\/www.regioncuatronoticias.com\/index.php\/wp-json\/wp\/v2\/comments?post=3847"}],"version-history":[{"count":1,"href":"https:\/\/www.regioncuatronoticias.com\/index.php\/wp-json\/wp\/v2\/posts\/3847\/revisions"}],"predecessor-version":[{"id":3849,"href":"https:\/\/www.regioncuatronoticias.com\/index.php\/wp-json\/wp\/v2\/posts\/3847\/revisions\/3849"}],"wp:featuredmedia":[{"embeddable":true,"href":"https:\/\/www.regioncuatronoticias.com\/index.php\/wp-json\/wp\/v2\/media\/3848"}],"wp:attachment":[{"href":"https:\/\/www.regioncuatronoticias.com\/index.php\/wp-json\/wp\/v2\/media?parent=3847"}],"wp:term":[{"taxonomy":"category","embeddable":true,"href":"https:\/\/www.regioncuatronoticias.com\/index.php\/wp-json\/wp\/v2\/categories?post=3847"},{"taxonomy":"post_tag","embeddable":true,"href":"https:\/\/www.regioncuatronoticias.com\/index.php\/wp-json\/wp\/v2\/tags?post=3847"}],"curies":[{"name":"wp","href":"https:\/\/api.w.org\/{rel}","templated":true}]}}