{"id":3823,"date":"2023-12-19T22:33:55","date_gmt":"2023-12-20T05:33:55","guid":{"rendered":"https:\/\/www.regioncuatronoticias.com\/?p=3823"},"modified":"2023-12-19T22:33:57","modified_gmt":"2023-12-20T05:33:57","slug":"exculpan-a-pena-nieto-de-caso-ayotzinapa","status":"publish","type":"post","link":"https:\/\/www.regioncuatronoticias.com\/index.php\/2023\/12\/19\/exculpan-a-pena-nieto-de-caso-ayotzinapa\/","title":{"rendered":"Exculpan a Pena Nieto de caso Ayotzinapa"},"content":{"rendered":"\n<p>\u201cSi acaso el error del Presidente en ese entonces es no haber pedido que se investigara a fondo&#8221;, dijo el AMLO<\/p>\n\n\n\n<p>&nbsp;Tomado de La Raz\u00f3n<\/p>\n\n\n\n<p>&nbsp;Sergio Ram\u00edrez<\/p>\n\n\n\n<p>Diciembre 19 del 2023<\/p>\n\n\n\n<p>El Presidente Andr\u00e9s Manuel L\u00f3pez Obrador exculp\u00f3 a su antecesor, Enrique Pe\u00f1a Nieto, de cualquier responsabilidad en el caso de la desaparici\u00f3n de los 43 estudiantes de la Normal de Ayotzinapa, pues quiz\u00e1s, consider\u00f3, su \u00fanico error fue no pedir una investigaci\u00f3n a fondo.<\/p>\n\n\n\n<p>\u201cSi acaso el error del Presidente en ese entonces es no haber pedido que se investigara a fondo, pero no es que Pe\u00f1a haya mandado a desaparecer a los j\u00f3venes\u201d, afirm\u00f3.<\/p>\n\n\n\n<p>En la conferencia de prensa ma\u00f1anera, declar\u00f3 que la culpa recay\u00f3 en la autoridad civil, es decir en el exprocurador Jes\u00fas Murillo Karam.<\/p>\n\n\n\n<p>\u201cQuien se echa la culpa de la responsabilidad, el manejo de la investigaci\u00f3n, fue el procurador Murillo Karam. \u00c9l mismo se culp\u00f3\u201d, subray\u00f3 el mandatario.<\/p>\n\n\n\n<p>El extitular de la PGR, junto con el entonces director de la Agencia de Investigaci\u00f3n Criminal (AIC), Tom\u00e1s Zer\u00f3n, construyeron la llamada \u201cverdad hist\u00f3rica\u201d, de que los j\u00f3venes hab\u00edan sido detenidos por polic\u00edas municipales y entregados al c\u00e1rtel Guerreros Unidos, que los asesin\u00f3 e inciner\u00f3 en el basurero de Cocula.<\/p>\n\n\n\n<p>Insisti\u00f3 en se\u00f1alar a los integrantes del Centro Miguel Agust\u00edn Pro de defender a los probables participantes en el caso, ya que promovieron una solicitud para liberar a algunos de ellos.<\/p>\n\n\n\n<p>\u201cEstoy esperando que me responda el se\u00f1or (Mario Ernesto) Patr\u00f3n, que era del Pro y ahora es director de la Ibero en Puebla, del grupo de jesuitas, \u00e9l no es. Le pido a los jesuitas que ojal\u00e1 y nos ayuden\u201d, indic\u00f3 L\u00f3pez Obrador.<\/p>\n\n\n\n<p>Manifest\u00f3 que \u00e9ste es un asunto no jur\u00eddico sino moral b\u00e1sicamente. \u201c\u00bfC\u00f3mo es posible que se haga esto?, \u00bfqui\u00e9nes estuvieron detr\u00e1s? Todo esto vinculado con el senador Emilio \u00c1lvarez Icaza, que fue presidente de la Comisi\u00f3n de Derechos Humanos de la Ciudad de M\u00e9xico y de la Comisi\u00f3n Interamericana, que es de la OEA, que tiene intereses muy vinculados a grupos del poder hegem\u00f3nico\u201d, expres\u00f3.<\/p>\n\n\n\n<p>Estableci\u00f3 que los abogados del Centro Pro llegaron a un control extremo que \u201cno permiten a los padres que hablen, de manera directa, con nosotros, tiene que ser a trav\u00e9s de los abogados\u201d.<\/p>\n\n\n\n<figure class=\"wp-block-embed\"><div class=\"wp-block-embed__wrapper\">\nhttps:\/\/www.razon.com.mx\/mexico\/exculpan-epn-caso-ayotzinapa-557840\n<\/div><\/figure>\n","protected":false},"excerpt":{"rendered":"<p>\u201cSi acaso el error del Presidente en ese entonces es no haber pedido que se investigara a fondo&#8221;, dijo el AMLO &nbsp;Tomado de La Raz\u00f3n &nbsp;Sergio Ram\u00edrez Diciembre 19 del 2023 El Presidente Andr\u00e9s Manuel L\u00f3pez Obrador exculp\u00f3 a su antecesor, Enrique Pe\u00f1a Nieto, de cualquier responsabilidad en el caso de la desaparici\u00f3n de los [&hellip;]<\/p>\n","protected":false},"author":1,"featured_media":3824,"comment_status":"open","ping_status":"open","sticky":false,"template":"","format":"standard","meta":{"content-type":"","footnotes":""},"categories":[3,115,105],"tags":[],"class_list":{"0":"post-3823","1":"post","2":"type-post","3":"status-publish","4":"format-standard","5":"has-post-thumbnail","7":"category-mexico","8":"category-politica","9":"category-principal"},"_links":{"self":[{"href":"https:\/\/www.regioncuatronoticias.com\/index.php\/wp-json\/wp\/v2\/posts\/3823","targetHints":{"allow":["GET"]}}],"collection":[{"href":"https:\/\/www.regioncuatronoticias.com\/index.php\/wp-json\/wp\/v2\/posts"}],"about":[{"href":"https:\/\/www.regioncuatronoticias.com\/index.php\/wp-json\/wp\/v2\/types\/post"}],"author":[{"embeddable":true,"href":"https:\/\/www.regioncuatronoticias.com\/index.php\/wp-json\/wp\/v2\/users\/1"}],"replies":[{"embeddable":true,"href":"https:\/\/www.regioncuatronoticias.com\/index.php\/wp-json\/wp\/v2\/comments?post=3823"}],"version-history":[{"count":1,"href":"https:\/\/www.regioncuatronoticias.com\/index.php\/wp-json\/wp\/v2\/posts\/3823\/revisions"}],"predecessor-version":[{"id":3825,"href":"https:\/\/www.regioncuatronoticias.com\/index.php\/wp-json\/wp\/v2\/posts\/3823\/revisions\/3825"}],"wp:featuredmedia":[{"embeddable":true,"href":"https:\/\/www.regioncuatronoticias.com\/index.php\/wp-json\/wp\/v2\/media\/3824"}],"wp:attachment":[{"href":"https:\/\/www.regioncuatronoticias.com\/index.php\/wp-json\/wp\/v2\/media?parent=3823"}],"wp:term":[{"taxonomy":"category","embeddable":true,"href":"https:\/\/www.regioncuatronoticias.com\/index.php\/wp-json\/wp\/v2\/categories?post=3823"},{"taxonomy":"post_tag","embeddable":true,"href":"https:\/\/www.regioncuatronoticias.com\/index.php\/wp-json\/wp\/v2\/tags?post=3823"}],"curies":[{"name":"wp","href":"https:\/\/api.w.org\/{rel}","templated":true}]}}