{"id":3820,"date":"2023-12-19T22:30:30","date_gmt":"2023-12-20T05:30:30","guid":{"rendered":"https:\/\/www.regioncuatronoticias.com\/?p=3820"},"modified":"2023-12-19T22:30:31","modified_gmt":"2023-12-20T05:30:31","slug":"prevalece-lealtad-de-cetemistas-integros-en-sonora-aseguran-en-el-pri-sonora","status":"publish","type":"post","link":"https:\/\/www.regioncuatronoticias.com\/index.php\/2023\/12\/19\/prevalece-lealtad-de-cetemistas-integros-en-sonora-aseguran-en-el-pri-sonora\/","title":{"rendered":"Prevalece lealtad de cetemistas \u00edntegros en Sonora aseguran en el PRI Sonora"},"content":{"rendered":"\n<p>Reconocen militancia por 40 a\u00f1os de Antonio Valdez Villanueva<\/p>\n\n\n\n<p>Ciudad Obreg\u00f3n, Sonora. 19 de diciembre de 2023. La trayectoria y militancia priista por 40 a\u00f1os de Antonio Valdez Villanueva, as\u00ed como su liderazgo sindical y cetemista, fue reconocida por el Partido Revolucionario Institucional (PRI) Sonora a trav\u00e9s de&nbsp; Fundaci\u00f3n Colosio en el estado.<\/p>\n\n\n\n<p>Este homenaje al \u2018Jefe To\u00f1o\u2019, lo encabez\u00f3 Rogelio D\u00edaz Brown, dirigente del PRI estatal, quien lo destac\u00f3 como un cetemista de integridad y que pese a las adversidades vividas, no baj\u00f3 la guardia y sigui\u00f3 al frente de los trabajadores que representaba.<\/p>\n\n\n\n<p>\u201cMe siento bien orgulloso de usted y se lo reconozco porque en todo momento, aun con esas circunstancias, aun con todo lo que pas\u00f3, usted sigui\u00f3 siendo un l\u00edder sindical con sensibilidad social y con responsabilidad hacia el partido, cosa que otros, por circunstancias que a lo mejor no terminamos de entender, pero que en el primer momento de inter\u00e9s toman una decisi\u00f3n y hoy no est\u00e1n en el partido\u201d, destac\u00f3.<\/p>\n\n\n\n<p>Reconoci\u00f3 el dirigente tricolor en la entdad que en la actualidad el cetemismo no est\u00e1 atravesando por su mejor momento ante circunstancias impuestas por altos mandos que buscan el control del resto y dejando de lado los intereses de los trabajadores.<\/p>\n\n\n\n<p>\u201cEl cetemismo no est\u00e1 de acuerdo con lo que est\u00e1 pasando, me lo est\u00e1n haciendo saber, est\u00e1n pidiendo que no se sepa qui\u00e9nes son; pero estoy seguro que vamos a seguir construyendo cosas desde el PRI con la CTM en favor de todos esos trabajadores, aun cuando hay otros que traen una visi\u00f3n totalmente diferente\u201d, resalt\u00f3.<\/p>\n\n\n\n<p>Sin embargo, consider\u00f3 que liderazgos como el de \u2018Don To\u00f1o\u2019, siguen prevaleciendo con s\u00f3lidas convicciones vigentes y activas dentro del partido.<\/p>\n\n\n\n<p>Antonio Valdez Villanueva se manifest\u00f3 honrado por dicha distinci\u00f3n y refrend\u00f3 su compromiso con las instituciones laborales, as\u00ed como con el partido al cual pertenece desde hace cuatro d\u00e9cadas.<\/p>\n\n\n\n<p>\u201cMi objetivo primordial es y ser\u00e1 fortalecer las instituciones, incluyendo a mi organizaci\u00f3n CTM, a mi sindicato textil y por supuesto a mi instituto pol\u00edtico en el cual participo desde hace 40 a\u00f1os. \u00a1Todos unidos, que viva la amistad, que viva nuestro compa\u00f1erismo y que viva el Partido Revolucionario Institucional!\u201d, enfatiz\u00f3.<\/p>\n\n\n\n<p>Bulmaro Pacheco Moreno, presidente de Fundaci\u00f3n Colosio en Sonora, precis\u00f3 que el reconocimiento a Valdez Villanueva obedece a su trayectoria y lealtad que por a\u00f1os ha mantenido con el partido, destac\u00e1ndose como un priista y cetemista leal.<\/p>\n\n\n\n<p>\u201cLa figura pol\u00edtica que estamos reconociendo hoy se lo merece, porque han pasado cosas en Sonora. A los que mejor tratamos se han ido del PRI; a uno los hicimos secretario de Educaci\u00f3n, secretario de Seguridad, diputado federal, local y presidente del partido; otra fue dos veces diputada local \u2018pluri\u2019 y se fue; otra la hicimos senadora, candidata a diputada, a presidenta municipal, regidora y se fue tambi\u00e9n y ahora, una central de Hermosillo se va a apoyar a Claudia Sheinbaum, pero se va transitoriamente el liderazgo, porque la organizaci\u00f3n no, est\u00e1 prohibido por Ley de Partidos Pol\u00edticos\u201d, asever\u00f3.<\/p>\n\n\n\n<p>La vida y trayectoria pol\u00edtica, sindical y social de Don To\u00f1o, fue expuesta bajo una semblanza detallada por Miguel \u00c1ngel Murillo Aispuro quien, con detalle de cada paso en su quehacer, reconoci\u00f3 todo el trabajo que desde muy joven comenz\u00f3, \u201ces indiscutiblemente un ejemplo de responsabilidad, visi\u00f3n social y lealtad\u201d, precis\u00f3.<\/p>\n\n\n\n<p>El \u2018jefe To\u00f1o\u2019 ha sido dentro de las filas del PRI regidor propietario, tesorero municipal, consejero pol\u00edtico municipal y estatal, presidente de procesos pol\u00edticos internos, ha sido coordinador de campa\u00f1as pol\u00edticas, l\u00edder sindical y cetemista, secretario general de la Federaci\u00f3n de Obreros y Campesinos, ha sido promotor de la educaci\u00f3n y benefactor de escuelas de educaci\u00f3n b\u00e1sica, entre otras actividades siempre dentro del beneficio social y sindical.<\/p>\n\n\n\n<p>Durante el evento de reconocimiento, el presidente de Fundaci\u00f3n Colosio en Cajeme, Jos\u00e9 Eduardo Salom\u00f3n Vega, tambi\u00e9n reconoci\u00f3 a \u2018don To\u00f1o\u2019 como un \u201cgran negociador, que siempre busca el beneficio com\u00fan buscando alternativas y utilizando criterios objetivos\u201d.<\/p>\n\n\n\n<p>Asimismo, el presidente del PRI Cajeme, Armando Alcal\u00e1 Alcaraz, record\u00f3 tambi\u00e9n el trabajo que por a\u00f1os ha realizado en coordinaci\u00f3n con Valdez Villanueva.<\/p>\n\n\n\n<p>\u201cEs muy merecido esto que te estamos dando, pero es muy poco para todo lo que has aportado a esta instituci\u00f3n y que todos sigamos aprendiendo de esa gran labor que has realizado\u201d, resalt\u00f3.<\/p>\n\n\n\n<p>Estuvieron presentes en el evento, familiares del homenajeado, ex presidentes municipales de Cajeme, representantes del Comit\u00e9 Directivo Estatal del PRI, l\u00edderes de organizaciones, l\u00edderes sociales y de partido, entre otros representantes del priismo sonorense.<\/p>\n\n\n\n<p class=\"has-text-align-center\"><strong>Reconocen trabajo de l\u00edderes priistas de Hermosillo<\/strong><\/p>\n\n\n\n<p>-Se realiz\u00f3 reuni\u00f3n decembrina en el CDE del PRI Sonora<\/p>\n\n\n\n<p>En un ambiente de fiesta y compa\u00f1erismo, l\u00edderes priistas tuvieron su reuni\u00f3n decembrina en donde celebraron un a\u00f1o lleno de trabajo y logros positivos para las comunidades que representan.<\/p>\n\n\n\n<p>En la celebraci\u00f3n organizada por el Comit\u00e9 Directivo Estatal y Municipal de Hermosillo del Partido de la Revolucionario Institucional (PRI) y de la delegaci\u00f3n regional del CEN, se reconoci\u00f3 a todas y todos aquellos que desde sus trincheras participan activamente en la reconstrucci\u00f3n de la unidad.<\/p>\n\n\n\n<p>Luis Miguel Vargas, presidente del PRI Hermosillo, precis\u00f3 que el trabajo de quienes lideran las colonias y las comunidades de Hermosillo, son la base para que el partido contin\u00fae fortaleci\u00e9ndose.<\/p>\n\n\n\n<p>\u201cLa verdad es que es muy importante su trabajo, si\u00e9ntanse parte de este proyecto, si\u00e9ntanse parte de este equipo, es importante generar ese sentido de pertenencia entre ustedes los liderazgos, con la gente\u201d, resalt\u00f3.<\/p>\n\n\n\n<p>El delegado regional del partido y regidor, On\u00e9simo Aguilera Burrola, agradeci\u00f3 a las y los l\u00edderes priistas asistentes a la celebraci\u00f3n y que han sido impulsores de la unidad del PRI en la entidad.<\/p>\n\n\n\n<p>En representaci\u00f3n del Comit\u00e9 Directivo del PRI en Sonora, la secretaria de Gesti\u00f3n Social, Kiki Diaz Brown, reconoci\u00f3 a quienes han trabajado por hacer cada vez m\u00e1s grande al equipo priista y llegar a m\u00e1s colonias y comunidades, fortaleciendo siempre la unidad.<\/p>\n\n\n\n<p>Como invitado especial, Ernesto G\u00e1ndara Camou, agradeci\u00f3 a los hombres y mujeres que desde las colonias lo han acompa\u00f1ado en los diferentes procesos que ha encabezado.<\/p>\n\n\n\n<p>\u201cMis l\u00edderes, nuestra gente con la que hemos trabajado siempre directamente en las colonias, en los barrios, en las comunidades rurales; estoy muy agradecido y hoy m\u00e1s que nunca tenemos que hacer cosas por Hermosillo, por Sonora y por M\u00e9xico.<\/p>\n\n\n\n<p>En representaci\u00f3n del alcalde de Hermosillo, estuvo presente en la celebraci\u00f3n, Daniel Garc\u00eda Escalante, director de Bienestar Social; la dirigente de la Confederaci\u00f3n Nacional de Organizaciones Populares (CNOP) Sonora, Sara Thomson; Blanca Colosio, secretaria general del PRI Hermosillo; Erick Niebla, secretario de Acci\u00f3n Electoral, as\u00ed como integrantes del comit\u00e9 directivo estatal y municipal.<\/p>\n","protected":false},"excerpt":{"rendered":"<p>Reconocen militancia por 40 a\u00f1os de Antonio Valdez Villanueva Ciudad Obreg\u00f3n, Sonora. 19 de diciembre de 2023. La trayectoria y militancia priista por 40 a\u00f1os de Antonio Valdez Villanueva, as\u00ed como su liderazgo sindical y cetemista, fue reconocida por el Partido Revolucionario Institucional (PRI) Sonora a trav\u00e9s de&nbsp; Fundaci\u00f3n Colosio en el estado. Este homenaje [&hellip;]<\/p>\n","protected":false},"author":1,"featured_media":3821,"comment_status":"open","ping_status":"open","sticky":false,"template":"","format":"standard","meta":{"content-type":"","footnotes":""},"categories":[117,115,9],"tags":[],"class_list":{"0":"post-3820","1":"post","2":"type-post","3":"status-publish","4":"format-standard","5":"has-post-thumbnail","7":"category-general","8":"category-politica","9":"category-sonora"},"_links":{"self":[{"href":"https:\/\/www.regioncuatronoticias.com\/index.php\/wp-json\/wp\/v2\/posts\/3820","targetHints":{"allow":["GET"]}}],"collection":[{"href":"https:\/\/www.regioncuatronoticias.com\/index.php\/wp-json\/wp\/v2\/posts"}],"about":[{"href":"https:\/\/www.regioncuatronoticias.com\/index.php\/wp-json\/wp\/v2\/types\/post"}],"author":[{"embeddable":true,"href":"https:\/\/www.regioncuatronoticias.com\/index.php\/wp-json\/wp\/v2\/users\/1"}],"replies":[{"embeddable":true,"href":"https:\/\/www.regioncuatronoticias.com\/index.php\/wp-json\/wp\/v2\/comments?post=3820"}],"version-history":[{"count":1,"href":"https:\/\/www.regioncuatronoticias.com\/index.php\/wp-json\/wp\/v2\/posts\/3820\/revisions"}],"predecessor-version":[{"id":3822,"href":"https:\/\/www.regioncuatronoticias.com\/index.php\/wp-json\/wp\/v2\/posts\/3820\/revisions\/3822"}],"wp:featuredmedia":[{"embeddable":true,"href":"https:\/\/www.regioncuatronoticias.com\/index.php\/wp-json\/wp\/v2\/media\/3821"}],"wp:attachment":[{"href":"https:\/\/www.regioncuatronoticias.com\/index.php\/wp-json\/wp\/v2\/media?parent=3820"}],"wp:term":[{"taxonomy":"category","embeddable":true,"href":"https:\/\/www.regioncuatronoticias.com\/index.php\/wp-json\/wp\/v2\/categories?post=3820"},{"taxonomy":"post_tag","embeddable":true,"href":"https:\/\/www.regioncuatronoticias.com\/index.php\/wp-json\/wp\/v2\/tags?post=3820"}],"curies":[{"name":"wp","href":"https:\/\/api.w.org\/{rel}","templated":true}]}}