{"id":37868,"date":"2026-01-29T21:42:13","date_gmt":"2026-01-30T04:42:13","guid":{"rendered":"https:\/\/www.regioncuatronoticias.com\/?p=37868"},"modified":"2026-01-29T21:42:21","modified_gmt":"2026-01-30T04:42:21","slug":"secuestran-a-10-trabajadores-de-una-mina-en-concordia-sinaloa-son-identificados","status":"publish","type":"post","link":"https:\/\/www.regioncuatronoticias.com\/index.php\/2026\/01\/29\/secuestran-a-10-trabajadores-de-una-mina-en-concordia-sinaloa-son-identificados\/","title":{"rendered":"Secuestran a 10 trabajadores de una mina en Concordia, Sinaloa; son identificados"},"content":{"rendered":"\n<p><strong>La Fiscal\u00eda de Sinaloa inform\u00f3 que ya investiga como desaparici\u00f3n el secuestro de 10 trabajadores mineros en Concordia<\/strong><\/p>\n\n\n\n<p>Tomado de L\u00f3pez-D\u00f3riga Digital<\/p>\n\n\n\n<p>Redacci\u00f3n<\/p>\n\n\n\n<p>Jueves 29 de enero de 2026<\/p>\n\n\n\n<p>Detall\u00f3 la dependencia que el pasado 24 de enero el apoderado legal de la empresa Vizsla Silver Corp denunci\u00f3 la desaparici\u00f3n de diez de sus trabajadores.<\/p>\n\n\n\n<p>Se abri\u00f3 una carpeta de investigaci\u00f3n por el delito de desaparici\u00f3n cometida por particulares.<\/p>\n\n\n\n<p>La Fiscal\u00eda de Sinaloa afirm\u00f3 que desde que se tuvo conocimiento de los hechos se entabl\u00f3 una coordinaci\u00f3n interinstitucional con autoridades estatales y federales para la b\u00fasqueda de los trabajadores mineros.<\/p>\n\n\n\n<p>Como parte de las acciones implementadas, el 27 de enero se llev\u00f3 a cabo un cateo, sin abundarse en detalles.<\/p>\n\n\n\n<p>Por su parte, la empresa Vizsla Silver Corp sostuvo que se trat\u00f3 de un secuestro y que su prioridad es la seguridad y el bienestar de las personas involucradas.<\/p>\n\n\n\n<p>Como medida preventiva la minera suspendi\u00f3 temporalmente ciertas actividades en el sitio y sus alrededores.<\/p>\n\n\n\n<p><strong>&nbsp;Identifican a trabajadores mineros secuestrados en Concordia<\/strong><\/p>\n\n\n\n<p>De acuerdo con el medio R\u00edo Doce, los trabajadores mineros secuestrados son ingenieros y proveedores de Seguridad.<\/p>\n\n\n\n<p>El secuestro ocurri\u00f3 en el fraccionamiento La Clementina de Concordia.<\/p>\n\n\n\n<p><strong>Las v\u00edctimas son los ingenieros:<\/strong><\/p>\n\n\n\n<p>Jos\u00e9 \u00c1ngel Hern\u00e1ndez V\u00e9lez, de 38 a\u00f1os.<\/p>\n\n\n\n<p>Francisco Antonio Esparza Y\u00e1\u00f1ez, de 65 a\u00f1os.<\/p>\n\n\n\n<p>Jos\u00e9 Manuel Casta\u00f1eda Hern\u00e1ndez, de 35 a\u00f1os.<\/p>\n\n\n\n<p>Sa\u00fal Alberto Ochoa P\u00e9rez, de 35 a\u00f1os.<\/p>\n\n\n\n<p>Antonio de la O Valdez, de 30 a\u00f1os.<\/p>\n\n\n\n<p>Ignacio Aurelio Salazar Flores, de 37 a\u00f1os.<\/p>\n\n\n\n<p><strong>As\u00ed como los proveedores de Seguridad:<\/strong><\/p>\n\n\n\n<p>Jos\u00e9 Antonio Jim\u00e9nez Nev\u00e1rez, de 32 a\u00f1os.<\/p>\n\n\n\n<p>Javier Emilio Valdez Valenzuela, de 40 a\u00f1os.<\/p>\n\n\n\n<p>Javier Guillermo Vargas Valle, de 40 a\u00f1os.<\/p>\n\n\n\n<p>Miguel Tapia Ray\u00f3n, de 40 a\u00f1os.<\/p>\n\n\n\n<p>Con informaci\u00f3n de L\u00f3pez-D\u00f3riga Digital y R\u00edo Doce<\/p>\n\n\n\n<figure class=\"wp-block-embed is-type-wp-embed is-provider-l-pez-d-riga-digital wp-block-embed-l-pez-d-riga-digital\"><div class=\"wp-block-embed__wrapper\">\n<blockquote class=\"wp-embedded-content\" data-secret=\"EXkJYz8x3L\"><a href=\"https:\/\/lopezdoriga.com\/nacional\/identifican-10-trabajadores-mina-secuestrados-sinaloa\/\">Identifican a los 10 trabajadores de mina secuestrados en Sinaloa<\/a><\/blockquote><iframe loading=\"lazy\" class=\"wp-embedded-content\" sandbox=\"allow-scripts\" security=\"restricted\" style=\"position: absolute; visibility: hidden;\" title=\"&#8220;Identifican a los 10 trabajadores de mina secuestrados en Sinaloa&#8221; &#8212; L\u00f3pez-D\u00f3riga Digital\" src=\"https:\/\/lopezdoriga.com\/nacional\/identifican-10-trabajadores-mina-secuestrados-sinaloa\/embed\/#?secret=djyf0IMY7z#?secret=EXkJYz8x3L\" data-secret=\"EXkJYz8x3L\" width=\"600\" height=\"338\" frameborder=\"0\" marginwidth=\"0\" marginheight=\"0\" scrolling=\"no\"><\/iframe>\n<\/div><\/figure>\n","protected":false},"excerpt":{"rendered":"<p>La Fiscal\u00eda de Sinaloa inform\u00f3 que ya investiga como desaparici\u00f3n el secuestro de 10 trabajadores mineros en Concordia Tomado de L\u00f3pez-D\u00f3riga Digital Redacci\u00f3n Jueves 29 de enero de 2026 Detall\u00f3 la dependencia que el pasado 24 de enero el apoderado legal de la empresa Vizsla Silver Corp denunci\u00f3 la desaparici\u00f3n de diez de sus trabajadores. [&hellip;]<\/p>\n","protected":false},"author":1,"featured_media":37869,"comment_status":"open","ping_status":"open","sticky":false,"template":"","format":"standard","meta":{"content-type":"","footnotes":""},"categories":[3,105,113],"tags":[],"class_list":{"0":"post-37868","1":"post","2":"type-post","3":"status-publish","4":"format-standard","5":"has-post-thumbnail","7":"category-mexico","8":"category-principal","9":"category-seguridad"},"_links":{"self":[{"href":"https:\/\/www.regioncuatronoticias.com\/index.php\/wp-json\/wp\/v2\/posts\/37868","targetHints":{"allow":["GET"]}}],"collection":[{"href":"https:\/\/www.regioncuatronoticias.com\/index.php\/wp-json\/wp\/v2\/posts"}],"about":[{"href":"https:\/\/www.regioncuatronoticias.com\/index.php\/wp-json\/wp\/v2\/types\/post"}],"author":[{"embeddable":true,"href":"https:\/\/www.regioncuatronoticias.com\/index.php\/wp-json\/wp\/v2\/users\/1"}],"replies":[{"embeddable":true,"href":"https:\/\/www.regioncuatronoticias.com\/index.php\/wp-json\/wp\/v2\/comments?post=37868"}],"version-history":[{"count":1,"href":"https:\/\/www.regioncuatronoticias.com\/index.php\/wp-json\/wp\/v2\/posts\/37868\/revisions"}],"predecessor-version":[{"id":37870,"href":"https:\/\/www.regioncuatronoticias.com\/index.php\/wp-json\/wp\/v2\/posts\/37868\/revisions\/37870"}],"wp:featuredmedia":[{"embeddable":true,"href":"https:\/\/www.regioncuatronoticias.com\/index.php\/wp-json\/wp\/v2\/media\/37869"}],"wp:attachment":[{"href":"https:\/\/www.regioncuatronoticias.com\/index.php\/wp-json\/wp\/v2\/media?parent=37868"}],"wp:term":[{"taxonomy":"category","embeddable":true,"href":"https:\/\/www.regioncuatronoticias.com\/index.php\/wp-json\/wp\/v2\/categories?post=37868"},{"taxonomy":"post_tag","embeddable":true,"href":"https:\/\/www.regioncuatronoticias.com\/index.php\/wp-json\/wp\/v2\/tags?post=37868"}],"curies":[{"name":"wp","href":"https:\/\/api.w.org\/{rel}","templated":true}]}}