{"id":37865,"date":"2026-01-29T21:21:53","date_gmt":"2026-01-30T04:21:53","guid":{"rendered":"https:\/\/www.regioncuatronoticias.com\/?p=37865"},"modified":"2026-01-29T21:21:56","modified_gmt":"2026-01-30T04:21:56","slug":"cae-en-en-ciudad-obregon-el-chino-arce-jefe-de-sicarios-de-los-salazar-y-aliado-de-los-chapitos","status":"publish","type":"post","link":"https:\/\/www.regioncuatronoticias.com\/index.php\/2026\/01\/29\/cae-en-en-ciudad-obregon-el-chino-arce-jefe-de-sicarios-de-los-salazar-y-aliado-de-los-chapitos\/","title":{"rendered":"Cae en en Ciudad Obreg\u00f3n \u201cEl Chino\u201d Arce, jefe de sicarios de &#8216;Los Salazar&#8217; y aliado de &#8216;Los Chapitos&#8217;"},"content":{"rendered":"\n<p><strong>&#8220;Los Salazar&#8221; es considerado como el grupo delictivo m\u00e1s violento del estado de Sonora y se ha sumado a los ataques de &#8220;Los Chapitos&#8221; contra la facci\u00f3n de &#8220;Los Mayos&#8221;<\/strong><\/p>\n\n\n\n<p>Tomado de Aristegui Noticias<\/p>\n\n\n\n<p>Redacci\u00f3n AN \/ JOF<\/p>\n\n\n\n<p>Jueves 29 de enero de 2026<\/p>\n\n\n\n<p>Personal de la Armada de M\u00e9xico logr\u00f3 la detenci\u00f3n de Jes\u00fas Iv\u00e1n Arce Verdugo, alias \u201cEl Chino Arce\u201d, jefe de sicarios al servicio de \u201cLos Salazar\u201d, considerado como el grupo delictivo m\u00e1s violento del estado de Sonora y aliado de \u201cLos Chapitos\u201d en la actual disputa contra la facci\u00f3n de \u201cLos Mayitos\u201d.<\/p>\n\n\n\n<p>De acuerdo con un comunicado, Arce Verdugo fue capturado en Ciudad Obreg\u00f3n, Sonora, en una operaci\u00f3n conjunta de la Secretar\u00eda de Marina (Semar) y la Agencia Ministerial de Investigaci\u00f3n Criminal (AMIC) de la Fiscal\u00eda de Sonora, derivado de trabajos de inteligencia relacionados con el grupo criminal de \u201cLos Salazar\u201d.<\/p>\n\n\n\n<p>\u201cEl Chino Arce\u201d era identificado por autoridades estatales y perfiles como un criminal de alto perfil, por lo que era considerado un objetivo prioritario y se le se\u00f1alaba como uno de los principales generadores de violencia al sur de Sonora.<\/p>\n\n\n\n<p>Bajo este alias, Iv\u00e1n Arce operaba como jefe de una c\u00e9lula delictiva de \u201cLos Salazar\u201d y cuenta con cinco \u00f3rdenes de aprehensi\u00f3n vigentes por diversos delitos de alto impacto, entre ellos homicidio, asociaci\u00f3n delictuosa, tentativa de homicidio y privaci\u00f3n ilegal de la libertad, de acuerdo con la Fiscal\u00eda General de Justicia del Estado de Sonora (FGJES).<\/p>\n\n\n\n<p>A \u201cEl Chino Arce\u201d se le atribuye un ataque armado ocurrido durante una fiesta de XV a\u00f1os registrada la madrugada del 29 de diciembre de 2023 en un domicilio de la colonia Cajeme, en Ciudad Obreg\u00f3n, mismo que dej\u00f3 como saldo ocho personas muertas y 26 m\u00e1s lesionadas.<\/p>\n\n\n\n<p>Derivado de este evento, se gir\u00f3 una orden de aprehensi\u00f3n contra Jes\u00fas Iv\u00e1n Arce Verdugo por el homicidio m\u00faltiple y pas\u00f3 a ser considerado como uno de los blancos prioritarios de las fuerzas de seguridad en Sonora.<\/p>\n\n\n\n<p>Los reportes de inteligencia se\u00f1alan que tras la hist\u00f3rica ruptura del C\u00e1rtel de Sinaloa registrada tras la entrega de Ismael \u201cEl Mayo\u201d Zambada al gobierno de Estados Unidos, el grupo de \u201cLos Salazar\u201d se inclinaron por la facci\u00f3n de \u201cLos Chapitos\u201d con la que han estado vinculados hist\u00f3ricamente.<\/p>\n\n\n\n<p>Pese a su alianza con \u201cLos Chapitos\u201d, \u201cLos Salazar\u201d tambi\u00e9n ten\u00edan disputas armadas con otros grupos criminales ligados a los propios \u201cChapitos\u201d para tratar de lograr el control territorial del sur de Sonora, provocando un incremento de la violencia en dicha entidad.<\/p>\n\n\n\n<p>Por lo anterior, \u201cEl Chino\u201d Arce ordenaba de forma recurrente ataques contra otras organizaciones delictivas en Ciudad Obreg\u00f3n y otras comunidades del municipio de Cajeme.<\/p>\n\n\n\n<p><a href=\"https:\/\/aristeguinoticias.com\/2901\/mexico\/cae-en-sonora-el-chino-arce-jefe-de-sicarios-de-los-salazar-y-aliado-de-los-chapitos\">https:\/\/aristeguinoticias.com\/2901\/mexico\/cae-en-sonora-el-chino-arce-jefe-de-sicarios-de-los-salazar-y-aliado-de-los-chapitos<\/a><\/p>\n","protected":false},"excerpt":{"rendered":"<p>&#8220;Los Salazar&#8221; es considerado como el grupo delictivo m\u00e1s violento del estado de Sonora y se ha sumado a los ataques de &#8220;Los Chapitos&#8221; contra la facci\u00f3n de &#8220;Los Mayos&#8221; Tomado de Aristegui Noticias Redacci\u00f3n AN \/ JOF Jueves 29 de enero de 2026 Personal de la Armada de M\u00e9xico logr\u00f3 la detenci\u00f3n de Jes\u00fas [&hellip;]<\/p>\n","protected":false},"author":1,"featured_media":37866,"comment_status":"open","ping_status":"open","sticky":false,"template":"","format":"standard","meta":{"content-type":"","footnotes":""},"categories":[105,113,9],"tags":[],"class_list":{"0":"post-37865","1":"post","2":"type-post","3":"status-publish","4":"format-standard","5":"has-post-thumbnail","7":"category-principal","8":"category-seguridad","9":"category-sonora"},"_links":{"self":[{"href":"https:\/\/www.regioncuatronoticias.com\/index.php\/wp-json\/wp\/v2\/posts\/37865","targetHints":{"allow":["GET"]}}],"collection":[{"href":"https:\/\/www.regioncuatronoticias.com\/index.php\/wp-json\/wp\/v2\/posts"}],"about":[{"href":"https:\/\/www.regioncuatronoticias.com\/index.php\/wp-json\/wp\/v2\/types\/post"}],"author":[{"embeddable":true,"href":"https:\/\/www.regioncuatronoticias.com\/index.php\/wp-json\/wp\/v2\/users\/1"}],"replies":[{"embeddable":true,"href":"https:\/\/www.regioncuatronoticias.com\/index.php\/wp-json\/wp\/v2\/comments?post=37865"}],"version-history":[{"count":1,"href":"https:\/\/www.regioncuatronoticias.com\/index.php\/wp-json\/wp\/v2\/posts\/37865\/revisions"}],"predecessor-version":[{"id":37867,"href":"https:\/\/www.regioncuatronoticias.com\/index.php\/wp-json\/wp\/v2\/posts\/37865\/revisions\/37867"}],"wp:featuredmedia":[{"embeddable":true,"href":"https:\/\/www.regioncuatronoticias.com\/index.php\/wp-json\/wp\/v2\/media\/37866"}],"wp:attachment":[{"href":"https:\/\/www.regioncuatronoticias.com\/index.php\/wp-json\/wp\/v2\/media?parent=37865"}],"wp:term":[{"taxonomy":"category","embeddable":true,"href":"https:\/\/www.regioncuatronoticias.com\/index.php\/wp-json\/wp\/v2\/categories?post=37865"},{"taxonomy":"post_tag","embeddable":true,"href":"https:\/\/www.regioncuatronoticias.com\/index.php\/wp-json\/wp\/v2\/tags?post=37865"}],"curies":[{"name":"wp","href":"https:\/\/api.w.org\/{rel}","templated":true}]}}