{"id":37844,"date":"2026-01-29T13:35:15","date_gmt":"2026-01-29T20:35:15","guid":{"rendered":"https:\/\/www.regioncuatronoticias.com\/?p=37844"},"modified":"2026-01-29T13:37:13","modified_gmt":"2026-01-29T20:37:13","slug":"avanza-imss-en-meta-de-vacunacion-de-temporada-invernal-con-aplicacion-de-mas-de-16-5-millones-de-dosis","status":"publish","type":"post","link":"https:\/\/www.regioncuatronoticias.com\/index.php\/2026\/01\/29\/avanza-imss-en-meta-de-vacunacion-de-temporada-invernal-con-aplicacion-de-mas-de-16-5-millones-de-dosis\/","title":{"rendered":"Avanza IMSS en meta de vacunaci\u00f3n de temporada invernal con aplicaci\u00f3n de m\u00e1s de 16.5 millones de dosis"},"content":{"rendered":"\n<p><strong>\u25cf Desde el 13 de octubre de 2025 se administran dosis contra influenza, COVID-19 y neumococo a poblaci\u00f3n blanco y con alg\u00fan factor de riesgo.<\/strong><\/p>\n\n\n\n<p><strong>\u25cf Se invita a la poblaci\u00f3n que no se ha vacunado acudir a las Unidades de Medicina Familiar o Rurales, pues ante cambios de temperatura y entrada de frentes fr\u00edos es mayor el riesgo de adquirir infecciones respiratorias.<\/strong><\/p>\n\n\n\n<p>Ciudad de M\u00e9xico, mi\u00e9rcoles 28 de enero de 2026.- Con la aplicaci\u00f3n de 11 millones 968 mil 462 dosis de vacuna contra la influenza, tres millones 409 mil 543 contra COVID-19 y un mill\u00f3n 180 mil 496 contra neumococo el Instituto Mexicano del Seguro Social (IMSS) avanza en el cumplimiento de las metas establecidas por el sector salud como parte de la Campa\u00f1a de Vacunaci\u00f3n para la Temporada Invernal 2025\u20132026.<\/p>\n\n\n\n<p>El doctor Rodrigo Guadalupe Ojeda Escoto, coordinador de Programas M\u00e9dicos del \u00e1rea de Prevenci\u00f3n de Enfermedades Transmisibles y Vacunaci\u00f3n de la Coordinaci\u00f3n de Unidades de Primer Nivel, indic\u00f3 que este balance es con corte al 23 de enero y a\u00f1adi\u00f3 que el Instituto cuenta con mil 280 puntos de vacunaci\u00f3n que pueden estar dentro o fuera de las Unidades de Medicina Familiar (UMF), donde se aplican las vacunas a derechohabientes y a poblaci\u00f3n en general.<\/p>\n\n\n\n<p>Dijo que si bien la campa\u00f1a finaliza el 3 de abril del presente a\u00f1o, ante los cambios de temperatura y entrada de frentes fr\u00edos al territorio durante la temporada invernal, hay mayor riesgo de adquirir infecciones respiratorias como influenza y COVID-19.<\/p>\n\n\n\n<p>Llam\u00f3 a quienes a\u00fan no se han inmunizado para que acudan a las UMF del Seguro Social o a los m\u00f3dulos itinerantes que se instalan en sitios p\u00fablicos como supermercados, tianguis o en lugares de mayor afluencia como plazas p\u00fablicas.<\/p>\n\n\n\n<p>Refiri\u00f3 que las vacunas van dirigidas a la poblaci\u00f3n infantil de 6 a 59 meses de edad y a las personas adultas de 60 y m\u00e1s a\u00f1os, de igual forma a personas de 5 a 59 a\u00f1os con alg\u00fan factor de riesgo, como personas en estado de embarazo, personal de salud, poblaci\u00f3n que vive con c\u00e1ncer, diabetes, VIH y enfermedades que, en situaci\u00f3n de descontrol, debilitan el sistema inmunol\u00f3gico.<\/p>\n\n\n\n<figure class=\"wp-block-image size-large\"><img loading=\"lazy\" loading=\"lazy\" decoding=\"async\" width=\"1280\" height=\"853\" src=\"https:\/\/www.regioncuatronoticias.com\/wp-content\/uploads\/2026\/01\/image-50-1280x853.png\" alt=\"\" class=\"wp-image-37848\" srcset=\"https:\/\/www.regioncuatronoticias.com\/wp-content\/uploads\/2026\/01\/image-50-1280x853.png 1280w, https:\/\/www.regioncuatronoticias.com\/wp-content\/uploads\/2026\/01\/image-50-640x426.png 640w, https:\/\/www.regioncuatronoticias.com\/wp-content\/uploads\/2026\/01\/image-50-768x512.png 768w, https:\/\/www.regioncuatronoticias.com\/wp-content\/uploads\/2026\/01\/image-50-1536x1023.png 1536w, https:\/\/www.regioncuatronoticias.com\/wp-content\/uploads\/2026\/01\/image-50-330x220.png 330w, https:\/\/www.regioncuatronoticias.com\/wp-content\/uploads\/2026\/01\/image-50-420x280.png 420w, https:\/\/www.regioncuatronoticias.com\/wp-content\/uploads\/2026\/01\/image-50-615x410.png 615w, https:\/\/www.regioncuatronoticias.com\/wp-content\/uploads\/2026\/01\/image-50-860x573.png 860w, https:\/\/www.regioncuatronoticias.com\/wp-content\/uploads\/2026\/01\/image-50.png 1600w\" sizes=\"auto, (max-width: 1280px) 100vw, 1280px\" \/><\/figure>\n\n\n\n<p>El doctor Ojeda Escoto detall\u00f3 que el Seguro Social, en apego a los lineamientos sectoriales, lleva a cabo las acciones de vacunaci\u00f3n con tres objetivos primordiales:<\/p>\n\n\n\n<p><strong>1.Prevenir las formas graves de la infecci\u00f3n, as\u00ed como las complicaciones cl\u00ednicas causadas por los agentes virales, Influenza y COVID-19, en la poblaci\u00f3n blanco y aquella con factores de riesgo.<\/strong><\/p>\n\n\n\n<p><strong>2.Contribuir a la reducci\u00f3n del impacto en la carga de enfermedad institucional por Infecciones Respiratorias Agudas Graves en el pa\u00eds.<\/strong><\/p>\n\n\n\n<p><strong>3. Incentivar la vacunaci\u00f3n simult\u00e1nea de influenza, COVID-19 y neumoc\u00f3cica\u00a0 conjugada.<\/strong><\/p>\n\n\n\n<p>Indic\u00f3 que de acuerdo con la poblaci\u00f3n que atiende el Seguro Social en grupo blanco y con alg\u00fan factor de riesgo, se plantearon como metas de la campa\u00f1a la aplicaci\u00f3n de 13.9 millones de dosis de vacuna contra influenza, 4.4 millones contra COVID-19 y 1.8 millones contra neumococo.<\/p>\n\n\n\n<p>Se\u00f1al\u00f3 que, en cada UMF, adem\u00e1s del personal de Enfermer\u00eda, con el apoyo de personal del \u00e1rea m\u00e9dica, Trabajo Social, asistentes m\u00e9dicas y agentes de Trato Digno derivan a la poblaci\u00f3n al m\u00f3dulo de vacunaci\u00f3n; adicionalmente, se contrat\u00f3 a m\u00e1s de mil 750 elementos que participan espec\u00edficamente en actividades de vacunaci\u00f3n de la campa\u00f1a.<\/p>\n\n\n\n<p>Inform\u00f3 que la aplicaci\u00f3n de la vacuna contra influenza, COVID-19 y neumococo se lleva a cabo en Unidades M\u00e9dicas de lunes a viernes en un horario de 8:00 a 20:00 horas y en Unidades de Tiempo completo los fines de semana. Tambi\u00e9n se despliegan puntos de vacunaci\u00f3n en puntos estrat\u00e9gicos fuera de unidades m\u00e9dicas los fines de semana.<\/p>\n\n\n\n<p>Explic\u00f3 que, durante el proceso de vacunaci\u00f3n, el personal de salud preferentemente consulta la Cartilla Nacional de Salud para revisar si a la persona le falta alguna vacuna, a fin de completar su esquema. Si no se cuenta a la mano con la Cartilla, no es impedimento para vacunarse.<\/p>\n\n\n\n<p>\u201cEs muy importante acudir a nuestra Unidad de Medicina Familiar o Unidad M\u00e9dica Rural si estamos dentro de la poblaci\u00f3n de riesgo de 5 a 59 a\u00f1os o si padecemos de alguna enfermedad cr\u00f3nica; debemos procurar tambi\u00e9n a nuestro n\u00facleo familiar, si tenemos menores de edad en casa o adultos mayores, llevarlos a los m\u00f3dulos para que sean inmunizados\u201d, enfatiz\u00f3 el doctor Ojeda Escoto.<\/p>\n\n\n\n<p>Link de fotos:<\/p>\n\n\n\n<p><a href=\"https:\/\/drive.google.com\/drive\/folders\/1Xjx8Kg1v9sOrP3biwt1gwFNoOYeEgUIY\">https:\/\/drive.google.com\/drive\/folders\/1Xjx8Kg1v9sOrP3biwt1gwFNoOYeEgUIY<\/a><\/p>\n\n\n\n<p>Link de video:<\/p>\n\n\n\n<p><a href=\"https:\/\/sendgb.com\/PczmDoHGVrW\">https:\/\/sendgb.com\/PczmDoHGVrW<\/a><\/p>\n\n\n\n<p><\/p>\n","protected":false},"excerpt":{"rendered":"<p>\u25cf Desde el 13 de octubre de 2025 se administran dosis contra influenza, COVID-19 y neumococo a poblaci\u00f3n blanco y con alg\u00fan factor de riesgo. \u25cf Se invita a la poblaci\u00f3n que no se ha vacunado acudir a las Unidades de Medicina Familiar o Rurales, pues ante cambios de temperatura y entrada de frentes fr\u00edos [&hellip;]<\/p>\n","protected":false},"author":1,"featured_media":37845,"comment_status":"open","ping_status":"open","sticky":false,"template":"","format":"standard","meta":{"content-type":"","footnotes":""},"categories":[3,105,6],"tags":[],"class_list":{"0":"post-37844","1":"post","2":"type-post","3":"status-publish","4":"format-standard","5":"has-post-thumbnail","7":"category-mexico","8":"category-principal","9":"category-salud"},"_links":{"self":[{"href":"https:\/\/www.regioncuatronoticias.com\/index.php\/wp-json\/wp\/v2\/posts\/37844","targetHints":{"allow":["GET"]}}],"collection":[{"href":"https:\/\/www.regioncuatronoticias.com\/index.php\/wp-json\/wp\/v2\/posts"}],"about":[{"href":"https:\/\/www.regioncuatronoticias.com\/index.php\/wp-json\/wp\/v2\/types\/post"}],"author":[{"embeddable":true,"href":"https:\/\/www.regioncuatronoticias.com\/index.php\/wp-json\/wp\/v2\/users\/1"}],"replies":[{"embeddable":true,"href":"https:\/\/www.regioncuatronoticias.com\/index.php\/wp-json\/wp\/v2\/comments?post=37844"}],"version-history":[{"count":2,"href":"https:\/\/www.regioncuatronoticias.com\/index.php\/wp-json\/wp\/v2\/posts\/37844\/revisions"}],"predecessor-version":[{"id":37849,"href":"https:\/\/www.regioncuatronoticias.com\/index.php\/wp-json\/wp\/v2\/posts\/37844\/revisions\/37849"}],"wp:featuredmedia":[{"embeddable":true,"href":"https:\/\/www.regioncuatronoticias.com\/index.php\/wp-json\/wp\/v2\/media\/37845"}],"wp:attachment":[{"href":"https:\/\/www.regioncuatronoticias.com\/index.php\/wp-json\/wp\/v2\/media?parent=37844"}],"wp:term":[{"taxonomy":"category","embeddable":true,"href":"https:\/\/www.regioncuatronoticias.com\/index.php\/wp-json\/wp\/v2\/categories?post=37844"},{"taxonomy":"post_tag","embeddable":true,"href":"https:\/\/www.regioncuatronoticias.com\/index.php\/wp-json\/wp\/v2\/tags?post=37844"}],"curies":[{"name":"wp","href":"https:\/\/api.w.org\/{rel}","templated":true}]}}