{"id":37823,"date":"2026-01-28T22:52:54","date_gmt":"2026-01-29T05:52:54","guid":{"rendered":"https:\/\/www.regioncuatronoticias.com\/?p=37823"},"modified":"2026-01-28T22:52:56","modified_gmt":"2026-01-29T05:52:56","slug":"en-suecia-procesaran-penalmente-a-ninos-de-13-anos-ligados-a-bandas-criminales","status":"publish","type":"post","link":"https:\/\/www.regioncuatronoticias.com\/index.php\/2026\/01\/28\/en-suecia-procesaran-penalmente-a-ninos-de-13-anos-ligados-a-bandas-criminales\/","title":{"rendered":"En Suecia procesar\u00e1n penalmente a ni\u00f1os de 13 a\u00f1os ligados a bandas criminales"},"content":{"rendered":"\n<p><strong>-El gobierno sueco avanza con ese plan en respuesta al reclutamiento forzado por bandas criminales<\/strong><\/p>\n\n\n\n<p><strong>-La medida, que podr\u00eda aplicarse este verano para casos como homicidio o violaci\u00f3n agravada, enfrenta la oposici\u00f3n de autoridades policiales y penitenciarias.<\/strong><\/p>\n\n\n\n<p>Tomado de El Imparcial<\/p>\n\n\n\n<p>Adriana Zarate&nbsp;<\/p>\n\n\n\n<p>Mi\u00e9rcoles 28 de enero de 2026<\/p>\n\n\n\n<p>Suecia enfrenta una situaci\u00f3n que su propio Ministro de Justicia califica como una \u201cemergencia\u201d.<\/p>\n\n\n\n<p>El aumento de delitos violentos cometidos por menores reclutados por bandas criminales ha llevado al gobierno a proponer un cambio legal hist\u00f3rico: bajar la edad de responsabilidad penal de los 15 a los 13 a\u00f1os para casos graves.<\/p>\n\n\n\n<p>Este plan, que podr\u00eda entrar en vigor este verano, busca romper la impunidad con la que las redes delictivas utilizan a ni\u00f1os y adolescentes. Sin embargo, la propuesta ha desatado un intenso debate.<\/p>\n\n\n\n<p>Autoridades policiales, penitenciarias y defensores de los derechos infantiles advierten sobre riesgos no deseados, como la captaci\u00f3n de infantes a\u00fan m\u00e1s j\u00f3venes o la vulneraci\u00f3n de derechos fundamentales.<\/p>\n\n\n\n<p><strong>\u00bfQu\u00e9 propone exactamente el gobierno sueco?<\/strong><\/p>\n\n\n\n<p>De acuerdo con BBC, el Ministro de Justicia, Gunnar Str\u00f6mmer, aclar\u00f3 que no se trata de una reducci\u00f3n general de la edad penal. La medida aplicar\u00eda \u00fanicamente para \u201clos delitos m\u00e1s graves\u201d. Estos incluyen:<\/p>\n\n\n\n<p><strong>-Homicidio y tentativa de homicidio.<\/strong><\/p>\n\n\n\n<p><strong>&#8211; con explosivos agravados.<\/strong><\/p>\n\n\n\n<p><strong>-Delitos graves con armas.<\/strong><\/p>\n\n\n\n<p><strong>-Violaci\u00f3n agravada.<\/strong><\/p>\n\n\n\n<p>Para estos casos espec\u00edficos, j\u00f3venes de 13 y 14 a\u00f1os podr\u00edan ser procesados penalmente. En algunas circunstancias, incluso podr\u00edan enfrentar penas de prisi\u00f3n.<\/p>\n\n\n\n<p><strong>El motor del cambio: datos y una promesa pol\u00edtica<\/strong><\/p>\n\n\n\n<p>La decisi\u00f3n se basa en una tendencia preocupante. Datos del Consejo Nacional Sueco para la Prevenci\u00f3n del Crimen muestran que el n\u00famero de delitos registrados vinculados a sospechosos menores de 15 a\u00f1os se duplic\u00f3 en la \u00faltima d\u00e9cada.<\/p>\n\n\n\n<p>El gobierno actual, que asumi\u00f3 en 2022, lleg\u00f3 al poder con la promesa de combatir el crimen organizado.<\/p>\n\n\n\n<p>Una investigaci\u00f3n oficial recomend\u00f3 a inicios de 2025 bajar la edad a 14 a\u00f1os. Pero el Primer Ministro Ulf Kristersson fue m\u00e1s all\u00e1 en septiembre, anunciando la reducci\u00f3n a 13 a\u00f1os. Argument\u00f3 que los ni\u00f1os est\u00e1n \u201csiendo explotados sin piedad por las redes criminales para cometer delitos graves\u201d.<\/p>\n\n\n\n<p>Tanto para proteger a estos ni\u00f1os como a sus potenciales v\u00edctimas, el gobierno est\u00e1 tomando medidas firmes contra este tipo de explotaci\u00f3n c\u00ednica\u201d, a\u00f1adi\u00f3.<\/p>\n\n\n\n<p><strong>La oposici\u00f3n: advertencias desde dentro del sistema<\/strong><\/p>\n\n\n\n<p>La propuesta se envi\u00f3 para consulta a 126 autoridades y organizaciones. La respuesta fue una ola de cr\u00edticas fundamentadas:<\/p>\n\n\n\n<p><strong>La Polic\u00eda Nacional Sueca: <\/strong>Advirti\u00f3 en noviembre que el cambio podr\u00eda llevar a que \u201cni\u00f1os significativamente m\u00e1s j\u00f3venes\u201d sean involucrados por las bandas.<\/p>\n\n\n\n<p><strong>El Servicio de Prisiones y Libertad Condicional:<\/strong> Se\u00f1al\u00f3 que el sistema no est\u00e1 preparado para manejar delincuentes tan j\u00f3venes. Dijo que su detenci\u00f3n podr\u00eda violar los derechos del ni\u00f1o y que estos deber\u00edan ser atendidos de \u201cotras maneras\u201d.<\/p>\n\n\n\n<p><strong>Cr\u00edticas pol\u00edticas: <\/strong>Fredrik Hjulstr\u00f6m, un jefe de autoridad local que revisa la propuesta, declar\u00f3 a la televisora p\u00fablica SVT que el proyecto de ley carece de \u201cargumentos f\u00e1cticos\u201d. Sostuvo que los ni\u00f1os deben recibir cuidado, no castigo, y sugiri\u00f3 que la iniciativa busca ganar puntos pol\u00edticos de cara a las elecciones generales de septiembre.<\/p>\n\n\n\n<p><strong>Abogados especializados: <\/strong>Johan Eriksson, un abogado, coincidi\u00f3 en la necesidad de actuar contra el reclutamiento, pero dijo que bajar la edad penal \u201cprobablemente tendr\u00eda el efecto contrario\u201d.<\/p>\n\n\n\n<p><strong>\u00bfQu\u00e9 sigue en el proceso?<\/strong><\/p>\n\n\n\n<p>El gobierno ha reconocido las cr\u00edticas. Str\u00f6mmer afirm\u00f3 este lunes que tom\u00f3 nota de ellas, pero insisti\u00f3 en que la situaci\u00f3n es ahora m\u00e1s urgente.<\/p>\n\n\n\n<p>El proyecto de ley ser\u00e1 enviado ahora al Consejo de Legislaci\u00f3n de Suecia, un organismo que revisa t\u00e9cnicamente las iniciativas antes de que lleguen al parlamento para su votaci\u00f3n final.<\/p>\n\n\n\n<p>La decisi\u00f3n que tome Suecia ser\u00e1 observada con atenci\u00f3n internacional. Representa el dilema entre endurecer la respuesta penal para proteger a la sociedad y proteger los derechos de los menores, quienes, en muchos casos, son primero v\u00edctimas de reclutamiento antes de convertirse en victimarios.<\/p>\n\n\n\n<p><a href=\"https:\/\/www.elimparcial.com\/mundo\/2026\/01\/29\/el-gobierno-sueco-avanza-con-un-plan-para-procesar-penalmente-a-ninos-desde-los-13-anos-en-respuesta-al-reclutamiento-forzado-por-bandas-criminales\">https:\/\/www.elimparcial.com\/mundo\/2026\/01\/29\/el-gobierno-sueco-avanza-con-un-plan-para-procesar-penalmente-a-ninos-desde-los-13-anos-en-respuesta-al-reclutamiento-forzado-por-bandas-criminales<\/a><\/p>\n","protected":false},"excerpt":{"rendered":"<p>-El gobierno sueco avanza con ese plan en respuesta al reclutamiento forzado por bandas criminales -La medida, que podr\u00eda aplicarse este verano para casos como homicidio o violaci\u00f3n agravada, enfrenta la oposici\u00f3n de autoridades policiales y penitenciarias. Tomado de El Imparcial Adriana Zarate&nbsp; Mi\u00e9rcoles 28 de enero de 2026 Suecia enfrenta una situaci\u00f3n que su [&hellip;]<\/p>\n","protected":false},"author":1,"featured_media":37824,"comment_status":"open","ping_status":"open","sticky":false,"template":"","format":"standard","meta":{"content-type":"","footnotes":""},"categories":[7,115,105],"tags":[],"class_list":{"0":"post-37823","1":"post","2":"type-post","3":"status-publish","4":"format-standard","5":"has-post-thumbnail","7":"category-internacional","8":"category-politica","9":"category-principal"},"_links":{"self":[{"href":"https:\/\/www.regioncuatronoticias.com\/index.php\/wp-json\/wp\/v2\/posts\/37823","targetHints":{"allow":["GET"]}}],"collection":[{"href":"https:\/\/www.regioncuatronoticias.com\/index.php\/wp-json\/wp\/v2\/posts"}],"about":[{"href":"https:\/\/www.regioncuatronoticias.com\/index.php\/wp-json\/wp\/v2\/types\/post"}],"author":[{"embeddable":true,"href":"https:\/\/www.regioncuatronoticias.com\/index.php\/wp-json\/wp\/v2\/users\/1"}],"replies":[{"embeddable":true,"href":"https:\/\/www.regioncuatronoticias.com\/index.php\/wp-json\/wp\/v2\/comments?post=37823"}],"version-history":[{"count":1,"href":"https:\/\/www.regioncuatronoticias.com\/index.php\/wp-json\/wp\/v2\/posts\/37823\/revisions"}],"predecessor-version":[{"id":37825,"href":"https:\/\/www.regioncuatronoticias.com\/index.php\/wp-json\/wp\/v2\/posts\/37823\/revisions\/37825"}],"wp:featuredmedia":[{"embeddable":true,"href":"https:\/\/www.regioncuatronoticias.com\/index.php\/wp-json\/wp\/v2\/media\/37824"}],"wp:attachment":[{"href":"https:\/\/www.regioncuatronoticias.com\/index.php\/wp-json\/wp\/v2\/media?parent=37823"}],"wp:term":[{"taxonomy":"category","embeddable":true,"href":"https:\/\/www.regioncuatronoticias.com\/index.php\/wp-json\/wp\/v2\/categories?post=37823"},{"taxonomy":"post_tag","embeddable":true,"href":"https:\/\/www.regioncuatronoticias.com\/index.php\/wp-json\/wp\/v2\/tags?post=37823"}],"curies":[{"name":"wp","href":"https:\/\/api.w.org\/{rel}","templated":true}]}}