{"id":37820,"date":"2026-01-28T22:50:41","date_gmt":"2026-01-29T05:50:41","guid":{"rendered":"https:\/\/www.regioncuatronoticias.com\/?p=37820"},"modified":"2026-01-28T22:50:46","modified_gmt":"2026-01-29T05:50:46","slug":"atentado-en-culiacan-legisladores-de-mc-y-escolta-resultan-heridos","status":"publish","type":"post","link":"https:\/\/www.regioncuatronoticias.com\/index.php\/2026\/01\/28\/atentado-en-culiacan-legisladores-de-mc-y-escolta-resultan-heridos\/","title":{"rendered":"Atentado en Culiac\u00e1n: Legisladores de MC y escolta resultan heridos"},"content":{"rendered":"\n<p><strong>Ambos legisladores fueron trasladados de emergencia a un hospital privado de la ciudad, donde permanecen bajo supervisi\u00f3n m\u00e9dica.<\/strong><\/p>\n\n\n\n<p>Tomado de Aristegui Noticias<\/p>\n\n\n\n<p>Redacci\u00f3n AN \/ KC<\/p>\n\n\n\n<p>Mi\u00e9rcoles 28 de enero de 2026<\/p>\n\n\n\n<p>El presidente de Movimiento Ciudadano en Sinaloa, Sergio Torres F\u00e9lix, y la diputada local Elizabeth Montoya Ojeda fueron v\u00edctimas de un ataque armado, confirmaron autoridades estatales y federales.<\/p>\n\n\n\n<p>Ambos legisladores fueron trasladados de emergencia a un hospital privado de la ciudad, donde permanecen bajo supervisi\u00f3n m\u00e9dica. El gobierno federal inform\u00f3 que un escolta que resguardaba a los funcionarios result\u00f3 herido al repeler la agresi\u00f3n y se reporta estable.<\/p>\n\n\n\n<p>El gobernador de Sinaloa, Rub\u00e9n Rocha Moya, inform\u00f3 que instruy\u00f3 al Secretario de Seguridad P\u00fablica, \u00d3scar Renter\u00eda Schazarino, a emprender de inmediato un operativo de b\u00fasqueda y captura de los responsables.<\/p>\n\n\n\n<p>Asimismo, se comunic\u00f3 con la Fiscal\u00eda General del Estado para garantizar que la investigaci\u00f3n avance con rapidez y celeridad.<\/p>\n\n\n\n<p>He sido informado de la agresi\u00f3n perpetrada en contra del diputado Sergio Torres F\u00e9lix y de la diputada Elizabeth Montoya Ojeda. Les mantendr\u00e9 informados.<\/p>\n\n\n\n<p>El ataque ocurri\u00f3 alrededor de las 12:00 horas en el Paseo Ni\u00f1os H\u00e9roes, conocido como Malec\u00f3n Viejo, casi esquina con la calle Domingo Rub\u00ed, a unas calles del Palacio Municipal.<\/p>\n\n\n\n<p>Seg\u00fan los reportes preliminares, la camioneta en la que se trasladaban los legisladores se dirig\u00eda hacia el poniente de la ciudad cuando fue alcanzada por impactos de arma de fuego.<\/p>\n\n\n\n<p>Por su parte, Jorge \u00c1lvarez M\u00e1ynez, coordinador nacional de Movimiento Ciudadano, conden\u00f3 los hechos y pidi\u00f3 que no haya impunidad.<\/p>\n\n\n\n<p>\u201cCondenamos el ataque armado contra los diputados Sergio Torres y Elizabeth Montoya en Culiac\u00e1n. La crisis de impunidad y violencia en M\u00e9xico, y particularmente en Sinaloa, ha rebasado todos los l\u00edmites. Estaremos atentos a la informaci\u00f3n del caso y a que no haya impunidad\u201d, afirm\u00f3.<\/p>\n\n\n\n<p>Hasta el momento no hay detalles sobre su estado de salud, aunque ya reciben atenci\u00f3n m\u00e9dica especializada y las autoridades han pedido discreci\u00f3n verificar informaci\u00f3n en sitios oficiales.<\/p>\n\n\n\n<p>Seg\u00fan las autoridades locales se abrir\u00e1n l\u00edneas de investigaci\u00f3n que incluya el factor pol\u00edtico y de seguridad, para esclarecer los motivos del atentado.<\/p>\n\n\n\n<p>La zona donde ocurri\u00f3 la agresi\u00f3n fue acordonada por elementos del ej\u00e9rcito, la Guardia Nacional de otras autoridades, y personal de la Fiscal\u00eda General del Estado de Sinaloa acudi\u00f3 para recoger indicios.<\/p>\n\n\n\n<p>El ataque a Sergio Torres F\u00e9lix y Elizabeth Montoya Ojeda se suma a una serie de hechos violentos recientes en Sinaloa, donde en las \u00faltimas horas se registraron agresiones a polic\u00edas y al secretario de Seguridad P\u00fablica y Tr\u00e1nsito Municipal de Culiac\u00e1n, quienes resultaron ilesos.<\/p>\n\n\n\n<p>Adem\u00e1s, de la localizaci\u00f3n de personas sin vida, incluidos miembros de la Polic\u00eda Municipalde Culiac\u00e1n se han reportado enfrentamientos y atentados que reflejan tensiones en la regi\u00f3n.<\/p>\n\n\n\n<p>Aunque se ha se\u00f1alado que la ola de violencia podr\u00eda estar relacionados con disputas internas del C\u00e1rtel de Sinaloa, hasta el momento se desconoce si existe alg\u00fan v\u00ednculo con el ataque contra los legisladores.<\/p>\n\n\n\n<p><a href=\"https:\/\/aristeguinoticias.com\/2801\/mexico\/ataque-en-culiacan-deja-heridos-a-presidente-de-mc-y-diputada\">https:\/\/aristeguinoticias.com\/2801\/mexico\/ataque-en-culiacan-deja-heridos-a-presidente-de-mc-y-diputada<\/a><\/p>\n","protected":false},"excerpt":{"rendered":"<p>Ambos legisladores fueron trasladados de emergencia a un hospital privado de la ciudad, donde permanecen bajo supervisi\u00f3n m\u00e9dica. Tomado de Aristegui Noticias Redacci\u00f3n AN \/ KC Mi\u00e9rcoles 28 de enero de 2026 El presidente de Movimiento Ciudadano en Sinaloa, Sergio Torres F\u00e9lix, y la diputada local Elizabeth Montoya Ojeda fueron v\u00edctimas de un ataque armado, [&hellip;]<\/p>\n","protected":false},"author":1,"featured_media":37821,"comment_status":"open","ping_status":"open","sticky":false,"template":"","format":"standard","meta":{"content-type":"","footnotes":""},"categories":[3,105,113],"tags":[],"class_list":{"0":"post-37820","1":"post","2":"type-post","3":"status-publish","4":"format-standard","5":"has-post-thumbnail","7":"category-mexico","8":"category-principal","9":"category-seguridad"},"_links":{"self":[{"href":"https:\/\/www.regioncuatronoticias.com\/index.php\/wp-json\/wp\/v2\/posts\/37820","targetHints":{"allow":["GET"]}}],"collection":[{"href":"https:\/\/www.regioncuatronoticias.com\/index.php\/wp-json\/wp\/v2\/posts"}],"about":[{"href":"https:\/\/www.regioncuatronoticias.com\/index.php\/wp-json\/wp\/v2\/types\/post"}],"author":[{"embeddable":true,"href":"https:\/\/www.regioncuatronoticias.com\/index.php\/wp-json\/wp\/v2\/users\/1"}],"replies":[{"embeddable":true,"href":"https:\/\/www.regioncuatronoticias.com\/index.php\/wp-json\/wp\/v2\/comments?post=37820"}],"version-history":[{"count":1,"href":"https:\/\/www.regioncuatronoticias.com\/index.php\/wp-json\/wp\/v2\/posts\/37820\/revisions"}],"predecessor-version":[{"id":37822,"href":"https:\/\/www.regioncuatronoticias.com\/index.php\/wp-json\/wp\/v2\/posts\/37820\/revisions\/37822"}],"wp:featuredmedia":[{"embeddable":true,"href":"https:\/\/www.regioncuatronoticias.com\/index.php\/wp-json\/wp\/v2\/media\/37821"}],"wp:attachment":[{"href":"https:\/\/www.regioncuatronoticias.com\/index.php\/wp-json\/wp\/v2\/media?parent=37820"}],"wp:term":[{"taxonomy":"category","embeddable":true,"href":"https:\/\/www.regioncuatronoticias.com\/index.php\/wp-json\/wp\/v2\/categories?post=37820"},{"taxonomy":"post_tag","embeddable":true,"href":"https:\/\/www.regioncuatronoticias.com\/index.php\/wp-json\/wp\/v2\/tags?post=37820"}],"curies":[{"name":"wp","href":"https:\/\/api.w.org\/{rel}","templated":true}]}}