{"id":37795,"date":"2026-01-28T06:12:38","date_gmt":"2026-01-28T13:12:38","guid":{"rendered":"https:\/\/www.regioncuatronoticias.com\/?p=37795"},"modified":"2026-01-28T06:12:43","modified_gmt":"2026-01-28T13:12:43","slug":"los-jueces-de-la-tremenda-corte","status":"publish","type":"post","link":"https:\/\/www.regioncuatronoticias.com\/index.php\/2026\/01\/28\/los-jueces-de-la-tremenda-corte\/","title":{"rendered":"Los jueces de La Tremenda Corte"},"content":{"rendered":"\n<p><strong><sup>Columna Corren Rumores<\/sup><\/strong><\/p>\n\n\n\n<p><strong><sup>Hilario Olea<\/sup><\/strong><\/p>\n\n\n\n<p><strong><sup>Los jueces de La Tremenda Corte<\/sup><\/strong><\/p>\n\n\n\n<p><strong><sup>Mi\u00e9rcoles 28 de enero de 2026<\/sup><\/strong><\/p>\n\n\n\n<p><strong><sup>SOLO FALTA \u201cTRES PATINES\u201d\u2026 <\/sup><\/strong><sup>El relajo que se carga la Suprema Corte de Justicia nos hace recordar el famoso programa cubano de radio de los a\u00f1os 40\u2019s llamado la Tremenda Corte, donde sal\u00eda un personaje p\u00edcaro llamado Jos\u00e9 Candelario \u201cTres Patines\u201d que siempre quer\u00eda salirse con la suya haciendo alguna leperada. Hac\u00eda quedar en rid\u00edculo al juez y a la corte de justicia. Pues miren, todo hace ver que para all\u00e1 va nuestro Poder Judicial a terminar haciendo el rid\u00edculo y peor a\u00fan, exhibi\u00e9ndose como una corte real por los lujos que se gastan. Los ejemplos llueven del dispendio que se traen los ministros ahora que son due\u00f1os de la chequera. Ya se vio lo de los carritos blindados. Lo de las togas de 24 mil pesos. Y qu\u00e9 pero le ponen a la ceremonia de entrega de bast\u00f3n de mando por m\u00e1s de un mill\u00f3n. Y luego ministras viajando en clase premier. Es una verdadera burla, por eso les decimos que solo falta que salga \u201cTres Patines\u201d porque ya hay hasta \u201cNananinas\u201d.<\/sup><\/p>\n\n\n\n<p><strong><sup>SE CAE TRUMP\u2026 <\/sup><\/strong><sup>De acuerdo a una encuesta hecha por el The New York Times junto con la Universidad de Siena en enero, solo el 40% de los votantes registrados aprueban la gesti\u00f3n del presidente Donald Trump, lo que muestra una ca\u00edda de diez puntos en relaci\u00f3n a la aprobaci\u00f3n que ten\u00eda antes de asumir el cargo. De acuerdo al reporte del diario \u201cLa muestra indica que el apoyo que Trump hab\u00eda ganado entre grupos tradicionalmente dem\u00f3cratas, como j\u00f3venes y personas con baja participaci\u00f3n electoral, se ha revertido por completo. La tasa de aprobaci\u00f3n se asemeja a la registrada durante su primer mandato. De hecho, hay grupos que muestran un mayor grado de desaprobaci\u00f3n que en 2020, mientras que el presidente estadounidense mantiene como principal base de apoyo a votantes blancos y de mayor edad\u201d. Esta ca\u00edda debe verse como una amenaza.<\/sup><\/p>\n\n\n\n<p><strong><sup>AMENAZA PARA QUI\u00c9N\u2026 <\/sup><\/strong><sup>Ah\u00ed est\u00e1 el punto. Esta ca\u00edda en popularidad y aprobaci\u00f3n puede hacer que el presidente Trump regrese a sus ocurrencias y medidas de presi\u00f3n para todo el mundo con el fin de quedar bien con sus electores. Sin dejar sus pol\u00edticas migratorias que le han ganado impopularidad, puede comenzar de nuevo con ese rollo de aranceles, amenazas de invasiones y represiones contra migrantes. Ese es el problema, que al final del d\u00eda no sabemos c\u00f3mo va a reaccionar ante estas malas noticias de que va a la baja en las preferencias electorales, precisamente en el a\u00f1o de unas elecciones intermedias que le puede costar la mayor\u00eda en el Congreso y con ello decirle adi\u00f3s a su sue\u00f1o de una tercera reelecci\u00f3n. Por lo pronto si tienen visa no se acerquen con pol\u00edticos chamuscados.<\/sup><\/p>\n\n\n\n<p><strong><sup>RESULT\u00d3 EXITOSO\u2026<\/sup><\/strong><sup> Que buen alboroto se hizo con la inauguraci\u00f3n del paso de desnivel del boulevard Colosio. Como buenos mitoteros medio Hermosillo se dio cita para cruzar por esa v\u00eda. Y ahora si que hay que reconocer que no hab\u00eda acarreados. Mitoteros si, pero acarreados no creo. Esto desde luego ha llamado la atenci\u00f3n, porque se convierte este paso en la obra \u00edcono del gobierno municipal de To\u00f1o Astiazar\u00e1n. Ahora hay que esperar a que funcione, porque adem\u00e1s de la agilidad para cruzar, tambi\u00e9n debe haber para continuar circulando y no quedar atorado en los sem\u00e1foros.<\/sup><\/p>\n\n\n\n<p><strong><sup>DINAMITEN LA INAUGURACI\u00d3N\u2026 <\/sup><\/strong><sup>No cabe duda que los pol\u00edticos que no tienen suerte, son malos pol\u00edticos. En el caso de To\u00f1o Astiazar\u00e1n era de esperarse que los adversarios pol\u00edticos busquen restarle el m\u00e9rito a esta obra. Pero caray, deba ser con habilidad. Ya desde hace rato la regidora de Morena, Fany Duarte tra\u00eda de encargo al alcalde acusando de que el paso a desnivel tuvo un sobre precio. Y bueno, eso no es pecado, si tomamos en cuenta lo que la 4T ha gastado en obras como el Tren Maya. Pero la bronca fue que a esta regidora se le ocurri\u00f3 montar un operativo para sabotear la inauguraci\u00f3n contratando a unos chavos para que fueran a manifestarse con gritos y con insultos. Lo malo, que al detenerlos la polic\u00eda se asustaron y declararon que los hab\u00edan contratado para este sabotaje. Una manita de cochi y denunciar a la regidora Fany Duarte de la autora de esta acci\u00f3n. Dicen que termin\u00f3 aceptando ante el temor ser acusada de abuso de menores. Pero eso est\u00e1 a nivel de mitote. Veremos que sale en la semana, porque no creemos que la Fany, que es muy aventada, comenta semejante torpeza.<\/sup><\/p>\n\n\n\n<p><strong><sup>En fin, as\u00ed la vida loca, por eso recuerden lo que dec\u00eda la Finita Salcedo: No hagas cosas malas, porque no te salen las buenas. Sale.<\/sup><\/strong><\/p>\n\n\n\n<p><strong><sup>S\u00edganos en la cuenta de X o Twitter @hilarioolea.<\/sup><\/strong><\/p>\n\n\n\n<p><strong><sup>Pueden vernos de lunes a viernes de 8 a 9 de la noche en nuestro canal de YouTube \u201cEntre Todos Digital\u201d.<\/sup><\/strong><\/p>\n\n\n\n<p><strong><sup>Sigan nuestras redes sociales<\/sup><\/strong><\/p>\n","protected":false},"excerpt":{"rendered":"<p>Columna Corren Rumores Hilario Olea Los jueces de La Tremenda Corte Mi\u00e9rcoles 28 de enero de 2026 SOLO FALTA \u201cTRES PATINES\u201d\u2026 El relajo que se carga la Suprema Corte de Justicia nos hace recordar el famoso programa cubano de radio de los a\u00f1os 40\u2019s llamado la Tremenda Corte, donde sal\u00eda un personaje p\u00edcaro llamado Jos\u00e9 [&hellip;]<\/p>\n","protected":false},"author":1,"featured_media":37796,"comment_status":"open","ping_status":"open","sticky":false,"template":"","format":"standard","meta":{"content-type":"","footnotes":""},"categories":[121],"tags":[],"class_list":{"0":"post-37795","1":"post","2":"type-post","3":"status-publish","4":"format-standard","5":"has-post-thumbnail","7":"category-hilarioolea"},"_links":{"self":[{"href":"https:\/\/www.regioncuatronoticias.com\/index.php\/wp-json\/wp\/v2\/posts\/37795","targetHints":{"allow":["GET"]}}],"collection":[{"href":"https:\/\/www.regioncuatronoticias.com\/index.php\/wp-json\/wp\/v2\/posts"}],"about":[{"href":"https:\/\/www.regioncuatronoticias.com\/index.php\/wp-json\/wp\/v2\/types\/post"}],"author":[{"embeddable":true,"href":"https:\/\/www.regioncuatronoticias.com\/index.php\/wp-json\/wp\/v2\/users\/1"}],"replies":[{"embeddable":true,"href":"https:\/\/www.regioncuatronoticias.com\/index.php\/wp-json\/wp\/v2\/comments?post=37795"}],"version-history":[{"count":1,"href":"https:\/\/www.regioncuatronoticias.com\/index.php\/wp-json\/wp\/v2\/posts\/37795\/revisions"}],"predecessor-version":[{"id":37797,"href":"https:\/\/www.regioncuatronoticias.com\/index.php\/wp-json\/wp\/v2\/posts\/37795\/revisions\/37797"}],"wp:featuredmedia":[{"embeddable":true,"href":"https:\/\/www.regioncuatronoticias.com\/index.php\/wp-json\/wp\/v2\/media\/37796"}],"wp:attachment":[{"href":"https:\/\/www.regioncuatronoticias.com\/index.php\/wp-json\/wp\/v2\/media?parent=37795"}],"wp:term":[{"taxonomy":"category","embeddable":true,"href":"https:\/\/www.regioncuatronoticias.com\/index.php\/wp-json\/wp\/v2\/categories?post=37795"},{"taxonomy":"post_tag","embeddable":true,"href":"https:\/\/www.regioncuatronoticias.com\/index.php\/wp-json\/wp\/v2\/tags?post=37795"}],"curies":[{"name":"wp","href":"https:\/\/api.w.org\/{rel}","templated":true}]}}