{"id":37710,"date":"2026-01-25T23:14:04","date_gmt":"2026-01-26T06:14:04","guid":{"rendered":"https:\/\/www.regioncuatronoticias.com\/?p=37710"},"modified":"2026-01-25T23:14:07","modified_gmt":"2026-01-26T06:14:07","slug":"entre-todos-un-ano-mas","status":"publish","type":"post","link":"https:\/\/www.regioncuatronoticias.com\/index.php\/2026\/01\/25\/entre-todos-un-ano-mas\/","title":{"rendered":"Entre Todos, un a\u00f1o m\u00e1s"},"content":{"rendered":"\n<p><strong>Columna Corren Rumores<\/strong><\/p>\n\n\n\n<p><strong>Hilario Olea<\/strong><\/p>\n\n\n\n<p><strong>Entre Todos, un a\u00f1o m\u00e1s<\/strong><\/p>\n\n\n\n<p><strong>Lunes 26 de enero de 2026<\/strong><\/p>\n\n\n\n<p><strong>YA SON 28 A\u00d1OS\u2026 <\/strong>Un lunes como hoy, que era 26 de enero, pero de 1998, sali\u00f3 al aire el primer programa del Informativo Entre Todos bajo todo tipo de pron\u00f3sticos, de que nos ir\u00eda bien y otros que tronar\u00edamos como sapos. Pero por ganas no faltaban, porque el equipo que inici\u00f3 esta aventura radiof\u00f3nica estaba lleno de entusiasmo y adem\u00e1s contaba con mucha experiencia. Nos queda claro que somos como un barco que navegado mucho y ha sorteado tempestades, pero ninguna tormenta nos ha hundido. Si hemos hecho agua, pero salimos adelante gracias al coraje y capacidad del gran equipo que encabeza V\u00edctor Mendoza Lambert, que por cierto hoy tambi\u00e9n es su cumplea\u00f1os. Pero vale la pena hacer un recuento hist\u00f3rico de lo que hemos vivido, porque ha sido a todo dar.<\/p>\n\n\n\n<p><strong>\u00bfQU\u00c9 VAMOS A HACER?&#8230; <\/strong>A finales de 1997 est\u00e1bamos sin chamba muchos de los que hab\u00edamos estado en Comunicaci\u00f3n Social con Manlio Fabio Beltrones. Desempleados nos pregunt\u00e1bamos que pod\u00edamos hacer. Primero vino la ocurrencia de crear una consultor\u00eda en comunicaci\u00f3n pol\u00edtica, que despu\u00e9s demostramos que funcion\u00f3. Pero a V\u00edctor Mendoza se le ocurri\u00f3 producir un noticiero porque en ese momento apareci\u00f3 nuestro recordado amigo Alberto Guti\u00e9rrez, en ese entonces due\u00f1o de La Kaliente, para ofrecernos el espacio de la ma\u00f1ana en la 90.7 FM. Y obvio, dijimos va. Todos los que and\u00e1bamos sin chamba le entramos con ganas y comenzamos a reunirnos para darle forma. La ventaja era que muchos ten\u00edan experiencia en medios electr\u00f3nicos, comenzando por V\u00edctor Mendoza quien hab\u00eda sido jefe de noticias y producci\u00f3n con Joaqu\u00edn L\u00f3pez D\u00f3riga, Pepe C\u00e1rdenas, Pedro Ferriz y otros de ese calibre. En mesa de trabajo alguien dijo que ser\u00eda un trabajo entre todos. Y ah\u00ed surgi\u00f3 el nombre: Informativo Entre Todos.<\/p>\n\n\n\n<p><strong>QUI\u00c9N CONDUCE\u2026 <\/strong>Esto fue de primera. Para iniciar alguien propuso nombres de compa\u00f1eros con buena presencia en el micr\u00f3fono, pero no hab\u00eda para pagarles. Por eso sugirieron que el conductor fuera Hilario Olea \u00bfQu\u00e9, qu\u00e9? Dijo Lorenia Burruel. Si al Hilario no se le entiende nada. Pero por razones de n\u00f3mina se qued\u00f3. Luego se reforz\u00f3 con Nassim Molina en deportes, espacio que luego ocupar\u00eda con gran \u00e9xito Oscar \u201cBuqui\u201d Soria. En espect\u00e1culos la tremenda Claudia Delgado, con lo que se hizo super equipo. V\u00edctor Mendoza inici\u00f3 con sus comentarios y luego cuando lleg\u00f3 la televisi\u00f3n, fue el titular como hasta ahora.<\/p>\n\n\n\n<p><strong>GUST\u00d3 EL CONCEPTO\u2026 <\/strong>Reconocemos que el concepto de manejar noticias con sabor y de la forma m\u00e1s entretenida gust\u00f3. Tan es as\u00ed que en marzo el Imparcial hizo una encuesta de preferencias en noticieros y Entre Todos aparec\u00eda en primer lugar. Esta encuesta se hizo gracias a la amistad de V\u00edctor con el entonces director del peri\u00f3dico Jos\u00e9 Santiago Healy. Y ah\u00ed comenzaron a llegar los patrocinadores. Funcion\u00f3 el concepto de que en el primer a\u00f1o no manejamos noticias oficiales. La policiaca no era plagada de sangre y no pon\u00edamos notas donde se afectara a mujeres o ni\u00f1os. Se busc\u00f3 y se logr\u00f3 que fuera un noticiero para la familia. Tan es as\u00ed, que un gran p\u00fablico eran ni\u00f1os. Incluso algunos peque\u00f1os que nos segu\u00edan de ni\u00f1os despu\u00e9s los encontramos como profesionistas y pap\u00e1s cuyos hijos escuchaban el noticiero..<\/p>\n\n\n\n<p><strong>TRUENA LA KALIENTE\u2026 <\/strong>Entre las an\u00e9cdotas est\u00e1 la profec\u00eda que hizo la vidente Barbarita Salgado, quien en diciembre al entrevistarla sobre el a\u00f1o 1999, entre otras cosas dijo que el Informativo tendr\u00eda un fuerte quebranto a mediado de a\u00f1o, pero luego nos recuperar\u00edamos para mejorar\u2026 \u00a1y p\u00e1catelas!, tuvimos que salir de La Kaliente. Entre las cosas que provocaron la salida fue la actitud cr\u00edtica contra el gobierno de Armando L\u00f3pez Nogales, quien dicen no aguant\u00f3 la \u00faltima broma. Se me ocurri\u00f3 decir al aire el chiste de que un gobernador iba con su hijo en avi\u00f3n volando por su rancho Los Amoles. Y el hijo viendo el mont\u00f3n de cabezas de ganado le dijo: Ap\u00e1, y eso \u00bfes ganado? No mi\u2019jo, es robado. Y dicen que eso derram\u00f3 el balde.<\/p>\n\n\n\n<p><strong>NOS RESCATA EL JEFE DIEGO\u2026<\/strong> Y tal como los hab\u00eda profetizado Barbarita, a medio a\u00f1o para afuera de La Kaliente.. Despu\u00e9s supimos que fue por presiones del gobernador. Cuando est\u00e1bamos en pleno naufragio surgieron los amigos que nos recomendaron con Diego Serna, director del de Radio SA, quien generoso nos ofreci\u00f3 un espacio en Radio Amor. Y de nuevo a levantar y hacer audiencia. En eso est\u00e1bamos cuando aparece otra oportunidad gracias a la generosidad de Javier Bours y Sergio Maz\u00f3n que nos ofrecen intentar hacer del Entre Todos un producto en televisi\u00f3n a trav\u00e9s del sistema de Megacable. Para que decirles que gracias a Dios fue un hitazo. Ah\u00ed apareci\u00f3 la figura de V\u00edctor Mendoza al frente de las c\u00e1maras y result\u00f3 un verdadero fen\u00f3meno noticioso. Claro, nos toc\u00f3 hacer segunda para echar a perder las cosas.<\/p>\n\n\n\n<p><strong>FUERON MUCHOS\u2026<\/strong> Por muchos a\u00f1os estuvimos en Megacable, combinando con Telemax. Estuvimos a punto de brincar a Televisa pero eso lleg\u00f3 la maldici\u00f3n de la pandemia, y con ello perdimos el 80% de los patrocinadores. Terminaron los contratos en televisi\u00f3n, pero ya para entonces la marca Entre Todos estaba posicionada y por eso optamos por dar un salto al mundo digital y crear nuestro propio Canal de Youtube, que es Entre Todos Digital. Y miren, 28 a\u00f1os despu\u00e9s seguimos aqu\u00ed. Y vamos a seguir porque esto lo hacemos con gusto y nos divierte hacerlo. Ah, y no olviden que seguimos teniendo dientes y garras, por si le quieren buscar.<\/p>\n\n\n\n<p><strong>MUY AGRADECIDOS\u2026 <\/strong>Ser\u00eda ingrato no agradecer y reconocer a todos los que nos han echado la mano. Nuestros patrocinadores que fueron fieles hasta lo \u00faltimo. Nuestro gran equipo de trabajo por donde han pasado muchos queridos amigos y compa\u00f1eros. No cito nombres porque no me alcanza el espacio. Pero todos saben lo muy agradecidos que estamos. Sin ellos y sin el liderazgo de V\u00edctor Mendoza no lo hubi\u00e9ramos logrado. Gracias a todos y saben que tienen un gran lugar en nuestros corazones.<\/p>\n\n\n\n<p><strong>En fin, por eso lo dice el Mocho Hern\u00e1ndez: M\u00e1s vale paso que dure a que les duelas los callos. Sale.<\/strong><\/p>\n\n\n\n<p><strong>S\u00edganos en la cuenta de X o<\/strong><\/p>\n\n\n\n<p><strong>Twitter @hilarioolea.<\/strong><\/p>\n\n\n\n<p><strong>Pueden vernos de lunes a viernes de 8 a 9 de la noche en nuestro canal de YouTube \u201cEntre Todos Digital\u201d.<\/strong><\/p>\n\n\n\n<p><strong>Sigan nuestras redes sociales<\/strong><\/p>\n","protected":false},"excerpt":{"rendered":"<p>Columna Corren Rumores Hilario Olea Entre Todos, un a\u00f1o m\u00e1s Lunes 26 de enero de 2026 YA SON 28 A\u00d1OS\u2026 Un lunes como hoy, que era 26 de enero, pero de 1998, sali\u00f3 al aire el primer programa del Informativo Entre Todos bajo todo tipo de pron\u00f3sticos, de que nos ir\u00eda bien y otros que [&hellip;]<\/p>\n","protected":false},"author":1,"featured_media":37711,"comment_status":"open","ping_status":"open","sticky":false,"template":"","format":"standard","meta":{"content-type":"","footnotes":""},"categories":[121],"tags":[],"class_list":{"0":"post-37710","1":"post","2":"type-post","3":"status-publish","4":"format-standard","5":"has-post-thumbnail","7":"category-hilarioolea"},"_links":{"self":[{"href":"https:\/\/www.regioncuatronoticias.com\/index.php\/wp-json\/wp\/v2\/posts\/37710","targetHints":{"allow":["GET"]}}],"collection":[{"href":"https:\/\/www.regioncuatronoticias.com\/index.php\/wp-json\/wp\/v2\/posts"}],"about":[{"href":"https:\/\/www.regioncuatronoticias.com\/index.php\/wp-json\/wp\/v2\/types\/post"}],"author":[{"embeddable":true,"href":"https:\/\/www.regioncuatronoticias.com\/index.php\/wp-json\/wp\/v2\/users\/1"}],"replies":[{"embeddable":true,"href":"https:\/\/www.regioncuatronoticias.com\/index.php\/wp-json\/wp\/v2\/comments?post=37710"}],"version-history":[{"count":1,"href":"https:\/\/www.regioncuatronoticias.com\/index.php\/wp-json\/wp\/v2\/posts\/37710\/revisions"}],"predecessor-version":[{"id":37712,"href":"https:\/\/www.regioncuatronoticias.com\/index.php\/wp-json\/wp\/v2\/posts\/37710\/revisions\/37712"}],"wp:featuredmedia":[{"embeddable":true,"href":"https:\/\/www.regioncuatronoticias.com\/index.php\/wp-json\/wp\/v2\/media\/37711"}],"wp:attachment":[{"href":"https:\/\/www.regioncuatronoticias.com\/index.php\/wp-json\/wp\/v2\/media?parent=37710"}],"wp:term":[{"taxonomy":"category","embeddable":true,"href":"https:\/\/www.regioncuatronoticias.com\/index.php\/wp-json\/wp\/v2\/categories?post=37710"},{"taxonomy":"post_tag","embeddable":true,"href":"https:\/\/www.regioncuatronoticias.com\/index.php\/wp-json\/wp\/v2\/tags?post=37710"}],"curies":[{"name":"wp","href":"https:\/\/api.w.org\/{rel}","templated":true}]}}