{"id":3759,"date":"2023-12-17T19:44:23","date_gmt":"2023-12-18T02:44:23","guid":{"rendered":"https:\/\/www.regioncuatronoticias.com\/?p=3759"},"modified":"2023-12-17T19:44:25","modified_gmt":"2023-12-18T02:44:25","slug":"posada-termina-en-masacre-en-salvatierra-guanajuato-12-muertos","status":"publish","type":"post","link":"https:\/\/www.regioncuatronoticias.com\/index.php\/2023\/12\/17\/posada-termina-en-masacre-en-salvatierra-guanajuato-12-muertos\/","title":{"rendered":"Posada termina en masacre en Salvatierra, Guanajuato: 12 muertos"},"content":{"rendered":"\n<p>Una posada que se realizaba en la Ex Hacienda San Jos\u00e9 del Carmen ubicada en la comunidad de San Jos\u00e9 del Carmen, termin\u00f3 en una masacre, con 12 j\u00f3venes &nbsp;asesinados.<\/p>\n\n\n\n<p>Tomado de La Jornada<\/p>\n\n\n\n<p>Por Redacci\u00f3n<\/p>\n\n\n\n<p>Diciembre 17 de 2023<\/p>\n\n\n\n<p>Carlos Garc\u00eda\/Salvatierra, Gto. Una posada que se realizaba en la Ex Hacienda San Jos\u00e9 del Carmen ubicada en la comunidad de San Jos\u00e9 del Carmen, termin\u00f3 en una masacre, con 12 j\u00f3venes asesinados y 12 personas heridas.<\/p>\n\n\n\n<p>De acuerdo a versiones de algunos testigos, durante las primeras horas de este &nbsp;domingo, un comando armado irrumpi\u00f3 en el sitio en donde se encontraban varios j\u00f3venes de entre 17 y 30 a\u00f1os; quienes conviv\u00edan para celebrar este hecho religioso que es la antesala al nacimiento del ni\u00f1o Jes\u00fas, para la comunidad cat\u00f3lica.<\/p>\n\n\n\n<p>Adem\u00e1s, los delincuentes incendiaron dos veh\u00edculos y dos motocicletas que estaban estacionados en el lugar, para luego darse a la fuga.<\/p>\n\n\n\n<p>La r\u00e1faga de balas provoc\u00f3 p\u00e1nico entre los habitantes de la zona aleda\u00f1a a la Ex Hacienda San Jos\u00e9 del Carmen, quienes reportaron el hecho al servicio de emergencia 911, quienes de inmediato se trasladaron al sitio de hechos.<\/p>\n\n\n\n<p>Los elementos de la Polic\u00eda Municipal de Salvatierra localizaron en el inmueble a 10 j\u00f3venes sin vida y a m\u00e1s de una decena de personas gravemente lesionadas, de las cuales, una muri\u00f3 al llegar a una unidad hospitalaria a la que fueron trasladados.<\/p>\n\n\n\n<p>La zona de la masacre es resguardada por elementos municipales y de la Guardia Nacional (GN).<\/p>\n\n\n\n<p>Por su parte, el gobierno municipal de Salvatierra conden\u00f3 el ataque armado y se\u00f1al\u00f3 que est\u00e1n en comunicaci\u00f3n y coordinaci\u00f3n con los tres \u00f3rdenes de gobierno para lograr identificar y llevar a la justicia a los responsables.<\/p>\n\n\n\n<p>La Fiscal\u00eda General del Estado de Guanajuato emiti\u00f3 un mensaje en Twitter para condenar las masacres registradas en Salamanca en una barber\u00eda en donde perdieron la vida 4 personas, as\u00ed como la reportada en Salvatierra en donde acribillaron a 12 personas.<\/p>\n\n\n\n<p>En ambos casos se han asignado c\u00e9lulas de trabajo multidisciplinarias especialidad en homicidios, quienes trabajar\u00e1n de manera inmediata y permanente hasta en tanto se logre el esclarecimiento y detenci\u00f3n de los responsables.<\/p>\n\n\n\n<p>Conforme la investigaci\u00f3n avance se podr\u00e1 dar a conocer mayor informaci\u00f3n\u201d.<\/p>\n\n\n\n<p>El pasado 5 de diciembre fueron asesinados 6 j\u00f3venes estudiantes de medicina en el municipio de Celaya, sin que hasta el d\u00eda de hoy, se tengan avances en la investigaci\u00f3n.<\/p>\n\n\n\n<figure class=\"wp-block-embed\"><div class=\"wp-block-embed__wrapper\">\nhttps:\/\/www.jornada.com.mx\/noticia\/2023\/12\/17\/estados\/posada-termina-en-masacre-en-salvatierra-guanajuato-12-muertos-4545\n<\/div><\/figure>\n\n\n\n<p><strong>Ataque armado en barber\u00eda de Salamanca deja 4 muertos<\/strong><\/p>\n\n\n\n<p>Tomado de L\u00f3pez D\u00f3riga Digital<\/p>\n\n\n\n<p>Motociclistas irrumpieron en una barber\u00eda de Salamanca y dispararon contra &nbsp;quienes se encontraban all\u00ed, matando a cuatro hombres<\/p>\n\n\n\n<p>Diciembre de 17 de 2023<\/p>\n\n\n\n<p>Cuatro hombres murieron y tres personas m\u00e1s resultaron heridas en el municipio guanajuatense de Salamanca, producto de un ataque armado.<\/p>\n\n\n\n<p>Los hechos se registraron la noche del 16 de diciembre en una barber\u00eda ubicada cerca del mercado Tomasa Esteves.<\/p>\n\n\n\n<p>Primeros informes se\u00f1alan que un grupo de motociclistas arrib\u00f3 al negocio y dispar\u00f3 contra quienes se encontraban all\u00ed.<\/p>\n\n\n\n<p>Algunas personas intentaron escapar, pero fueron alcanzadas por los disparos.<\/p>\n\n\n\n<p>Param\u00e9dicos de la Cruz Roja confirmaron la muerte de cuatro hombres, en tanto que trasladaron a dos hombres m\u00e1s y una mujer a un hospital.<\/p>\n\n\n\n<p>La zona fue acordonada por polic\u00edas municipales en espera de peritos forenses y la llegada de autoridades para el inicio de la investigaci\u00f3n correspondiente.<\/p>\n\n\n\n<p>(Con informaci\u00f3n de El Universal)<\/p>\n\n\n\n<figure class=\"wp-block-embed is-type-wp-embed is-provider-l-pez-d-riga-digital wp-block-embed-l-pez-d-riga-digital\"><div class=\"wp-block-embed__wrapper\">\n<blockquote class=\"wp-embedded-content\" data-secret=\"V8rRueiTi5\"><a href=\"https:\/\/lopezdoriga.com\/nacional\/salamanca-ataque-armado-barberia-4-muertos\/\">Ataque armado en barber\u00eda de Salamanca deja 4 muertos<\/a><\/blockquote><iframe loading=\"lazy\" class=\"wp-embedded-content\" sandbox=\"allow-scripts\" security=\"restricted\" style=\"position: absolute; clip: rect(1px, 1px, 1px, 1px);\" title=\"&#8220;Ataque armado en barber\u00eda de Salamanca deja 4 muertos&#8221; &#8212; L\u00f3pez-D\u00f3riga Digital\" src=\"https:\/\/lopezdoriga.com\/nacional\/salamanca-ataque-armado-barberia-4-muertos\/embed\/#?secret=tgYCZDl0QA#?secret=V8rRueiTi5\" data-secret=\"V8rRueiTi5\" width=\"600\" height=\"338\" frameborder=\"0\" marginwidth=\"0\" marginheight=\"0\" scrolling=\"no\"><\/iframe>\n<\/div><\/figure>\n","protected":false},"excerpt":{"rendered":"<p>Una posada que se realizaba en la Ex Hacienda San Jos\u00e9 del Carmen ubicada en la comunidad de San Jos\u00e9 del Carmen, termin\u00f3 en una masacre, con 12 j\u00f3venes &nbsp;asesinados. Tomado de La Jornada Por Redacci\u00f3n Diciembre 17 de 2023 Carlos Garc\u00eda\/Salvatierra, Gto. Una posada que se realizaba en la Ex Hacienda San Jos\u00e9 del [&hellip;]<\/p>\n","protected":false},"author":1,"featured_media":3760,"comment_status":"open","ping_status":"open","sticky":false,"template":"","format":"standard","meta":{"content-type":"","footnotes":""},"categories":[3,105,113],"tags":[],"class_list":{"0":"post-3759","1":"post","2":"type-post","3":"status-publish","4":"format-standard","5":"has-post-thumbnail","7":"category-mexico","8":"category-principal","9":"category-seguridad"},"_links":{"self":[{"href":"https:\/\/www.regioncuatronoticias.com\/index.php\/wp-json\/wp\/v2\/posts\/3759","targetHints":{"allow":["GET"]}}],"collection":[{"href":"https:\/\/www.regioncuatronoticias.com\/index.php\/wp-json\/wp\/v2\/posts"}],"about":[{"href":"https:\/\/www.regioncuatronoticias.com\/index.php\/wp-json\/wp\/v2\/types\/post"}],"author":[{"embeddable":true,"href":"https:\/\/www.regioncuatronoticias.com\/index.php\/wp-json\/wp\/v2\/users\/1"}],"replies":[{"embeddable":true,"href":"https:\/\/www.regioncuatronoticias.com\/index.php\/wp-json\/wp\/v2\/comments?post=3759"}],"version-history":[{"count":1,"href":"https:\/\/www.regioncuatronoticias.com\/index.php\/wp-json\/wp\/v2\/posts\/3759\/revisions"}],"predecessor-version":[{"id":3761,"href":"https:\/\/www.regioncuatronoticias.com\/index.php\/wp-json\/wp\/v2\/posts\/3759\/revisions\/3761"}],"wp:featuredmedia":[{"embeddable":true,"href":"https:\/\/www.regioncuatronoticias.com\/index.php\/wp-json\/wp\/v2\/media\/3760"}],"wp:attachment":[{"href":"https:\/\/www.regioncuatronoticias.com\/index.php\/wp-json\/wp\/v2\/media?parent=3759"}],"wp:term":[{"taxonomy":"category","embeddable":true,"href":"https:\/\/www.regioncuatronoticias.com\/index.php\/wp-json\/wp\/v2\/categories?post=3759"},{"taxonomy":"post_tag","embeddable":true,"href":"https:\/\/www.regioncuatronoticias.com\/index.php\/wp-json\/wp\/v2\/tags?post=3759"}],"curies":[{"name":"wp","href":"https:\/\/api.w.org\/{rel}","templated":true}]}}