{"id":3753,"date":"2023-12-17T19:37:47","date_gmt":"2023-12-18T02:37:47","guid":{"rendered":"https:\/\/www.regioncuatronoticias.com\/?p=3753"},"modified":"2023-12-17T19:37:48","modified_gmt":"2023-12-18T02:37:48","slug":"grupo-criminal-acribilla-a-paisano-en-la-carretera-altar-santa-ana","status":"publish","type":"post","link":"https:\/\/www.regioncuatronoticias.com\/index.php\/2023\/12\/17\/grupo-criminal-acribilla-a-paisano-en-la-carretera-altar-santa-ana\/","title":{"rendered":"Grupo criminal acribilla a \u201cpaisano\u201d en la carretera Altar-Santa Ana"},"content":{"rendered":"\n<p>Fue ultimado a balazos en la Carretera Federal 2, en el tramo entre Altar y Santa Ana, a la altura de \u201cEl Ocuca\u201d<\/p>\n\n\n\n<p>Tomado de El Sol de Hermosillo<\/p>\n\n\n\n<p>Gustavo Moreno<\/p>\n\n\n\n<p>S\u00e1bado 16 de diciembre de 2023<\/p>\n\n\n\n<p>Un paisano fue ultimado a balazos en la Carretera Federal 2, en el tramo entre Altar y Santa Ana, a la altura de El Ocuca, durante la madrugada de este 16 de diciembre.<\/p>\n\n\n\n<p>El reporte fue realizado alrededor de 1:45 horas a trav\u00e9s de una llamada telef\u00f3nica, por la cual se notific\u00f3 sobre una persona lesionada en el punto carretero, a donde se trasladaron uniformados.<\/p>\n\n\n\n<p>En el sitio se entrevistaron con una de las v\u00edctimas, de aproximadamente 40 a\u00f1os, quien relat\u00f3 que al pasar por la caseta de cobro, un grupo de personas armadas les pidieron detener la marcha del veh\u00edculo en el que se trasladaban desde Utah, Estados Unidos.<\/p>\n\n\n\n<p>Al no obedecer la orden delos desconocidos, los sujetos comenzaron a perseguirlos y abrieron fuego en su contra del Dodge, Durango, Blanco, terminando la persecuci\u00f3n en las inmediaciones de una farmacia con un ocupante herido de bala.<\/p>\n\n\n\n<p>Personal de la Cruz Roja atendi\u00f3 el llamado y confirmaron que el sujeto herido ya no presentaba signos vitales.<\/p>\n\n\n\n<p>Uno de los tripulantes del mismo veh\u00edculo mencion\u00f3 que se dirig\u00edan a Michoac\u00e1n, Guerrero, para pasar las festividades navide\u00f1as. Mientras tanto, las autoridades est\u00e1n llevando a cabo investigaciones para esclarecer el caso.<\/p>\n\n\n\n<p>Al respecto, a Emilio Ibarra, comisario general de la Polic\u00eda Municipal de Santa Ana, aclar\u00f3 la situaci\u00f3n a trav\u00e9s del siguiente comunicado.<\/p>\n\n\n\n<p><strong>Comunicado del Comisario General Emilio Ibarra de Santa Ana Sonora<\/strong><\/p>\n\n\n\n<p><strong>Fecha: 16 de diciembre de 2023<\/strong><\/p>\n\n\n\n<p><strong>Como Comisario General de Santa Ana, deseo enfatizar y clarificar los hechos ocurridos esta madrugada, ya que algunos medios de comunicaci\u00f3n han distorsionado la informaci\u00f3n, generando una percepci\u00f3n err\u00f3nea de los lamentables sucesos. Quiero informarles que el incidente no tuvo lugar en nuestro municipio, sino en el tramo carretero Altar-Santa Ana, espec\u00edficamente cerca de la caseta de cobro, fuera de nuestra jurisdicci\u00f3n.<\/strong><\/p>\n\n\n\n<p><strong>Es esencial destacar que los informes difundidos por medios ficticios, que han causado inquietud en la poblaci\u00f3n, son incorrectos. A trav\u00e9s de este comunicado, quiero asegurarles que nuestro municipio no cuenta con ning\u00fan tipo de reporte y se encuentra en tranquilidad, los incidentes no ocurrieron en nuestra localidad. La verdad y la transparencia son fundamentales para mantener la confianza y la tranquilidad en nuestra comunidad.<\/strong><\/p>\n\n\n\n<p><strong>Adem\u00e1s, quiero compartir que los paisanos afectados por este incidente llegaron a nuestro municipio buscando auxilio y lamentando la p\u00e9rdida de un ser querido a causa de un impacto de bala. Estas personas fueron v\u00edctimas de los mismos sujetos que intentaron hacerles da\u00f1o en el tramo carretero Altar-Santa Ana.<\/strong><\/p>\n\n\n\n<p><strong>Es importante subrayar que, como comunidad, extendemos nuestro m\u00e1s profundo pesar por esta tragedia y reafirmamos nuestro compromiso de colaborar con las autoridades correspondientes para garantizar la seguridad y el bienestar de nuestros ciudadanos. La solidaridad y el apoyo mutuo son fundamentales en momentos como este. Agradecemos su comprensi\u00f3n y colaboraci\u00f3n en la difusi\u00f3n de esta informaci\u00f3n completa y precisa.<\/strong><\/p>\n\n\n\n<figure class=\"wp-block-embed\"><div class=\"wp-block-embed__wrapper\">\nhttps:\/\/www.elsoldehermosillo.com.mx\/policiaca\/acribillan-a-paisano-en-la-carretera-altar-santa-ana-11159621.html\n<\/div><\/figure>\n","protected":false},"excerpt":{"rendered":"<p>Fue ultimado a balazos en la Carretera Federal 2, en el tramo entre Altar y Santa Ana, a la altura de \u201cEl Ocuca\u201d Tomado de El Sol de Hermosillo Gustavo Moreno S\u00e1bado 16 de diciembre de 2023 Un paisano fue ultimado a balazos en la Carretera Federal 2, en el tramo entre Altar y Santa [&hellip;]<\/p>\n","protected":false},"author":1,"featured_media":3754,"comment_status":"open","ping_status":"open","sticky":false,"template":"","format":"standard","meta":{"content-type":"","footnotes":""},"categories":[105,113,9],"tags":[],"class_list":{"0":"post-3753","1":"post","2":"type-post","3":"status-publish","4":"format-standard","5":"has-post-thumbnail","7":"category-principal","8":"category-seguridad","9":"category-sonora"},"_links":{"self":[{"href":"https:\/\/www.regioncuatronoticias.com\/index.php\/wp-json\/wp\/v2\/posts\/3753","targetHints":{"allow":["GET"]}}],"collection":[{"href":"https:\/\/www.regioncuatronoticias.com\/index.php\/wp-json\/wp\/v2\/posts"}],"about":[{"href":"https:\/\/www.regioncuatronoticias.com\/index.php\/wp-json\/wp\/v2\/types\/post"}],"author":[{"embeddable":true,"href":"https:\/\/www.regioncuatronoticias.com\/index.php\/wp-json\/wp\/v2\/users\/1"}],"replies":[{"embeddable":true,"href":"https:\/\/www.regioncuatronoticias.com\/index.php\/wp-json\/wp\/v2\/comments?post=3753"}],"version-history":[{"count":1,"href":"https:\/\/www.regioncuatronoticias.com\/index.php\/wp-json\/wp\/v2\/posts\/3753\/revisions"}],"predecessor-version":[{"id":3755,"href":"https:\/\/www.regioncuatronoticias.com\/index.php\/wp-json\/wp\/v2\/posts\/3753\/revisions\/3755"}],"wp:featuredmedia":[{"embeddable":true,"href":"https:\/\/www.regioncuatronoticias.com\/index.php\/wp-json\/wp\/v2\/media\/3754"}],"wp:attachment":[{"href":"https:\/\/www.regioncuatronoticias.com\/index.php\/wp-json\/wp\/v2\/media?parent=3753"}],"wp:term":[{"taxonomy":"category","embeddable":true,"href":"https:\/\/www.regioncuatronoticias.com\/index.php\/wp-json\/wp\/v2\/categories?post=3753"},{"taxonomy":"post_tag","embeddable":true,"href":"https:\/\/www.regioncuatronoticias.com\/index.php\/wp-json\/wp\/v2\/tags?post=3753"}],"curies":[{"name":"wp","href":"https:\/\/api.w.org\/{rel}","templated":true}]}}