{"id":37528,"date":"2026-01-18T22:50:09","date_gmt":"2026-01-19T05:50:09","guid":{"rendered":"https:\/\/www.regioncuatronoticias.com\/?p=37528"},"modified":"2026-01-18T22:50:14","modified_gmt":"2026-01-19T05:50:14","slug":"dice-mi-mama-que-siempre-si","status":"publish","type":"post","link":"https:\/\/www.regioncuatronoticias.com\/index.php\/2026\/01\/18\/dice-mi-mama-que-siempre-si\/","title":{"rendered":"&#8220;Dice mi mam\u00e1 que siempre s\u00ed&#8230;&#8221;"},"content":{"rendered":"\n<p><strong>Columna Corren Rumores<\/strong><\/p>\n\n\n\n<p><strong>Hilario Olea<\/strong><\/p>\n\n\n\n<p><strong>&#8220;Dice mi mam\u00e1 que siempre s\u00ed&#8230;&#8221;<\/strong><\/p>\n\n\n\n<p><strong>Lunes 19 de enero de 2026<\/strong><\/p>\n\n\n\n<p><strong>PARA ATR\u00c1S LOS FILDERS\u2026. <\/strong>Luego de presumir de que no aceptar\u00edan las reformas electorales como lo estaban presentando en la presidencia, las dirigencias del PT y el Partido Verde doblaron las manitas y le bajaron el tono a su supuesta \u201cinconformidad\u201d en temas como es la reducci\u00f3n de legisladores plurinominales y lo m\u00e1s duro, el financiamiento p\u00fablico a los partidos pol\u00edticos. En pocas palabras aceptar\u00e1n como venga la propuesta de reformas que se supone se presentar\u00e1 en febrero. Algo debieron de negociar porque es imposible creer que se est\u00e9n colocando una cuerda en el cuello. Pero con estas medidas los que de plano entran en etapa de especies en peligro de extinci\u00f3n son el PRI y el PAN. Por lo pronto ya dejaron ver la foto donde los dirigentes de los partidos aliados est\u00e1n con la secretaria de Gobernaci\u00f3n. Mensaje m\u00e1s que claro que ya est\u00e1n dados.<\/p>\n\n\n\n<p><strong>A MEDIA TABLA\u2026 <\/strong>Con todo y que el oficialismo presume de que somos un pa\u00eds con un sistema democr\u00e1tico amplio, en realidad de acuerdo con el Indice de Democracia que elabora el grupo Economist Intelligence Unit, con sede en Londres, M\u00e9xico est\u00e1 ubicado hasta antes de la reforma electoral en el lugar 84 de entre 200 pa\u00edses. Ahora que se anulen los \u00f3rganos electorales como es parte de esta reforma, lo m\u00e1s probable es que tengamos un retroceso democr\u00e1tico. Pero eso no importa para la 4T, porque es obvio que la intenci\u00f3n es lograr el control total, como alguna vez lo tuvo el PRI a mediados del siglo pasado. Esto es una moneda al aire, pues con tanto poder podemos caer en un sistema chavista y Dios nos asista. O bien, tener un gobierno controlador y centralista estilo chino, que dominan todo, pero no matan de hambre al pueblo. Ya veremos cuando se presente la propuesta de esta reforma electoral.<\/p>\n\n\n\n<p><strong>SOBRE TODO, EN HERMOSILLO\u2026 <\/strong>No s\u00e9 si es falta de cultura o de liderazgo social, el caso es que los sonorenses somos un pueblo un tanto indiferente con la historia y los personajes que de alguna manera construyeron la sociedad. Un ejemplo lo tenemos en la falta de monumentos y estatuas. Ah\u00ed tienen el caso del general insurgente Jos\u00e9 Mar\u00eda Gonz\u00e1lez Hermosillo, por el que nuestra capital lleva su nombre. No hay un solo mural o estatua de este personaje. Desconocemos su biograf\u00eda, porque nadie la promueve. Somos de memoria instant\u00e1nea por llamarla de alguna manera. Cada vez la indiferencia es mayor. Casos como el de Jes\u00fas Garc\u00eda, del que casi olvidamos la fecha de su haza\u00f1a heroica. En pocas palabras, nos vale madre.<\/p>\n\n\n\n<p><strong>AL ARCHIVO DE LA HISTORIA\u2026 <\/strong>Hay personajes que dejaron profunda huella ya sea en materia pol\u00edtica, gobierno, social, deportiva y art\u00edstica que no los consideramos. Ahorita los homenajes son para los personajes del momento, como el caso de los cantantes de corridos Natanael Cano o Car\u00edn Le\u00f3n, por mencionar solo unos. Pero personajes como Rodolfo Campod\u00f3nico ni quien se acuerde que en enero se cumplen cien a\u00f1os de su muerte. Fue un gran m\u00fasico sonorense que dej\u00f3 profunda huella en su tiempo, que solo cometi\u00f3 un error pol\u00edtico pero eso lo hizo que tuviera que exiliarse. Ahorita, salvo su busto que est\u00e1 por el centro hist\u00f3rico, no hay m\u00e1s huella, est\u00e1 en el archivo de la historia.<\/p>\n\n\n\n<p><strong>ENORME LEGADO\u2026 <\/strong>Era conocido como el Champ, por aquello de Campe\u00f3n. Desde muy joven tocaba tri\u00e1ngulo, clarinete, flauta, chelo y contrabajo y a temprana edad comenz\u00f3 a componer m\u00fasica al grado de registrar 2,500 obras, pero sin duda su canci\u00f3n m\u00e1s conocida es \u201cClub Verde\u201d, dedicado al club antirreeleccionista. Su apoyo al gobernador Jos\u00e9 Maytorena lo enemist\u00f3 con Alvaro Obreg\u00f3n, lo que lo oblig\u00f3 a exiliarse en Arizona. Pero ah\u00ed est\u00e1 su enorme legado no reconocido por la sociedad o las autoridades, al grado que en el Festival Alfonso Ortiz Tirado no hay la m\u00ednima menci\u00f3n o la inclusi\u00f3n de una de sus obras en el programa musical. As\u00ed nos las gastamos.<\/p>\n\n\n\n<p><strong>SE REGISTR\u00d3 EL CANO\u2026 <\/strong>Acompa\u00f1ado de unos dos mil simpatizantes, el exalcalde Alejandro L\u00f3pez Caballero lleg\u00f3 hasta la sede del PAN para registrarse como aspirante a candidato a la alcald\u00eda de Hermosillo. Tal y como lo hab\u00eda anunciado no se present\u00f3 solo a solicitar quedar inscrito en la lista de aspirantes. Seguramente no se lo podr\u00e1n negar, porque entonces su partido se ver\u00eda muy malito y dar\u00eda a entender que se est\u00e1 jugando con dados cargados. Adem\u00e1s de provocar una divisi\u00f3n interna muy seria en ese partido. Y a como est\u00e1n ahora las alianzas, podr\u00eda perder una buena estructura. Veremos, porque todo sucede en la grilla.<\/p>\n\n\n\n<p><strong>En fin, por eso mejor recuerden lo que dec\u00eda el Bizco Encarnaci\u00f3n: Acomo me ves, se ve gacho. Sale.<\/strong><\/p>\n\n\n\n<p><strong>S\u00edganos en la cuenta de X o witter @hilarioolea.<\/strong><\/p>\n\n\n\n<p><strong>Pueden vernos de lunes a viernes de 8 a 9 de la noche en nuestro canal de YouTube \u201cEntre Todos Digital\u201d.<\/strong><\/p>\n\n\n\n<p><strong>Sigan nuestras redes sociales<\/strong><\/p>\n","protected":false},"excerpt":{"rendered":"<p>Columna Corren Rumores Hilario Olea &#8220;Dice mi mam\u00e1 que siempre s\u00ed&#8230;&#8221; Lunes 19 de enero de 2026 PARA ATR\u00c1S LOS FILDERS\u2026. Luego de presumir de que no aceptar\u00edan las reformas electorales como lo estaban presentando en la presidencia, las dirigencias del PT y el Partido Verde doblaron las manitas y le bajaron el tono a [&hellip;]<\/p>\n","protected":false},"author":1,"featured_media":37529,"comment_status":"open","ping_status":"open","sticky":false,"template":"","format":"standard","meta":{"content-type":"","footnotes":""},"categories":[121],"tags":[],"class_list":{"0":"post-37528","1":"post","2":"type-post","3":"status-publish","4":"format-standard","5":"has-post-thumbnail","7":"category-hilarioolea"},"_links":{"self":[{"href":"https:\/\/www.regioncuatronoticias.com\/index.php\/wp-json\/wp\/v2\/posts\/37528","targetHints":{"allow":["GET"]}}],"collection":[{"href":"https:\/\/www.regioncuatronoticias.com\/index.php\/wp-json\/wp\/v2\/posts"}],"about":[{"href":"https:\/\/www.regioncuatronoticias.com\/index.php\/wp-json\/wp\/v2\/types\/post"}],"author":[{"embeddable":true,"href":"https:\/\/www.regioncuatronoticias.com\/index.php\/wp-json\/wp\/v2\/users\/1"}],"replies":[{"embeddable":true,"href":"https:\/\/www.regioncuatronoticias.com\/index.php\/wp-json\/wp\/v2\/comments?post=37528"}],"version-history":[{"count":1,"href":"https:\/\/www.regioncuatronoticias.com\/index.php\/wp-json\/wp\/v2\/posts\/37528\/revisions"}],"predecessor-version":[{"id":37530,"href":"https:\/\/www.regioncuatronoticias.com\/index.php\/wp-json\/wp\/v2\/posts\/37528\/revisions\/37530"}],"wp:featuredmedia":[{"embeddable":true,"href":"https:\/\/www.regioncuatronoticias.com\/index.php\/wp-json\/wp\/v2\/media\/37529"}],"wp:attachment":[{"href":"https:\/\/www.regioncuatronoticias.com\/index.php\/wp-json\/wp\/v2\/media?parent=37528"}],"wp:term":[{"taxonomy":"category","embeddable":true,"href":"https:\/\/www.regioncuatronoticias.com\/index.php\/wp-json\/wp\/v2\/categories?post=37528"},{"taxonomy":"post_tag","embeddable":true,"href":"https:\/\/www.regioncuatronoticias.com\/index.php\/wp-json\/wp\/v2\/tags?post=37528"}],"curies":[{"name":"wp","href":"https:\/\/api.w.org\/{rel}","templated":true}]}}