{"id":3735,"date":"2023-12-16T12:38:26","date_gmt":"2023-12-16T19:38:26","guid":{"rendered":"https:\/\/www.regioncuatronoticias.com\/?p=3735"},"modified":"2023-12-16T12:38:29","modified_gmt":"2023-12-16T19:38:29","slug":"amlo-los-esta-volviendo-a-desaparecer-acusa-la-madre-buscadora-ceci-flores-sobre-el-nuevo-censo-del-gobierno-federal","status":"publish","type":"post","link":"https:\/\/www.regioncuatronoticias.com\/index.php\/2023\/12\/16\/amlo-los-esta-volviendo-a-desaparecer-acusa-la-madre-buscadora-ceci-flores-sobre-el-nuevo-censo-del-gobierno-federal\/","title":{"rendered":"\u201cAMLO los est\u00e1 volviendo a desaparecer\u201d, acusa la madre buscadora Ceci Flores sobre el nuevo censo del gobierno federal"},"content":{"rendered":"\n<p>Latinus<\/p>\n\n\n\n<p>diciembre 15, 2023<\/p>\n\n\n\n<p>La activista Ceci Flores critic\u00f3 este viernes el nuevo censo de personas desaparecidas en M\u00e9xico, el cual establece que hay en el pa\u00eds 12 mil 377 desaparecidos en el pa\u00eds, un 11% del total de casos reflejados en la base de datos del gobierno federal.<\/p>\n\n\n\n<p>\u201cLos est\u00e1n volviendo a desaparecer (\u2026) \u00bfqu\u00e9 fue lo que hizo el presidente L\u00f3pez Obrador para llegar a esta cifra tan baja de personas desaparecidas?, casi, m\u00e1gicamente, quer\u00eda manipular y minimizar la cifra de los desaparecidos\u201d, dijo la activista en entrevista con Carlos Loret de Mola para Latinus.<\/p>\n\n\n\n<p>Flores asegur\u00f3 que tan s\u00f3lo en Tamaulipas se registran 12 mil personas desaparecidas, por lo que dijo que la cifra presentada por las autoridades federales no es congruente con la verdad.<\/p>\n\n\n\n<p>\u201cHay que recordar que Karla Quintana fue la directora del organismo de b\u00fasqueda de desaparecidos del gobierno de L\u00f3pez Obrador, nombrada por L\u00f3pez Obrador, y en el verano renunci\u00f3 cuando vio que iba a hacerse este censo, que dijo tiene como \u00fanico objetivo no encontrar a las personas, sino maquillar las cifras\u201d, lament\u00f3.<\/p>\n\n\n\n<p>Luisa Mar\u00eda Alcalde, secretaria de Gobernaci\u00f3n, explic\u00f3 el jueves que la reducci\u00f3n de registros oficiales de desaparecidos (originalmente de 110 mil) es porque 24%, es decir, 26 mil 90, no cuentan con datos suficientes para identificar a la persona, mientras que 36 mil registros, el 32% de la base de datos, cuentan con una identidad, pero no con indicios suficientes para poder hacer alg\u00fan tipo de acci\u00f3n de b\u00fasqueda.<\/p>\n\n\n\n<p>Consulta: Gobierno de AMLO manipula el censo de personas desaparecidas: disminuyen los casos en el registro nacional<\/p>\n\n\n\n<p>Al respecto, la activista calific\u00f3 como sorprendente la dr\u00e1stica reducci\u00f3n que mostr\u00f3 en d\u00edas el gobierno federal: \u201cEste es el sexenio con m\u00e1s desaparecidos de la historia\u201d.<\/p>\n\n\n\n<p>Ayer, el presidente Andr\u00e9s Manuel L\u00f3pez Obrador defendi\u00f3 los procesos de b\u00fasqueda que realiza su gobierno en conjunto con los estados para actualizar el Registro Nacional de Datos de Personas Extraviadas o Desaparecidas, y respondi\u00f3 que \u201cno se borrar\u00e1 a nadie\u201d ante los se\u00f1alamientos de colectivos y defensores que alertan que podr\u00eda haber una manipulaci\u00f3n de la base de datos.<\/p>\n\n\n\n<figure class=\"wp-block-embed is-type-wp-embed is-provider-latin-us wp-block-embed-latin-us\"><div class=\"wp-block-embed__wrapper\">\n<blockquote class=\"wp-embedded-content\" data-secret=\"NC4BFvDCmb\"><a href=\"https:\/\/latinus.us\/2023\/12\/15\/amlo-volviendo-desaparecer-ceci-flores-nuevo-censo-gobierno-federal\/\">\u201cAMLO los est\u00e1 volviendo a desaparecer\u201d, acusa la madre buscadora Ceci Flores sobre el nuevo censo del gobierno federal<\/a><\/blockquote><iframe loading=\"lazy\" class=\"wp-embedded-content\" sandbox=\"allow-scripts\" security=\"restricted\" style=\"position: absolute; clip: rect(1px, 1px, 1px, 1px);\" title=\"&#8220;\u201cAMLO los est\u00e1 volviendo a desaparecer\u201d, acusa la madre buscadora Ceci Flores sobre el nuevo censo del gobierno federal&#8221; &#8212; Latin US\" src=\"https:\/\/latinus.us\/2023\/12\/15\/amlo-volviendo-desaparecer-ceci-flores-nuevo-censo-gobierno-federal\/embed\/#?secret=Ny5XK8gNHq#?secret=NC4BFvDCmb\" data-secret=\"NC4BFvDCmb\" width=\"600\" height=\"338\" frameborder=\"0\" marginwidth=\"0\" marginheight=\"0\" scrolling=\"no\"><\/iframe>\n<\/div><\/figure>\n","protected":false},"excerpt":{"rendered":"<p>Latinus diciembre 15, 2023 La activista Ceci Flores critic\u00f3 este viernes el nuevo censo de personas desaparecidas en M\u00e9xico, el cual establece que hay en el pa\u00eds 12 mil 377 desaparecidos en el pa\u00eds, un 11% del total de casos reflejados en la base de datos del gobierno federal. \u201cLos est\u00e1n volviendo a desaparecer (\u2026) [&hellip;]<\/p>\n","protected":false},"author":1,"featured_media":3736,"comment_status":"open","ping_status":"open","sticky":false,"template":"","format":"standard","meta":{"content-type":"","footnotes":""},"categories":[117,3,105],"tags":[],"class_list":{"0":"post-3735","1":"post","2":"type-post","3":"status-publish","4":"format-standard","5":"has-post-thumbnail","7":"category-general","8":"category-mexico","9":"category-principal"},"_links":{"self":[{"href":"https:\/\/www.regioncuatronoticias.com\/index.php\/wp-json\/wp\/v2\/posts\/3735","targetHints":{"allow":["GET"]}}],"collection":[{"href":"https:\/\/www.regioncuatronoticias.com\/index.php\/wp-json\/wp\/v2\/posts"}],"about":[{"href":"https:\/\/www.regioncuatronoticias.com\/index.php\/wp-json\/wp\/v2\/types\/post"}],"author":[{"embeddable":true,"href":"https:\/\/www.regioncuatronoticias.com\/index.php\/wp-json\/wp\/v2\/users\/1"}],"replies":[{"embeddable":true,"href":"https:\/\/www.regioncuatronoticias.com\/index.php\/wp-json\/wp\/v2\/comments?post=3735"}],"version-history":[{"count":1,"href":"https:\/\/www.regioncuatronoticias.com\/index.php\/wp-json\/wp\/v2\/posts\/3735\/revisions"}],"predecessor-version":[{"id":3737,"href":"https:\/\/www.regioncuatronoticias.com\/index.php\/wp-json\/wp\/v2\/posts\/3735\/revisions\/3737"}],"wp:featuredmedia":[{"embeddable":true,"href":"https:\/\/www.regioncuatronoticias.com\/index.php\/wp-json\/wp\/v2\/media\/3736"}],"wp:attachment":[{"href":"https:\/\/www.regioncuatronoticias.com\/index.php\/wp-json\/wp\/v2\/media?parent=3735"}],"wp:term":[{"taxonomy":"category","embeddable":true,"href":"https:\/\/www.regioncuatronoticias.com\/index.php\/wp-json\/wp\/v2\/categories?post=3735"},{"taxonomy":"post_tag","embeddable":true,"href":"https:\/\/www.regioncuatronoticias.com\/index.php\/wp-json\/wp\/v2\/tags?post=3735"}],"curies":[{"name":"wp","href":"https:\/\/api.w.org\/{rel}","templated":true}]}}