{"id":37312,"date":"2026-01-08T00:01:42","date_gmt":"2026-01-08T07:01:42","guid":{"rendered":"https:\/\/www.regioncuatronoticias.com\/?p=37312"},"modified":"2026-01-08T00:01:48","modified_gmt":"2026-01-08T07:01:48","slug":"en-sonora-revalidacion-vehicular-se-incrementara-desde-un-3-7-hasta-un-42-gabriela-felix","status":"publish","type":"post","link":"https:\/\/www.regioncuatronoticias.com\/index.php\/2026\/01\/08\/en-sonora-revalidacion-vehicular-se-incrementara-desde-un-3-7-hasta-un-42-gabriela-felix\/","title":{"rendered":"En Sonora revalidaci\u00f3n vehicular se incrementar\u00e1 desde un 3.7%, hasta un 42%: Gabriela F\u00e9lix"},"content":{"rendered":"\n<p><strong>* La legisladora de Movimiento Ciudadano llama a que el Gobierno del Estado brinde informaci\u00f3n transparente y oportuna a la ciudadan\u00eda.<\/strong><\/p>\n\n\n\n<p><strong>* De acuerdo a 2025, cada trimestre es una tarifa diferente, pero para 2026 no hay informaci\u00f3n sobre las diversas tarifas trimestrales.<\/strong><\/p>\n\n\n\n<p><strong>* Si se paga entre enero y marzo el aumento de 2025 Vs 2026 es de 3.7%, pero posteriormente, puede incrementar, tomando la referencia de los costos de 2025: de 13% m\u00e1s en segundo trimestre, 28% m\u00e1s en tercer trimestre y 41% m\u00e1s en cuarto trimestre.&nbsp;<\/strong><\/p>\n\n\n\n<p>Hermosillo, Sonora; a 6 de enero de 2026. Para el estado de Sonora los incrementos en el pago de revalidaci\u00f3n vehicular podr\u00e1n ir desde el 3.7%, hasta en un 41% de aumento, tomando como referencia el 2025, ya que, en el portal del Gobierno del Estado, a\u00fan permanecen tarifas del a\u00f1o pasado.<\/p>\n\n\n\n<p>Este aumento fue se\u00f1alado en la Ley y Presupuesto de Ingresos, por la diputada Gabriela F\u00e9lix, de Movimiento Ciudadano, en la discusi\u00f3n y debate en el Pleno del Congreso del Estado, el pasado mes de diciembre, cuando se someti\u00f3 a su an\u00e1lisis y votaci\u00f3n.<\/p>\n\n\n\n<p>Al respecto, las y los diputados de Morena, as\u00ed como sus aliados, votaron a favor y afirmaron que solo ser\u00eda el incremento inflacionario, pero omitieron se\u00f1alar tanto los legisladores como el propio documento enviado por el Gobierno del Estado, las diversas tarifas de acuerdo a cada trimestre de 2026.<\/p>\n\n\n\n<p>Al comparar documentos de pagos entre el primer trimestre contra cuarto trimestre de 2025, se observa que, a pesar de descuentos por pronto pago o por multas a final de a\u00f1o, la diferencia de incremento es de 1,400 pesos.<\/p>\n\n\n\n<p>Por ello, la diputada Gabriela F\u00e9lix, llama a brindar informaci\u00f3n clara, oportunidad y veraz, sobre los costos por trimestre en relaci\u00f3n a revalidaci\u00f3n vehicular, a la ciudadan\u00eda.&nbsp;<\/p>\n\n\n\n<p>El cobro de revalidaci\u00f3n en Sonora, contempla en su total un 38%, entre aportaciones e impuestos para: sostenimiento de la Universidad de Sonora, CECOP, Fortalecimiento de Infraestructura Educativa, Cruz Roja, Bomberos y, a partir de 2025, Protecci\u00f3n Animal y DIF.<\/p>\n\n\n\n<p>El pasado martes 6 de enero, la diputada Gabriela F\u00e9lix denunci\u00f3 el incremento registrado este a\u00f1o en el costo de la revalidaci\u00f3n vehicular en Sonora.<\/p>\n\n\n\n<p>Como seguimiento, se comparte esta tabla explicativa donde se detalla c\u00f3mo se cobra la revalidaci\u00f3n. El an\u00e1lisis permite observar que el aumento no se limita \u00fanicamente a la inflaci\u00f3n anual, como han se\u00f1alado Morena y sus aliados, sino que el costo se incrementa trimestre tras trimestre, aun trat\u00e1ndose del mismo tr\u00e1mite y dentro del mismo a\u00f1o fiscal.<\/p>\n\n\n\n<p>Adem\u00e1s, pese a que el precio ya aumenta conforme avanza el a\u00f1o, se siguen aplicando recargos y multas por pago extempor\u00e1neo, lo que constituye un doble cobro, ya que el incremento trimestral funciona de facto como una penalizaci\u00f3n.<\/p>\n\n\n\n<p>Este esquema de aumentos no se explica, ni se justifica, en la Ley de Ingresos del Estado, ni en ning\u00fan otro documento p\u00fablico, y se aplica a discreci\u00f3n del Ejecutivo, como ha ocurrido a\u00f1o con a\u00f1o.<\/p>\n\n\n\n<p><strong>C\u00d3MO SE COBRA LA REVALIDACI\u00d3N<\/strong><\/p>\n\n\n\n<p>El an\u00e1lisis de la gr\u00e1ficas permite observar que el aumento no se limita \u00fanicamente a la inflaci\u00f3n anual, como han se\u00f1alado Morena y sus aliados, sino que el costo se incrementa trimestre tras trimestre, aun trat\u00e1ndose del mismo tr\u00e1mite y dentro del mismo a\u00f1o fiscal.<\/p>\n\n\n\n<p>Adem\u00e1s, pese a que el precio ya aumenta conforme avanza el a\u00f1o, se siguen aplicando recargos y multas por pago extempor\u00e1neo, lo que constituye un doble cobro, ya que el incremento trimestral funciona de facto como una penalizaci\u00f3n.<\/p>\n\n\n\n<p>Este esquema de aumentos no se explica, ni se justifica, en la Ley de Ingresos del Estado, ni en ning\u00fan otro documento p\u00fablico, y se aplica a discreci\u00f3n del Ejecutivo, como ha ocurrido a\u00f1o con a\u00f1o.<\/p>\n","protected":false},"excerpt":{"rendered":"<p>* La legisladora de Movimiento Ciudadano llama a que el Gobierno del Estado brinde informaci\u00f3n transparente y oportuna a la ciudadan\u00eda. * De acuerdo a 2025, cada trimestre es una tarifa diferente, pero para 2026 no hay informaci\u00f3n sobre las diversas tarifas trimestrales. * Si se paga entre enero y marzo el aumento de 2025 [&hellip;]<\/p>\n","protected":false},"author":1,"featured_media":37313,"comment_status":"open","ping_status":"open","sticky":false,"template":"","format":"standard","meta":{"content-type":"","footnotes":""},"categories":[119,9],"tags":[],"class_list":{"0":"post-37312","1":"post","2":"type-post","3":"status-publish","4":"format-standard","5":"has-post-thumbnail","7":"category-congreso","8":"category-sonora"},"_links":{"self":[{"href":"https:\/\/www.regioncuatronoticias.com\/index.php\/wp-json\/wp\/v2\/posts\/37312","targetHints":{"allow":["GET"]}}],"collection":[{"href":"https:\/\/www.regioncuatronoticias.com\/index.php\/wp-json\/wp\/v2\/posts"}],"about":[{"href":"https:\/\/www.regioncuatronoticias.com\/index.php\/wp-json\/wp\/v2\/types\/post"}],"author":[{"embeddable":true,"href":"https:\/\/www.regioncuatronoticias.com\/index.php\/wp-json\/wp\/v2\/users\/1"}],"replies":[{"embeddable":true,"href":"https:\/\/www.regioncuatronoticias.com\/index.php\/wp-json\/wp\/v2\/comments?post=37312"}],"version-history":[{"count":1,"href":"https:\/\/www.regioncuatronoticias.com\/index.php\/wp-json\/wp\/v2\/posts\/37312\/revisions"}],"predecessor-version":[{"id":37314,"href":"https:\/\/www.regioncuatronoticias.com\/index.php\/wp-json\/wp\/v2\/posts\/37312\/revisions\/37314"}],"wp:featuredmedia":[{"embeddable":true,"href":"https:\/\/www.regioncuatronoticias.com\/index.php\/wp-json\/wp\/v2\/media\/37313"}],"wp:attachment":[{"href":"https:\/\/www.regioncuatronoticias.com\/index.php\/wp-json\/wp\/v2\/media?parent=37312"}],"wp:term":[{"taxonomy":"category","embeddable":true,"href":"https:\/\/www.regioncuatronoticias.com\/index.php\/wp-json\/wp\/v2\/categories?post=37312"},{"taxonomy":"post_tag","embeddable":true,"href":"https:\/\/www.regioncuatronoticias.com\/index.php\/wp-json\/wp\/v2\/tags?post=37312"}],"curies":[{"name":"wp","href":"https:\/\/api.w.org\/{rel}","templated":true}]}}