{"id":37188,"date":"2026-01-04T22:19:20","date_gmt":"2026-01-05T05:19:20","guid":{"rendered":"https:\/\/www.regioncuatronoticias.com\/?p=37188"},"modified":"2026-01-04T22:19:24","modified_gmt":"2026-01-05T05:19:24","slug":"las-cabanuelas-politicas","status":"publish","type":"post","link":"https:\/\/www.regioncuatronoticias.com\/index.php\/2026\/01\/04\/las-cabanuelas-politicas\/","title":{"rendered":"Las caba\u00f1uelas pol\u00edticas"},"content":{"rendered":"\n<p><strong>Columna Corren Rumores<\/strong><\/p>\n\n\n\n<p><strong>Hilario Olea<\/strong><\/p>\n\n\n\n<p><a><strong>Las caba\u00f1uelas pol\u00edticas<\/strong><\/a><\/p>\n\n\n\n<p><strong>Lunes 5 de enero de 2026<\/strong><\/p>\n\n\n\n<p><strong>Y TAMBI\u00c9N LAS DEL CLIMA\u2026<\/strong> Muchos comenzamos a llevar la contabilidad de c\u00f3mo se presentan los primeros 24 d\u00edas del a\u00f1o para intentar hacer el pron\u00f3stico del clima durante todo el a\u00f1o. Esta forma tradicional de predecir el tiempo se le conoce como \u201cCaba\u00f1uelas\u201d y muchos dicen que, si se hacen bien, son bastante atinadas. Y hacerlo es muy f\u00e1cil, porque se registran los primeros 12 d\u00edas que van de enero a diciembre. Luego, se viene en reversa o sea el d\u00eda 13 ser\u00e1 diciembre y as\u00ed hasta llegar al d\u00eda 24. Se hace la suma y el promedio y dicen que puede ser atinado. Ya veremos si ustedes gustan hacerlo. Por lo pronto, los retamos a que tambi\u00e9n comiencen con las caba\u00f1uelas pol\u00edticas para pronosticar como vendr\u00e1 el 2026 en materia electoral y pol\u00edtica. Porque hay mucho para calcular, comenzando por los cambios que se dan en forma normal al iniciar el a\u00f1o.<\/p>\n\n\n\n<p><strong>\u00bfSE VA O SE QUEDA?&#8230;<\/strong> Lo primero que brinc\u00f3, y no es para menos, es la posibilidad de que el gobernador Alfonso Durazo acepte la posible invitaci\u00f3n para ocupar la Secretar\u00eda de Gobernaci\u00f3n, como parte de los movimientos que planea hacer empezando el a\u00f1o la presidenta Claudia Sheinbaum. \u00bfEn qu\u00e9 se basa esta especulaci\u00f3n? Primero, en que la presidenta requiere de alguien que le maneje la pol\u00edtica interna del pa\u00eds. Pero, la pregunta, primero, es si el mandatario estatal se va o se queda. Pensemos que se diera la situaci\u00f3n de que tenga que dejar la gubernatura. Entonces la pregunta es \u00bfQui\u00e9n lo puede, o debe sustituir? Por el momento, se habla del segundo a bordo que es el secretario de Gobierno, Adolfo Salazar. Ser\u00eda el natural; pero hay que ver qu\u00e9 piensa el gober, quien tendr\u00eda mano en todo esto. Entonces, de la lista de su primer c\u00edrculo, \u00bfqui\u00e9n puede quedar en su lugar?<\/p>\n\n\n\n<p><strong>PRESIDENTE DEL SUPREMO\u2026<\/strong> Se supone que por escalaf\u00f3n, en caso de ausencia del gobernador, su lugar lo debe ocupar el presidente del Supremo Tribunal de Justicia, Rafael Acu\u00f1a Griego; pero el magistrado si bien se le tiene reconocimiento, sin embargo no es del primer c\u00edrculo del gobernador. Adem\u00e1s, hay quienes cuestionan que no tiene la suficiente experiencia pol\u00edtica como para estar al frente del estado durante el a\u00f1o clave que ser\u00e1 este 2026, cuando Morena buscar\u00e1 retener mayor\u00eda en el Congreso, ganar la mayor\u00eda de los municipios, sobre todo Hermosillo, y para esto se debe tener cierta experiencia pol\u00edtica algo que no tiene el magistrado Acu\u00f1a Griego. Por eso lo dan por descartado, porque en caso de que lo nombraran, deber\u00eda de tener a su lado a un operador de primer nivel que sea el que se encargue de manejar los asuntos pol\u00edticos.<\/p>\n\n\n\n<p><strong>DAMAS PRIMERO\u2026<\/strong> En caso de que se presionara para que quien cubra este espacio sea mujer, entonces se pone m\u00e1s dif\u00edcil el asunto porque, dicho sea de paso, no hay mucho de donde echar mano, y no por falta de talento, sino por razones de cercan\u00eda pol\u00edtica con el actual gobernador. Por ejemplo, entre los diputados encabeza la lista la diputada por Cajeme, Ernestina Castro. Tambi\u00e9n hay que poner en lista a C\u00e9lida L\u00f3pez, quien tiene la experiencia de haber sido alcaldesa de Hermosillo. Y alguien a quien el gobernador Durazo le tiene confianza es a su secretar\u00eda Anticorrupci\u00f3n, Mar\u00eda Dolores del R\u00edo quien, adem\u00e1s de pol\u00edtica, tiene experiencia de gobierno ya que fue alcaldesa de Hermosillo. Desde luego que aqu\u00ed se pondr\u00eda a Lorenia Valles; pero ella va por la grande para el 2027. Como se ve, la lista de damas posibles es breve; pero no hay que perderlas de vista. Hay quienes dicen debe considerarse a la Jefa de la Oficina del Ejecutivo, Paulina Oca\u00f1a, quien est\u00e1 sobrada de talento; pero se ve que es un proyecto pol\u00edtico a mediano plazo.<\/p>\n\n\n\n<p><strong>ALCALDE O FUNCIONARIO\u2026<\/strong> En caso de que se decidieran por un alcalde tampoco la lista es muy larga. De hecho, salvo Javier Lamarque, no hay un presidente municipal que pudiera ser considerado para este cargo. Algunos no solo no tienen capacidad, sino que incluso ya no tienen ni visa americana. Entre los diputados locales, uno de los que habr\u00eda que considerar es a Omar del Valle Colosio que, si bien es cierto milita con casaca del Partido Verde, es cien por ciento leal al gobernador. Por ah\u00ed tambi\u00e9n han hecho correr la versi\u00f3n de que podr\u00edan apuntar a la diputada Diana Karina Barreras, conocida como \u201cDato Protegido\u201d, esposa de Sergio Guti\u00e9rrez Luna. No creemos que el gobernador le deje la iglesia en manos de Lutero.<\/p>\n\n\n\n<p><strong>En fin, as\u00ed la cosa. Por eso recuerden lo que dec\u00eda el Gordo Chifl\u00f3n: Dime de qu\u00e9 presumes y te dir\u00e9 si tienes chance. Sale.<\/strong><\/p>\n\n\n\n<p><strong>S\u00edganos en la cuenta de X o Twitter @hilarioolea.<\/strong><\/p>\n\n\n\n<p><strong>Pueden vernos de lunes a viernes de 8 a 9 de la noche en nuestro canal de YouTube \u201cEntre Todos Digital\u201d.<\/strong><\/p>\n\n\n\n<p><strong>Sigan nuestras redes sociales<\/strong><\/p>\n","protected":false},"excerpt":{"rendered":"<p>Columna Corren Rumores Hilario Olea Las caba\u00f1uelas pol\u00edticas Lunes 5 de enero de 2026 Y TAMBI\u00c9N LAS DEL CLIMA\u2026 Muchos comenzamos a llevar la contabilidad de c\u00f3mo se presentan los primeros 24 d\u00edas del a\u00f1o para intentar hacer el pron\u00f3stico del clima durante todo el a\u00f1o. Esta forma tradicional de predecir el tiempo se le [&hellip;]<\/p>\n","protected":false},"author":1,"featured_media":37189,"comment_status":"open","ping_status":"open","sticky":false,"template":"","format":"standard","meta":{"content-type":"","footnotes":""},"categories":[121],"tags":[],"class_list":{"0":"post-37188","1":"post","2":"type-post","3":"status-publish","4":"format-standard","5":"has-post-thumbnail","7":"category-hilarioolea"},"_links":{"self":[{"href":"https:\/\/www.regioncuatronoticias.com\/index.php\/wp-json\/wp\/v2\/posts\/37188","targetHints":{"allow":["GET"]}}],"collection":[{"href":"https:\/\/www.regioncuatronoticias.com\/index.php\/wp-json\/wp\/v2\/posts"}],"about":[{"href":"https:\/\/www.regioncuatronoticias.com\/index.php\/wp-json\/wp\/v2\/types\/post"}],"author":[{"embeddable":true,"href":"https:\/\/www.regioncuatronoticias.com\/index.php\/wp-json\/wp\/v2\/users\/1"}],"replies":[{"embeddable":true,"href":"https:\/\/www.regioncuatronoticias.com\/index.php\/wp-json\/wp\/v2\/comments?post=37188"}],"version-history":[{"count":1,"href":"https:\/\/www.regioncuatronoticias.com\/index.php\/wp-json\/wp\/v2\/posts\/37188\/revisions"}],"predecessor-version":[{"id":37190,"href":"https:\/\/www.regioncuatronoticias.com\/index.php\/wp-json\/wp\/v2\/posts\/37188\/revisions\/37190"}],"wp:featuredmedia":[{"embeddable":true,"href":"https:\/\/www.regioncuatronoticias.com\/index.php\/wp-json\/wp\/v2\/media\/37189"}],"wp:attachment":[{"href":"https:\/\/www.regioncuatronoticias.com\/index.php\/wp-json\/wp\/v2\/media?parent=37188"}],"wp:term":[{"taxonomy":"category","embeddable":true,"href":"https:\/\/www.regioncuatronoticias.com\/index.php\/wp-json\/wp\/v2\/categories?post=37188"},{"taxonomy":"post_tag","embeddable":true,"href":"https:\/\/www.regioncuatronoticias.com\/index.php\/wp-json\/wp\/v2\/tags?post=37188"}],"curies":[{"name":"wp","href":"https:\/\/api.w.org\/{rel}","templated":true}]}}