{"id":3714,"date":"2023-12-16T10:06:12","date_gmt":"2023-12-16T17:06:12","guid":{"rendered":"https:\/\/www.regioncuatronoticias.com\/?p=3714"},"modified":"2023-12-16T10:06:13","modified_gmt":"2023-12-16T17:06:13","slug":"mexico-el-pais-mas-peligroso-para-periodistas-despues-de-gaza","status":"publish","type":"post","link":"https:\/\/www.regioncuatronoticias.com\/index.php\/2023\/12\/16\/mexico-el-pais-mas-peligroso-para-periodistas-despues-de-gaza\/","title":{"rendered":"M\u00e9xico, el pa\u00eds m\u00e1s peligroso para periodistas despu\u00e9s de Gaza"},"content":{"rendered":"\n<p>Tomado del portal M\u00e1s Informaci\u00f3n<\/p>\n\n\n\n<p>Diciembre 14 de 2023<\/p>\n\n\n\n<p>Par\u00eds, Francia, EFE. \u2013 Cuatro fueron los periodistas asesinados en M\u00e9xico en 2023, lo que supone un descenso respecto a los 11 de 2022, pero el pa\u00eds se mantiene como el m\u00e1s peligroso en zona de paz para ejercer la profesi\u00f3n period\u00edstica y en el c\u00f3mputo global solo fue superado por Palestina.<\/p>\n\n\n\n<p>M\u00e9xico concentra el mayor n\u00famero de periodistas asesinados en Am\u00e9rica Latina, que registr\u00f3 un total de 6 muertes a nivel continental, seg\u00fan el informe anual de Reporteros Sin Fronteras (RSF) publicado este jueves.<\/p>\n\n\n\n<p>Como pa\u00eds, tiene tambi\u00e9n la mayor tasa de muertes en el \u00faltimo lustro (46) y &nbsp;actualmente sus 31 profesionales de la prensa desaparecidos representan m\u00e1s de un tercio de los periodistas en paradero desconocido de todo el planeta.<\/p>\n\n\n\n<p>Entre los periodistas mexicanos asesinados est\u00e1n el director de la Agencia Red Noticias, Gerardo Torres, el director de Lo Real de Guerrero, Nelson Matus, el corresponsal de La Jornada, Luis Mart\u00edn S\u00e1nchez, y el locutor de Stereo Luz FM, Marco Aurelio Ram\u00edrez.<\/p>\n\n\n\n<p>Todos ellos aparecieron muertos entre mayo y julio de 2023 e investigaban el crimen organizado.<\/p>\n\n\n\n<p>Respecto al resto de la regi\u00f3n, las otras dos v\u00edctimas fueron: en Colombia el administrador de la p\u00e1gina de Facebook Notiorense, Luis Gabriel Pereira, y en Paraguay el presentador de Radio Urundey FM Alex\u00e1nder \u00c1lvarez.<\/p>\n\n\n\n<p>Aunque en conjunto las 6 muertes suponen un descenso \u201cnotable\u201d en la tasa de mortalidad period\u00edstica del continente, que pas\u00f3 de 26 en 2022 a 6 en 2023 debido sobre todo al descenso en M\u00e9xico, RSF apunt\u00f3 que \u201cno se puede hablar de una mejora estructural de las condiciones de seguridad\u201d.<\/p>\n\n\n\n<p>As\u00ed lo demuestra tambi\u00e9n el secuestro de Al\u00e1n Garc\u00eda Aguilar, fundador y redactor jefe del medio mexicano Escenario Calentano, que investigaba a bandas criminales y la corrupci\u00f3n de la regi\u00f3n, y las m\u00e1s de 30 desapariciones en M\u00e9xico, de las que 8 fueron forzadas.<\/p>\n\n\n\n<p>En Am\u00e9rica Latina tambi\u00e9n es donde m\u00e1s mujeres periodistas desaparecen, con un total de 4 casos, de los 5 que hay reportados en todo el mundo. Entre ellas &nbsp;figuran la fot\u00f3grafa Sara Cristina Chan Chan Medina, desaparecida desde 1989 en El Salvador.<\/p>\n\n\n\n<p>RSF elabora anualmente este tipo de balances desde 1995 a partir de datos recopilados entre el 1 de enero y el 1 de diciembre en su publicaci\u00f3n. El c\u00f3mputo total del balance 2023 incluye a periodistas profesionales y no profesionales, as\u00ed como a otros trabajadores de los medios.<\/p>\n\n\n\n<figure class=\"wp-block-embed is-type-wp-embed is-provider-incrustado wp-block-embed-incrustado\"><div class=\"wp-block-embed__wrapper\">\n<blockquote class=\"wp-embedded-content\" data-secret=\"oRbMYKh3h3\"><a href=\"https:\/\/massinformacion.com.mx\/2023\/12\/14\/mexico-el-pais-mas-peligroso-para-periodistas-despues-de-gaza\/\">M\u00e9xico, el pa\u00eds m\u00e1s peligroso para periodistas despu\u00e9s de Gaza<\/a><\/blockquote><iframe loading=\"lazy\" class=\"wp-embedded-content\" sandbox=\"allow-scripts\" security=\"restricted\" style=\"position: absolute; clip: rect(1px, 1px, 1px, 1px);\" title=\"\u00abM\u00e9xico, el pa\u00eds m\u00e1s peligroso para periodistas despu\u00e9s de Gaza\u00bb \u2014 \" src=\"https:\/\/massinformacion.com.mx\/2023\/12\/14\/mexico-el-pais-mas-peligroso-para-periodistas-despues-de-gaza\/embed\/#?secret=pJw85sd9gs#?secret=oRbMYKh3h3\" data-secret=\"oRbMYKh3h3\" width=\"600\" height=\"338\" frameborder=\"0\" marginwidth=\"0\" marginheight=\"0\" scrolling=\"no\"><\/iframe>\n<\/div><\/figure>\n","protected":false},"excerpt":{"rendered":"<p>Tomado del portal M\u00e1s Informaci\u00f3n Diciembre 14 de 2023 Par\u00eds, Francia, EFE. \u2013 Cuatro fueron los periodistas asesinados en M\u00e9xico en 2023, lo que supone un descenso respecto a los 11 de 2022, pero el pa\u00eds se mantiene como el m\u00e1s peligroso en zona de paz para ejercer la profesi\u00f3n period\u00edstica y en el c\u00f3mputo [&hellip;]<\/p>\n","protected":false},"author":1,"featured_media":3715,"comment_status":"open","ping_status":"open","sticky":false,"template":"","format":"standard","meta":{"content-type":"","footnotes":""},"categories":[117,3,115,105],"tags":[],"class_list":{"0":"post-3714","1":"post","2":"type-post","3":"status-publish","4":"format-standard","5":"has-post-thumbnail","7":"category-general","8":"category-mexico","9":"category-politica","10":"category-principal"},"_links":{"self":[{"href":"https:\/\/www.regioncuatronoticias.com\/index.php\/wp-json\/wp\/v2\/posts\/3714","targetHints":{"allow":["GET"]}}],"collection":[{"href":"https:\/\/www.regioncuatronoticias.com\/index.php\/wp-json\/wp\/v2\/posts"}],"about":[{"href":"https:\/\/www.regioncuatronoticias.com\/index.php\/wp-json\/wp\/v2\/types\/post"}],"author":[{"embeddable":true,"href":"https:\/\/www.regioncuatronoticias.com\/index.php\/wp-json\/wp\/v2\/users\/1"}],"replies":[{"embeddable":true,"href":"https:\/\/www.regioncuatronoticias.com\/index.php\/wp-json\/wp\/v2\/comments?post=3714"}],"version-history":[{"count":1,"href":"https:\/\/www.regioncuatronoticias.com\/index.php\/wp-json\/wp\/v2\/posts\/3714\/revisions"}],"predecessor-version":[{"id":3716,"href":"https:\/\/www.regioncuatronoticias.com\/index.php\/wp-json\/wp\/v2\/posts\/3714\/revisions\/3716"}],"wp:featuredmedia":[{"embeddable":true,"href":"https:\/\/www.regioncuatronoticias.com\/index.php\/wp-json\/wp\/v2\/media\/3715"}],"wp:attachment":[{"href":"https:\/\/www.regioncuatronoticias.com\/index.php\/wp-json\/wp\/v2\/media?parent=3714"}],"wp:term":[{"taxonomy":"category","embeddable":true,"href":"https:\/\/www.regioncuatronoticias.com\/index.php\/wp-json\/wp\/v2\/categories?post=3714"},{"taxonomy":"post_tag","embeddable":true,"href":"https:\/\/www.regioncuatronoticias.com\/index.php\/wp-json\/wp\/v2\/tags?post=3714"}],"curies":[{"name":"wp","href":"https:\/\/api.w.org\/{rel}","templated":true}]}}