{"id":3693,"date":"2023-12-15T01:02:46","date_gmt":"2023-12-15T08:02:46","guid":{"rendered":"https:\/\/www.regioncuatronoticias.com\/?p=3693"},"modified":"2023-12-15T01:02:48","modified_gmt":"2023-12-15T08:02:48","slug":"queria-zaldivar-conservar-privilegios-de-ministro-de-la-scjn","status":"publish","type":"post","link":"https:\/\/www.regioncuatronoticias.com\/index.php\/2023\/12\/15\/queria-zaldivar-conservar-privilegios-de-ministro-de-la-scjn\/","title":{"rendered":"Quer\u00eda Zald\u00edvar conservar privilegios de ministro de la SCJN"},"content":{"rendered":"\n<p>Ped\u00eda que durante los dos primeros a\u00f1os de su retiro pudiera conservar dos camionetas blindadas, gasolina y mantenimiento, el pago de 5 colabores y 6 escoltas de seguridad, todo solventado por la SCJN<\/p>\n\n\n\n<p>M@S INFORMACI\u00d3N<\/p>\n\n\n\n<p>Tomado de Infobae M\u00e9xico<\/p>\n\n\n\n<p>Diciembre 14 de 2023<\/p>\n\n\n\n<p>Ciudad de M\u00e9xico. \u2013 El 15 de noviembre, el exministro Arturo Zald\u00edvar anunci\u00f3 que dejar\u00eda su cargo en la Suprema Corte de Justicia de la Naci\u00f3n (SCJN), esto para sumarse al equipo de la precandidata presidencial \u00fanica de Morena, Claudia Sheinbaum, sin embargo, para antes de salirse el extitular del organismo busc\u00f3 conservar privilegios ya eliminados, seg\u00fan la revista Proceso.<\/p>\n\n\n\n<p>De acuerdo con la investigaci\u00f3n publicada por el medio citado, despu\u00e9s de que el exministro presentara su renuncia, inici\u00f3 con un proceso administrativo para garantizar su haber de retiro fuera aprobado.<\/p>\n\n\n\n<p>El exministro hab\u00eda agregado un anexo con el cual buscaba que durante los dos primeros a\u00f1os de su retiro conservar\u00eda dos camionetas blindadas, gasolina, mantenimiento para las dos unidades, cinco colabores y seis escoltas de seguridad, que supuestamente ser\u00eda solventado por completo por la SCJN, revel\u00f3 el medio.<\/p>\n\n\n\n<p>En la Constituci\u00f3n establece un periodo de dos a\u00f1os despu\u00e9s de su renuncia en los que se tendr\u00e1n que ofrecer algunas prestaciones a los exministros, ya que en este tiempo no podr\u00e1n laborar.<\/p>\n\n\n\n<p>Hace algunos a\u00f1os, se ofrec\u00edan algunos beneficios a exministros como computadoras, impresoras, personal de servicio, escoltas, veh\u00edculos blindados, combustibles, entre otros. Sin embargo, fue en 2013 cuando el ministro Juan Silva Meza emiti\u00f3 un acuerdo interno para regular las condiciones del haber de retiro y que ninguno volviera a incurrir en un exceso.<\/p>\n\n\n\n<p>Desde entonces, las prestaciones para los exministros, durante el mismo periodo, son tres personas de servicio con salarios bajos y tendr\u00edan la posibilidad de adquirir el veh\u00edculo blindado que estuviera bajo su servicio, asimismo reciben el total del salario que correspondiente a los ministros en activo y en el tercer a\u00f1o baja a 80%.<\/p>\n\n\n\n<p>Sin embargo, Zald\u00edvar sum\u00f3 un anexo que no exist\u00eda, seg\u00fan confirm\u00f3 a Proceso Jos\u00e9 Fernando Gonz\u00e1lez Salas, quien concluy\u00f3 su periodo en la SCJN en 2021. En este el exministro establec\u00eda que el salario \u201ccon el que se har\u00eda el c\u00e1lculo del retiro era el de 2018\u201d, es decir con el sueldo que ganaba antes de la reducci\u00f3n del 25%.<\/p>\n\n\n\n<p>En caso de que fuera aprobada, Zald\u00edvar \u201cparte proporcional de 269 mil pesos mensuales por 14 a\u00f1os de servicio en el M\u00e1ximo Tribunal, que ascienden a 251 mil pesos aproximadamente\u201d, asegura la revista Proceso.<\/p>\n\n\n\n<p>Adem\u00e1s, en el adjunto el exministro ped\u00eda contar con cinco personas de servicio, seis escoltas de seguridad, dos camionetas blindas, gasolina y mantenimiento de los veh\u00edculos que correr\u00eda a costo de la SCJN.<\/p>\n\n\n\n<figure class=\"wp-block-embed is-type-wp-embed is-provider-incrustado wp-block-embed-incrustado\"><div class=\"wp-block-embed__wrapper\">\n<blockquote class=\"wp-embedded-content\" data-secret=\"PIFUg12WCz\"><a href=\"https:\/\/massinformacion.com.mx\/2023\/12\/14\/queria-zaldivar-conservar-privilegios-de-ministro\/\">Quer\u00eda Zald\u00edvar conservar privilegios de ministro<\/a><\/blockquote><iframe loading=\"lazy\" class=\"wp-embedded-content\" sandbox=\"allow-scripts\" security=\"restricted\" style=\"position: absolute; clip: rect(1px, 1px, 1px, 1px);\" title=\"\u00abQuer\u00eda Zald\u00edvar conservar privilegios de ministro\u00bb \u2014 \" src=\"https:\/\/massinformacion.com.mx\/2023\/12\/14\/queria-zaldivar-conservar-privilegios-de-ministro\/embed\/#?secret=ToDAKQrLUI#?secret=PIFUg12WCz\" data-secret=\"PIFUg12WCz\" width=\"600\" height=\"338\" frameborder=\"0\" marginwidth=\"0\" marginheight=\"0\" scrolling=\"no\"><\/iframe>\n<\/div><\/figure>\n","protected":false},"excerpt":{"rendered":"<p>Ped\u00eda que durante los dos primeros a\u00f1os de su retiro pudiera conservar dos camionetas blindadas, gasolina y mantenimiento, el pago de 5 colabores y 6 escoltas de seguridad, todo solventado por la SCJN M@S INFORMACI\u00d3N Tomado de Infobae M\u00e9xico Diciembre 14 de 2023 Ciudad de M\u00e9xico. \u2013 El 15 de noviembre, el exministro Arturo Zald\u00edvar [&hellip;]<\/p>\n","protected":false},"author":1,"featured_media":3694,"comment_status":"open","ping_status":"open","sticky":false,"template":"","format":"standard","meta":{"content-type":"","footnotes":""},"categories":[3,115],"tags":[],"class_list":{"0":"post-3693","1":"post","2":"type-post","3":"status-publish","4":"format-standard","5":"has-post-thumbnail","7":"category-mexico","8":"category-politica"},"_links":{"self":[{"href":"https:\/\/www.regioncuatronoticias.com\/index.php\/wp-json\/wp\/v2\/posts\/3693","targetHints":{"allow":["GET"]}}],"collection":[{"href":"https:\/\/www.regioncuatronoticias.com\/index.php\/wp-json\/wp\/v2\/posts"}],"about":[{"href":"https:\/\/www.regioncuatronoticias.com\/index.php\/wp-json\/wp\/v2\/types\/post"}],"author":[{"embeddable":true,"href":"https:\/\/www.regioncuatronoticias.com\/index.php\/wp-json\/wp\/v2\/users\/1"}],"replies":[{"embeddable":true,"href":"https:\/\/www.regioncuatronoticias.com\/index.php\/wp-json\/wp\/v2\/comments?post=3693"}],"version-history":[{"count":1,"href":"https:\/\/www.regioncuatronoticias.com\/index.php\/wp-json\/wp\/v2\/posts\/3693\/revisions"}],"predecessor-version":[{"id":3695,"href":"https:\/\/www.regioncuatronoticias.com\/index.php\/wp-json\/wp\/v2\/posts\/3693\/revisions\/3695"}],"wp:featuredmedia":[{"embeddable":true,"href":"https:\/\/www.regioncuatronoticias.com\/index.php\/wp-json\/wp\/v2\/media\/3694"}],"wp:attachment":[{"href":"https:\/\/www.regioncuatronoticias.com\/index.php\/wp-json\/wp\/v2\/media?parent=3693"}],"wp:term":[{"taxonomy":"category","embeddable":true,"href":"https:\/\/www.regioncuatronoticias.com\/index.php\/wp-json\/wp\/v2\/categories?post=3693"},{"taxonomy":"post_tag","embeddable":true,"href":"https:\/\/www.regioncuatronoticias.com\/index.php\/wp-json\/wp\/v2\/tags?post=3693"}],"curies":[{"name":"wp","href":"https:\/\/api.w.org\/{rel}","templated":true}]}}