{"id":3690,"date":"2023-12-15T00:48:25","date_gmt":"2023-12-15T07:48:25","guid":{"rendered":"https:\/\/www.regioncuatronoticias.com\/?p=3690"},"modified":"2023-12-15T00:48:28","modified_gmt":"2023-12-15T07:48:28","slug":"defenderan-al-mexico-de-las-instituciones-pri-pan-y-prd-en-coalicion-beltrones","status":"publish","type":"post","link":"https:\/\/www.regioncuatronoticias.com\/index.php\/2023\/12\/15\/defenderan-al-mexico-de-las-instituciones-pri-pan-y-prd-en-coalicion-beltrones\/","title":{"rendered":"Defender\u00e1n al M\u00e9xico de las instituciones PRI, PAN y PRD en coalici\u00f3n: Beltrones"},"content":{"rendered":"\n<p>&nbsp;&nbsp;&nbsp;&nbsp;&nbsp;&nbsp;&nbsp;&nbsp;&nbsp;&nbsp;&nbsp;&nbsp;&nbsp;&nbsp;&nbsp;&nbsp;&nbsp;&nbsp;&nbsp;&nbsp;&nbsp;&nbsp;&nbsp;&nbsp;&nbsp;&nbsp;&nbsp;&nbsp;&nbsp;&nbsp;&nbsp;&nbsp;&nbsp;&nbsp;&nbsp;&nbsp;&nbsp;&nbsp;&nbsp;&nbsp;&nbsp;&nbsp;&nbsp;&nbsp;&nbsp;&nbsp;&nbsp;&nbsp;&nbsp;&nbsp;&nbsp;&nbsp;&nbsp;&nbsp;&nbsp;&nbsp;&nbsp;&nbsp;&nbsp;&nbsp;&nbsp;&nbsp;&nbsp;&nbsp;&nbsp;&nbsp;&nbsp;&nbsp;&nbsp;&nbsp;&nbsp;&nbsp;&nbsp;&nbsp;&nbsp;&nbsp;&nbsp;&nbsp;&nbsp;&nbsp;&nbsp;&nbsp;&nbsp;&nbsp;&nbsp;&nbsp;&nbsp;&nbsp;&nbsp;&nbsp;&nbsp;&nbsp;&nbsp;&nbsp;&nbsp;&nbsp;&nbsp;&nbsp;&nbsp;&nbsp;&nbsp;&nbsp;&nbsp;&nbsp;&nbsp;&nbsp;&nbsp;&nbsp;&nbsp;&nbsp;&nbsp;&nbsp;&nbsp;&nbsp;&nbsp;&nbsp;&nbsp;&nbsp;&nbsp;&nbsp;&nbsp;&nbsp;&nbsp;&nbsp;&nbsp;&nbsp;&nbsp;&nbsp;&nbsp;&nbsp;&nbsp;&nbsp;&nbsp;&nbsp;&nbsp;&nbsp;&nbsp;&nbsp;&nbsp;&nbsp;&nbsp;&nbsp;&nbsp;&nbsp;&nbsp;&nbsp;&nbsp;&nbsp;&nbsp;&nbsp;&nbsp;&nbsp;&nbsp;&nbsp;&nbsp;&nbsp;&nbsp;&nbsp;&nbsp;&nbsp;&nbsp;&nbsp;&nbsp;&nbsp;&nbsp;&nbsp; &nbsp;&nbsp;&nbsp;&nbsp;&nbsp;&nbsp;-Se llev\u00f3 a cabo la sesi\u00f3n extraordinaria del Consejo Pol\u00edtico Estatal donde se refrend\u00f3 el entusiasmo por la renovaci\u00f3n de cargos de elecci\u00f3n popular en favor de la gente<\/p>\n\n\n\n<p>&#8211; Rogelio D\u00edaz Brown resalt\u00f3 la lealtad y los acuerdos para construir buenos gobiernos<\/p>\n\n\n\n<p>-Hermosillo, Sonora. 14 de diciembre de 2023. La construcci\u00f3n de acuerdos para lograr la gobernabilidad y constitucionalidad del pa\u00eds, se dar\u00e1 en unidad bajo la coalici\u00f3n entre el PRI, PAN y PRD, asever\u00f3 Manlio Fabio Beltrones Rivera, durante la sesi\u00f3n extraordinaria del Consejo Pol\u00edtico Estatal del PRI en Sonora.<\/p>\n\n\n\n<p>El priista, ex gobernador de Sonora, entre otras muchos cargos relevantes desempe\u00f1ados, enfatiz\u00f3 que \u201cquienes no asimilan que partidos hist\u00f3ricamente adversarios hoy en d\u00eda vayan juntos en la b\u00fasqueda de recuperar los municipios, los congresos y el pa\u00eds, no conocen la historia de M\u00e9xico, en la que estos mismos partidos adversarios trabajaron juntos por la construcci\u00f3n de las reformas pol\u00edticas e instituciones que hoy rigen el rumbo del pa\u00eds\u201d.<\/p>\n\n\n\n<p>\u201cEn toda esta historia y en este camino, el PRI estuvo ah\u00ed y hay quienes todav\u00eda no entienden la necesidad de que hoy el PRI, el PAN y el PRD, juntos, den una batalla por regresar a la construcci\u00f3n de los acuerdos y dejar atr\u00e1s lo que puede acrecentarse como un partido \u00fanico que mucho da\u00f1o le har\u00eda en el Siglo XXI a M\u00e9xico. Para algunos es dif\u00edcil de asimilar de que los adversarios hist\u00f3ricos hoy vayan juntos; pero, es que esos adversarios hist\u00f3ricos fuimos juntos a la construcci\u00f3n de las reformas pol\u00edticas, \u00bfpor qu\u00e9 no ir juntos ahora a unas elecciones, a defender lo que nosotros creamos?\u201d, enfatiz\u00f3.<\/p>\n\n\n\n<p>Rogelio D\u00edaz Brown, presidente del PRI Sonora, reconoci\u00f3 que hoy m\u00e1s que nunca es primordial la reconstrucci\u00f3n de lazos con la sociedad, de unir esfuerzos para recuperar lo que las y los sonorenses est\u00e1n demandando.<\/p>\n\n\n\n<p>\u201cLa unidad es esencial para alcanzar nuestros prop\u00f3sitos. Nos sumamos al Frente, reconociendo que un porcentaje mayoritario de la poblaci\u00f3n desea vernos unidos. La unidad nos fortalece y nos permite enfrentar los retos con mayor determinaci\u00f3n y eficacia. A pesar de las diferencias de pensamiento, debemos trabajar juntos en pos de un objetivo com\u00fan: ganar la elecci\u00f3n y servir a nuestra sociedad\u201d, destac\u00f3.<\/p>\n\n\n\n<p>\u201cLos priistas sabemos hacer pol\u00edtica; los priistas sabemos hacer gobiernos; los priistas reconocemos el valor de los acuerdos, la importancia de la ciudadan\u00eda en la toma de decisiones, as\u00ed como lo hemos hecho y demostrado. \u00a1Juntos lograremos grandes cosas! Unidos en un solo objetivo: M\u00e9xico y Sonora, siempre unidos, como lo hemos venido afirmando, siempre a nuestro estilo y car\u00e1cter, lejos de la soberbia y la sumisi\u00f3n. Cerca de la sociedad y los acuerdos, a nuestro estilo, \u00a1al estilo Sonora! \u00a1Viva el PRI! \u00a1Viva M\u00e9xico!\u201d, enfatiz\u00f3.<\/p>\n\n\n\n<p>Durante la celebraci\u00f3n del Consejo Pol\u00edtico Estatal, D\u00edaz Brown tom\u00f3 protesta a&nbsp; las y los presidentes de los comit\u00e9s municipales del partido, as\u00ed como a quienes integran las&nbsp; diversas comisiones del Comit\u00e9 Directivo Estatal del PRI.<\/p>\n\n\n\n<p>Virgen Mar\u00eda Zepeda Mart\u00ednez, presidenta del comit\u00e9 municipal de Puerto Pe\u00f1asco, en representaci\u00f3n de los dirigentes municipales del PRI, reconoci\u00f3 la necesidad de construir puentes para que las y los ciudadanos puedan accionar por un M\u00e9xico y un Sonora mejor.<\/p>\n\n\n\n<p>Emeterio Ochoa, secretario de Organizaci\u00f3n dio lectura a los avances de los trabajos realizados con los partidos pol\u00edticos Acci\u00f3n Nacional y de la Revoluci\u00f3n Democr\u00e1tica para contender en los comicios locales y estatales 2024.<\/p>\n\n\n\n<p>Por su parte, Wenceslao Cota Montoya, presidente de la Comisi\u00f3n Estatal de Procesos Internos, dio lectura al punto de acuerdo de aprobaci\u00f3n de los procedimientos para la selecci\u00f3n y postulaci\u00f3n de candidatos a presidentes municipales y diputados locales, el cual fue aprobado por unanimidad.<\/p>\n\n\n\n<p>Iris S\u00e1nchez Chiu, secretaria general present\u00f3 los avances del proyecto de Plataforma Electoral del PRI para el proceso electoral 2024, el cual se presentar\u00e1 para su registro en enero de 2024, promovida por el CDE del PRI y operada por la Fundaci\u00f3n Colosio.<\/p>\n\n\n\n<p>Comisiones del Comit\u00e9 Directivo Estatal del PRI<\/p>\n\n\n\n<p>-Comisi\u00f3n Estatal de Procesos Internos, Wenceslao Cota Montoya, presidente<\/p>\n\n\n\n<p>-Comisi\u00f3n de Financiamiento, Jes\u00fas Alberto Cano V\u00e9lez, presidente<\/p>\n\n\n\n<p>-Comisi\u00f3n de Presupuesto y Fiscalizaci\u00f3n, Alfonso El\u00edas Serrano, presidente<\/p>\n\n\n\n<p>-Comisi\u00f3n Estatal de Justicia Partidaria, Miguel \u00c1ngel Murillo Aispuro<\/p>\n\n\n\n<p>-Comisi\u00f3n de \u00c9tica Partidaria, Ulises Reyes Aguayo, presidente<\/p>\n\n\n\n<p>-Defensora de los Derechos de los Militantes, Horacio Valenzuela Ibarra<\/p>\n","protected":false},"excerpt":{"rendered":"<p>&nbsp;&nbsp;&nbsp;&nbsp;&nbsp;&nbsp;&nbsp;&nbsp;&nbsp;&nbsp;&nbsp;&nbsp;&nbsp;&nbsp;&nbsp;&nbsp;&nbsp;&nbsp;&nbsp;&nbsp;&nbsp;&nbsp;&nbsp;&nbsp;&nbsp;&nbsp;&nbsp;&nbsp;&nbsp;&nbsp;&nbsp;&nbsp;&nbsp;&nbsp;&nbsp;&nbsp;&nbsp;&nbsp;&nbsp;&nbsp;&nbsp;&nbsp;&nbsp;&nbsp;&nbsp;&nbsp;&nbsp;&nbsp;&nbsp;&nbsp;&nbsp;&nbsp;&nbsp;&nbsp;&nbsp;&nbsp;&nbsp;&nbsp;&nbsp;&nbsp;&nbsp;&nbsp;&nbsp;&nbsp;&nbsp;&nbsp;&nbsp;&nbsp;&nbsp;&nbsp;&nbsp;&nbsp;&nbsp;&nbsp;&nbsp;&nbsp;&nbsp;&nbsp;&nbsp;&nbsp;&nbsp;&nbsp;&nbsp;&nbsp;&nbsp;&nbsp;&nbsp;&nbsp;&nbsp;&nbsp;&nbsp;&nbsp;&nbsp;&nbsp;&nbsp;&nbsp;&nbsp;&nbsp;&nbsp;&nbsp;&nbsp;&nbsp;&nbsp;&nbsp;&nbsp;&nbsp;&nbsp;&nbsp;&nbsp;&nbsp;&nbsp;&nbsp;&nbsp;&nbsp;&nbsp;&nbsp;&nbsp;&nbsp;&nbsp;&nbsp;&nbsp;&nbsp;&nbsp;&nbsp;&nbsp;&nbsp;&nbsp;&nbsp;&nbsp;&nbsp;&nbsp;&nbsp;&nbsp;&nbsp;&nbsp;&nbsp;&nbsp;&nbsp;&nbsp;&nbsp;&nbsp;&nbsp;&nbsp;&nbsp;&nbsp;&nbsp;&nbsp;&nbsp;&nbsp;&nbsp;&nbsp;&nbsp;&nbsp;&nbsp;&nbsp;&nbsp;&nbsp;&nbsp;&nbsp;&nbsp;&nbsp;&nbsp;&nbsp;&nbsp;&nbsp;&nbsp; &nbsp;&nbsp;&nbsp;&nbsp;&nbsp;&nbsp;-Se llev\u00f3 a cabo la sesi\u00f3n extraordinaria del Consejo Pol\u00edtico Estatal donde se refrend\u00f3 el entusiasmo por la renovaci\u00f3n de cargos de elecci\u00f3n popular en favor de la gente &#8211; Rogelio D\u00edaz Brown resalt\u00f3 la lealtad y los acuerdos para construir buenos gobiernos -Hermosillo, Sonora. 14 de diciembre de 2023. La construcci\u00f3n de acuerdos [&hellip;]<\/p>\n","protected":false},"author":1,"featured_media":3691,"comment_status":"open","ping_status":"open","sticky":false,"template":"","format":"standard","meta":{"content-type":"","footnotes":""},"categories":[3,115,105],"tags":[],"class_list":{"0":"post-3690","1":"post","2":"type-post","3":"status-publish","4":"format-standard","5":"has-post-thumbnail","7":"category-mexico","8":"category-politica","9":"category-principal"},"_links":{"self":[{"href":"https:\/\/www.regioncuatronoticias.com\/index.php\/wp-json\/wp\/v2\/posts\/3690","targetHints":{"allow":["GET"]}}],"collection":[{"href":"https:\/\/www.regioncuatronoticias.com\/index.php\/wp-json\/wp\/v2\/posts"}],"about":[{"href":"https:\/\/www.regioncuatronoticias.com\/index.php\/wp-json\/wp\/v2\/types\/post"}],"author":[{"embeddable":true,"href":"https:\/\/www.regioncuatronoticias.com\/index.php\/wp-json\/wp\/v2\/users\/1"}],"replies":[{"embeddable":true,"href":"https:\/\/www.regioncuatronoticias.com\/index.php\/wp-json\/wp\/v2\/comments?post=3690"}],"version-history":[{"count":1,"href":"https:\/\/www.regioncuatronoticias.com\/index.php\/wp-json\/wp\/v2\/posts\/3690\/revisions"}],"predecessor-version":[{"id":3692,"href":"https:\/\/www.regioncuatronoticias.com\/index.php\/wp-json\/wp\/v2\/posts\/3690\/revisions\/3692"}],"wp:featuredmedia":[{"embeddable":true,"href":"https:\/\/www.regioncuatronoticias.com\/index.php\/wp-json\/wp\/v2\/media\/3691"}],"wp:attachment":[{"href":"https:\/\/www.regioncuatronoticias.com\/index.php\/wp-json\/wp\/v2\/media?parent=3690"}],"wp:term":[{"taxonomy":"category","embeddable":true,"href":"https:\/\/www.regioncuatronoticias.com\/index.php\/wp-json\/wp\/v2\/categories?post=3690"},{"taxonomy":"post_tag","embeddable":true,"href":"https:\/\/www.regioncuatronoticias.com\/index.php\/wp-json\/wp\/v2\/tags?post=3690"}],"curies":[{"name":"wp","href":"https:\/\/api.w.org\/{rel}","templated":true}]}}