{"id":36803,"date":"2025-12-11T22:57:17","date_gmt":"2025-12-12T05:57:17","guid":{"rendered":"https:\/\/www.regioncuatronoticias.com\/?p=36803"},"modified":"2025-12-11T22:57:31","modified_gmt":"2025-12-12T05:57:31","slug":"amlo-no-escucho-a-mujeres-y-ninos-elena-poniatowska-senado-le-rinde-homenaje","status":"publish","type":"post","link":"https:\/\/www.regioncuatronoticias.com\/index.php\/2025\/12\/11\/amlo-no-escucho-a-mujeres-y-ninos-elena-poniatowska-senado-le-rinde-homenaje\/","title":{"rendered":"AMLO no escuch\u00f3 a mujeres y ni\u00f1os: Elena Poniatowska; Senado le rinde homenaje"},"content":{"rendered":"\n<p><strong>\u201cElenita\u201d, de 93 a\u00f1os, insisti\u00f3 en que la formaci\u00f3n acad\u00e9mica debe convertirse en prioridad nacional<\/strong><\/p>\n\n\n\n<p>Tomado de El Universal<\/p>\n\n\n\n<p>Luis Carlos Rodr\u00edguez<\/p>\n\n\n\n<p>Jueves 11 de diciembre de 2025<\/p>\n\n\n\n<p>El Senado de la Rep\u00fablica devel\u00f3 este mi\u00e9rcoles en la Sala de Comparecencias la placa \u201cElena Poniatowska\u201d, espacio que a partir de ahora lleva ese nombre, como un reconocimiento a la escritora y periodista. Durante el acto, \u201cElenita\u201d, de 93 a\u00f1os de edad, agradeci\u00f3 a las y los senadores que promovieron este homenaje.<\/p>\n\n\n\n<p>Hubiera sido bueno escuchar voces de las mujeres con AMLO, dice Poniatowska<\/p>\n\n\n\n<p>En entrevista posterior, habl\u00f3 sobre su v\u00ednculo con la presidenta Claudia Sheinbaum, record\u00f3 episodios \u00edntimos de su vida y lanz\u00f3 una cr\u00edtica directa a la Cuarta Transformaci\u00f3n encabezada por el expresidente Andr\u00e9s Manuel L\u00f3pez Obrador.<\/p>\n\n\n\n<p>Aunque aclar\u00f3 que no es pol\u00edtica, pero mantiene una afinidad hist\u00f3rica con la izquierda, no eludi\u00f3 la pregunta sobre su valoraci\u00f3n del movimiento que fund\u00f3 L\u00f3pez Obrador.<\/p>\n\n\n\n<p>\u201cCreo que el presidente L\u00f3pez Obrador tuvo siempre la costumbre de tomar la palabra y a veces hubiera sido bueno que se oyeran las voces de las mujeres, incluso de los ni\u00f1os y de muchos mexicanos que tienen cosas que decir y que no hemos podido o\u00edr\u201d, expres\u00f3.<\/p>\n\n\n\n<p>De buen humor, \u201cElenita\u201d pidi\u00f3 a los reporteros que la entrevistaron: \u201cPongan eso as\u00ed, yo soy, ante todo, periodista\u201d.<\/p>\n\n\n\n<figure class=\"wp-block-image size-full\"><img loading=\"lazy\" loading=\"lazy\" decoding=\"async\" width=\"1006\" height=\"620\" src=\"https:\/\/www.regioncuatronoticias.com\/wp-content\/uploads\/2025\/12\/image-36.png\" alt=\"\" class=\"wp-image-36805\" srcset=\"https:\/\/www.regioncuatronoticias.com\/wp-content\/uploads\/2025\/12\/image-36.png 1006w, https:\/\/www.regioncuatronoticias.com\/wp-content\/uploads\/2025\/12\/image-36-640x394.png 640w, https:\/\/www.regioncuatronoticias.com\/wp-content\/uploads\/2025\/12\/image-36-768x473.png 768w, https:\/\/www.regioncuatronoticias.com\/wp-content\/uploads\/2025\/12\/image-36-860x530.png 860w\" sizes=\"auto, (max-width: 1006px) 100vw, 1006px\" \/><\/figure>\n\n\n\n<p><strong>\u201cElenita\u201d pide a Sheinbaum priorizar educaci\u00f3n<\/strong><\/p>\n\n\n\n<p>Sobre el primer a\u00f1o de gobierno de la presidenta Sheinbaum, con quien dijo tener una relaci\u00f3n de d\u00e9cadas, Poniatowska destac\u00f3 su trayectoria:<\/p>\n\n\n\n<p>\u201cLa conozco desde la universidad\u2026 es una f\u00edsica que admiro desde hace muchos a\u00f1os\u201d.<\/p>\n\n\n\n<p>Al ser cuestionada sobre qu\u00e9 le pedir\u00eda a la mandataria, respondi\u00f3:<\/p>\n\n\n\n<p>\u201cToda la atenci\u00f3n a la infancia, a los futuros ni\u00f1os mexicanos, a los estudios, a la educaci\u00f3n\u2026 la educaci\u00f3n salva\u201d.<\/p>\n\n\n\n<p>La escritora insisti\u00f3 en que la formaci\u00f3n acad\u00e9mica debe convertirse en prioridad nacional, si M\u00e9xico quiere garantizar un futuro distinto.<\/p>\n\n\n\n<p>La autora de \u201cLa noche de Tlatelolco\u201d respondi\u00f3 con iron\u00eda cuando le preguntaron qu\u00e9 le falta por hacer:<\/p>\n\n\n\n<p>\u201cMorirme\u2026 pues tengo 93 a\u00f1os\u201d, dijo entre risas. \u201cAmar a mis nietos y bisnietos\u2026 y a los estudiantes de 1968\u201d.<\/p>\n\n\n\n<p>Tambi\u00e9n evoc\u00f3 episodios dolorosos de la historia mexicana, como su acompa\u00f1amiento a Rosario Ibarra de Piedra y a otras madres de desaparecidos:<\/p>\n\n\n\n<p>\u201cEspero que ya nunca haya m\u00e1s eso tan horrible que practica la pol\u00edtica, la desaparici\u00f3n del ser humano\u201d, apunt\u00f3.<\/p>\n\n\n\n<p>Elena Poniatowska respondi\u00f3 que el pa\u00eds a\u00fan debe a las mujeres m\u00e1s espacios y, con humor, dijo que lo que les falta es \u201ctener buenos maridos\u201d.<\/p>\n\n\n\n<p>Adem\u00e1s, reconoci\u00f3 la necesidad de ver a m\u00e1s mujeres en puestos de liderazgo acad\u00e9mico, como una rectora en la UNAM.<\/p>\n\n\n\n<p><a href=\"https:\/\/www.eluniversal.com.mx\/nacion\/senado-homenajea-a-elena-poniatowska-en-sexenio-de-amlo-no-se-escucho-a-mujeres-y-ninos-critica-escritora\">https:\/\/www.eluniversal.com.mx\/nacion\/senado-homenajea-a-elena-poniatowska-en-sexenio-de-amlo-no-se-escucho-a-mujeres-y-ninos-critica-escritora<\/a><\/p>\n","protected":false},"excerpt":{"rendered":"<p>\u201cElenita\u201d, de 93 a\u00f1os, insisti\u00f3 en que la formaci\u00f3n acad\u00e9mica debe convertirse en prioridad nacional Tomado de El Universal Luis Carlos Rodr\u00edguez Jueves 11 de diciembre de 2025 El Senado de la Rep\u00fablica devel\u00f3 este mi\u00e9rcoles en la Sala de Comparecencias la placa \u201cElena Poniatowska\u201d, espacio que a partir de ahora lleva ese nombre, como [&hellip;]<\/p>\n","protected":false},"author":1,"featured_media":36804,"comment_status":"open","ping_status":"open","sticky":false,"template":"","format":"standard","meta":{"content-type":"","footnotes":""},"categories":[112,115,105],"tags":[],"class_list":{"0":"post-36803","1":"post","2":"type-post","3":"status-publish","4":"format-standard","5":"has-post-thumbnail","7":"category-cultura","8":"category-politica","9":"category-principal"},"_links":{"self":[{"href":"https:\/\/www.regioncuatronoticias.com\/index.php\/wp-json\/wp\/v2\/posts\/36803","targetHints":{"allow":["GET"]}}],"collection":[{"href":"https:\/\/www.regioncuatronoticias.com\/index.php\/wp-json\/wp\/v2\/posts"}],"about":[{"href":"https:\/\/www.regioncuatronoticias.com\/index.php\/wp-json\/wp\/v2\/types\/post"}],"author":[{"embeddable":true,"href":"https:\/\/www.regioncuatronoticias.com\/index.php\/wp-json\/wp\/v2\/users\/1"}],"replies":[{"embeddable":true,"href":"https:\/\/www.regioncuatronoticias.com\/index.php\/wp-json\/wp\/v2\/comments?post=36803"}],"version-history":[{"count":1,"href":"https:\/\/www.regioncuatronoticias.com\/index.php\/wp-json\/wp\/v2\/posts\/36803\/revisions"}],"predecessor-version":[{"id":36806,"href":"https:\/\/www.regioncuatronoticias.com\/index.php\/wp-json\/wp\/v2\/posts\/36803\/revisions\/36806"}],"wp:featuredmedia":[{"embeddable":true,"href":"https:\/\/www.regioncuatronoticias.com\/index.php\/wp-json\/wp\/v2\/media\/36804"}],"wp:attachment":[{"href":"https:\/\/www.regioncuatronoticias.com\/index.php\/wp-json\/wp\/v2\/media?parent=36803"}],"wp:term":[{"taxonomy":"category","embeddable":true,"href":"https:\/\/www.regioncuatronoticias.com\/index.php\/wp-json\/wp\/v2\/categories?post=36803"},{"taxonomy":"post_tag","embeddable":true,"href":"https:\/\/www.regioncuatronoticias.com\/index.php\/wp-json\/wp\/v2\/tags?post=36803"}],"curies":[{"name":"wp","href":"https:\/\/api.w.org\/{rel}","templated":true}]}}