{"id":3671,"date":"2023-12-14T11:04:26","date_gmt":"2023-12-14T18:04:26","guid":{"rendered":"https:\/\/www.regioncuatronoticias.com\/?p=3671"},"modified":"2023-12-14T11:04:28","modified_gmt":"2023-12-14T18:04:28","slug":"claudia-sheinbaum-destaca-importancia-del-plan-sonora-y-la-reserva-de-litio","status":"publish","type":"post","link":"https:\/\/www.regioncuatronoticias.com\/index.php\/2023\/12\/14\/claudia-sheinbaum-destaca-importancia-del-plan-sonora-y-la-reserva-de-litio\/","title":{"rendered":"Claudia Sheinbaum destaca importancia del Plan Sonora y la reserva de litio"},"content":{"rendered":"\n<p>En su visita a Guaymas, la aspirante a la presidencia de la Rep\u00fablica, Claudia Sheinbaum destac\u00f3 algunos proyectos nacionales en Sonora<\/p>\n\n\n\n<p>Manuel Vel\u00e1zquez | El Sol de Hermosillo<\/p>\n\n\n\n<p>Foto: Cortes\u00eda | Morena Sonora<\/p>\n\n\n\n<p>El Plan Sonora tendr\u00e1 continuidad, as\u00ed como los proyectos de desarrollo econ\u00f3mico que se tienen contemplados en la entidad, como el aprovechamiento de la reserva de litio, as\u00ed lo refiri\u00f3 Claudia Sheinbaum en su reciente visita a Sonora.<\/p>\n\n\n\n<p>La precandidata a la presidencia de la Rep\u00fablica por Morena, PT y Partido Verde, hizo \u00e9nfasis en las obras de infraestructura y proyectos de desarrollo que est\u00e1n en marcha en Sonora, como la planta fotovoltaica de Puerto Pe\u00f1asco, la modernizaci\u00f3n del puerto de Guaymas, la creaci\u00f3n de la carretera Guaymas \u2013 Chihuahua y la explotaci\u00f3n de la reserva de litio en Bacad\u00e9huachi.<\/p>\n\n\n\n<p>\u201cAqu\u00ed en Sonora se est\u00e1 construyendo la planta solar m\u00e1s grande de Am\u00e9rica Latina, en Puerto Pe\u00f1asco; tambi\u00e9n se est\u00e1 desarrollando un plan estrat\u00e9gico para el futuro, el Plan Sonora, que significa, no solamente la planta solar, sino significa nuevas universidades para que los j\u00f3venes estudien fuentes renovables de energ\u00eda, electromovilidad; que estudien lo que significa la explotaci\u00f3n del litio\u201d, expres\u00f3.<\/p>\n\n\n\n<p>Sheinbaum Pardo reconoci\u00f3 la importancia del litio de Sonora, donde se tiene el yacimiento m\u00e1s grande de este mineral en el mundo, ubicado en Bacad\u00e9huachi, y que, a pesar de que las empresas extranjeras han querido beneficiarse de ello, el presidente Andr\u00e9s Manuel L\u00f3pez Obrador nacionaliz\u00f3 dicho mineral.<\/p>\n\n\n\n<p>\u201cAqu\u00ed en Sonora est\u00e1 una de las reservas m\u00e1s grandes de litio de todo el pa\u00eds. Y, antes, se le iba a entregar todo a los extranjeros para que se lo llevaran, pero el presidente de la Rep\u00fablica nacionaliz\u00f3 el litio para los mexicanos, para que el desarrollo sea de la naci\u00f3n\u201d, refiri\u00f3.<\/p>\n\n\n\n<p>La precandidata se reuni\u00f3 con militantes y simpatizantes del partido, as\u00ed como integrantes del Consejo Nacional del partido, en un mitin que se llev\u00f3 a cabo en el puerto de Guaymas, para posteriormente trasladarse a otro encuentro en el municipio de Huatabampo.<\/p>\n\n\n\n<p>Durante su encuentro con la militancia, hizo hincapi\u00e9 en que el pr\u00f3ximo a\u00f1o la ciudadan\u00eda tendr\u00e1 que tomar una gran decisi\u00f3n, por lo que es importante que se analice bien la situaci\u00f3n del pa\u00eds y los avances que se han tenido en materia educativa, de seguridad, de apoyo a adultos mayores, entre otros.<\/p>\n\n\n\n<p>\u201cEl pr\u00f3ximo a\u00f1o el pueblo de M\u00e9xico va a tomar una decisi\u00f3n trascendental, hist\u00f3rica; hay pocas veces en la vida de los pueblos que se dan cambios tan profundos como el que estamos viviendo, y el pr\u00f3ximo a\u00f1o tenemos que decidir cu\u00e1l es el camino que va a seguir nuestro pa\u00eds\u201d, refiri\u00f3.<\/p>\n\n\n\n<p>Por su parte, el gobernador Alfonso Durazo Monta\u00f1o, quien se encontraba en gira de trabajo por Agua Prieta, refrend\u00f3 la amistad y buena relaci\u00f3n que tiene con Sheinbaum, y le dese\u00f3 \u00e9xito en su visita a la entidad.<\/p>\n\n\n\n<p>\u201cTuve oportunidad de saludarla, tomarme un caf\u00e9 con ella. Saben que coincidimos por varios a\u00f1os en el gabinete de seguridad; he tenido oportunidad de construir con ella una buena relaci\u00f3n profesional, amistosa, adem\u00e1s de que es una gran compa\u00f1era del movimiento. Me da much\u00edsimo gusto recibirla, y desearle el mayor de los \u00e9xitos durante su estancia aqu\u00ed en nuestro estado\u201d, apunt\u00f3.<\/p>\n\n\n\n<figure class=\"wp-block-embed\"><div class=\"wp-block-embed__wrapper\">\nhttps:\/\/www.elsoldehermosillo.com.mx\/local\/claudia-sheinbaum-destaca-importancia-del-plan-sonora-y-la-reserva-de-litio-11145170.html\n<\/div><\/figure>\n","protected":false},"excerpt":{"rendered":"<p>En su visita a Guaymas, la aspirante a la presidencia de la Rep\u00fablica, Claudia Sheinbaum destac\u00f3 algunos proyectos nacionales en Sonora Manuel Vel\u00e1zquez | El Sol de Hermosillo Foto: Cortes\u00eda | Morena Sonora El Plan Sonora tendr\u00e1 continuidad, as\u00ed como los proyectos de desarrollo econ\u00f3mico que se tienen contemplados en la entidad, como el aprovechamiento [&hellip;]<\/p>\n","protected":false},"author":1,"featured_media":3672,"comment_status":"open","ping_status":"open","sticky":false,"template":"","format":"standard","meta":{"content-type":"","footnotes":""},"categories":[115,105,9],"tags":[],"class_list":{"0":"post-3671","1":"post","2":"type-post","3":"status-publish","4":"format-standard","5":"has-post-thumbnail","7":"category-politica","8":"category-principal","9":"category-sonora"},"_links":{"self":[{"href":"https:\/\/www.regioncuatronoticias.com\/index.php\/wp-json\/wp\/v2\/posts\/3671","targetHints":{"allow":["GET"]}}],"collection":[{"href":"https:\/\/www.regioncuatronoticias.com\/index.php\/wp-json\/wp\/v2\/posts"}],"about":[{"href":"https:\/\/www.regioncuatronoticias.com\/index.php\/wp-json\/wp\/v2\/types\/post"}],"author":[{"embeddable":true,"href":"https:\/\/www.regioncuatronoticias.com\/index.php\/wp-json\/wp\/v2\/users\/1"}],"replies":[{"embeddable":true,"href":"https:\/\/www.regioncuatronoticias.com\/index.php\/wp-json\/wp\/v2\/comments?post=3671"}],"version-history":[{"count":1,"href":"https:\/\/www.regioncuatronoticias.com\/index.php\/wp-json\/wp\/v2\/posts\/3671\/revisions"}],"predecessor-version":[{"id":3673,"href":"https:\/\/www.regioncuatronoticias.com\/index.php\/wp-json\/wp\/v2\/posts\/3671\/revisions\/3673"}],"wp:featuredmedia":[{"embeddable":true,"href":"https:\/\/www.regioncuatronoticias.com\/index.php\/wp-json\/wp\/v2\/media\/3672"}],"wp:attachment":[{"href":"https:\/\/www.regioncuatronoticias.com\/index.php\/wp-json\/wp\/v2\/media?parent=3671"}],"wp:term":[{"taxonomy":"category","embeddable":true,"href":"https:\/\/www.regioncuatronoticias.com\/index.php\/wp-json\/wp\/v2\/categories?post=3671"},{"taxonomy":"post_tag","embeddable":true,"href":"https:\/\/www.regioncuatronoticias.com\/index.php\/wp-json\/wp\/v2\/tags?post=3671"}],"curies":[{"name":"wp","href":"https:\/\/api.w.org\/{rel}","templated":true}]}}