{"id":36431,"date":"2025-11-30T23:01:21","date_gmt":"2025-12-01T06:01:21","guid":{"rendered":"https:\/\/www.regioncuatronoticias.com\/?p=36431"},"modified":"2025-11-30T23:03:29","modified_gmt":"2025-12-01T06:03:29","slug":"el-mensaje-siciliano-de-amlo","status":"publish","type":"post","link":"https:\/\/www.regioncuatronoticias.com\/index.php\/2025\/11\/30\/el-mensaje-siciliano-de-amlo\/","title":{"rendered":"El mensaje siciliano de Amlo"},"content":{"rendered":"\n<p><strong>Columna Archivo Confidencial<\/strong><\/p>\n\n\n\n<p><strong>Armando V\u00e1squez Alegr\u00eda<\/strong><\/p>\n\n\n\n<p><strong>&nbsp;El mensaje siciliano de Amlo<\/strong><\/p>\n\n\n\n<p><strong>&nbsp;Lunes 1 de diciembre de 2025<\/strong><\/p>\n\n\n\n<p><strong>ALGO SE DESPERT\u00d3 CON<\/strong> la salida forzada de Gertz Manero y la entrada de Garc\u00eda Harfuch a la FGR v\u00eda Ernestina Godoy. Tres d\u00edas despu\u00e9s, L\u00f3pez Obrador rompe 14 meses de silencio con un video de 49 minutos que no es cultural sino se\u00f1al de alerta interna.<\/p>\n\n\n\n<p>Gertz se atrincher\u00f3 12 horas antes de ceder, se infiere que consult\u00f3 al tabasque\u00f1o. Renunci\u00f3 a rega\u00f1adientes y se va de embajador. Godoy asumi\u00f3 y coloc\u00f3 a dos hombres de Harfuch en puestos clave. El control de la FGR cambi\u00f3 de manos en 48 horas.<\/p>\n\n\n\n<p>Huele a fin de ciclo impuesto desde el nuevo equipo que atropellaron y est\u00e1n destrozando un legado que AMLO y Gertz tardaron a\u00f1os en construir. Y aqu\u00ed viene el quid de la cuesti\u00f3n, el cable pelado que asoma bajo el barniz cultural del video genera un timing que no puede ser m\u00e1s preciso.<\/p>\n\n\n\n<p>En pol\u00edtica mexicana, donde las sombras de Los Pinos a\u00fan se proyectan en Palacio, este regreso no es solo promoci\u00f3n de un libro de 350 pesos en Gandhi. Es un recordatorio de que la 4T no es un relevo limpio, sino un tablero donde el peje mueve piezas desde Palenque.<\/p>\n\n\n\n<p>De octubre para ac\u00e1 se filtr\u00f3 que har\u00eda una gira nacional a partir del primero de diciembre financiada por Editorial Planeta para promocionar \u201cGrandeza\u201d. El verdadero t\u00edtulo del video debiera ser \u201cAqu\u00ed sigo\u201d. Hace nueve d\u00edas su hijo Andy la descart\u00f3. Hoy el propio AMLO la cancel\u00f3 \u201cpara no hacerle sombra\u201d a Sheinbaum. \u00bfEn serio?<\/p>\n\n\n\n<p>\u00bfPor qu\u00e9 justo ahora se dio la presentaci\u00f3n y no en enero, febrero o marzo si su promoci\u00f3n ser\u00eda digital? El libro lleva meses terminado. La edici\u00f3n est\u00e1 lista desde octubre. Pudo lanzarlo hace tiempo. No lo hizo.<\/p>\n\n\n\n<p>Esta es su segunda aparici\u00f3n p\u00fablica. La primera fue el 1 de junio, cuando vot\u00f3 en Palenque y llam\u00f3 a Sheinbaum \u201cla mejor presidenta del mundo\u201d. Llevaba ocho meses y tres d\u00edas sin asomarse.<\/p>\n\n\n\n<p>Ahora, cinco meses y 29 d\u00edas despu\u00e9s, reaparece desde \u201cLa Chingada\u201d para anunciar su libro sobre la grandeza de los pueblos originarios. Dice que se retira de verdad y que solo volver\u00e1 por tres razones: defender la democracia, respaldar a Sheinbaum o proteger la soberan\u00eda.<\/p>\n\n\n\n<p>Suponiendo sin conceder, como dicen los abogados, que las dos apariciones fueran casuales, sus frases: \u201cla mejor presidenta del mundo\u201d y \u201cno le quiero hacer sombra\u201d que repiti\u00f3 en dos ocasiones, nadie se las cree pues s\u00ed le hace sombra.<\/p>\n\n\n\n<p>Pero, cada elogio tambi\u00e9n recuerda al pa\u00eds que el liderazgo hist\u00f3rico de la 4T sigue teniendo un solo due\u00f1o visible. Sheinbaum celebr\u00f3 el evento como &#8220;una noticia muy bonita&#8221; pero al mismo tiempo, qued\u00f3 bajo la sombra que \u00e9l prometi\u00f3 no proyectar lo cual le quita autonom\u00eda simb\u00f3lica en un momento en que ella necesita construir su propia estatura presidencial.<\/p>\n\n\n\n<p>El ex presidente le da a Claudia Sheinbaum un respaldo p\u00fablico, emocional y blindado. Con eso silencia las voces internas que dicen que \u201cClaudia no llena los zapatos\u201d y frena la narrativa opositora de gobierno d\u00e9bil o fallido.<\/p>\n\n\n\n<p>El mensaje es claro en lo externo: La presidenta todav\u00eda necesita la voz de su antecesor para tranquilizar a su base y neutralizar cr\u00edticas fuertes y si bien la fortalece en lo inmediato, al mismo tiempo le recuerdan al pa\u00eds que el liderazgo hist\u00f3rico de la 4T sigue teniendo un solo due\u00f1o visible.<\/p>\n\n\n\n<p>&nbsp;Y el recado siciliano es contundente: La respuesta tiene como fecha el seis de diciembre, d\u00eda del gran festejo de la 4T en el Z\u00f3calo, el aniversario del triunfo hist\u00f3rico de 2018. Ah\u00ed estar\u00e1 toda la tribu. Los boxeadores retirados a\u00f1oran los aplausos y AMLO no es la excepci\u00f3n. El video de hoy es un gancho al h\u00edgado disfrazado de cultura prehisp\u00e1nica. Quiere que Sheinbaum lo invite al ring.<\/p>\n\n\n\n<p>Si la presidenta lo llama al templete, la foto ser\u00e1 hist\u00f3rica. El fundador y la continuadora juntos. El mensaje, brutal: la 4T sigue teniendo un solo jefe moral. Si no lo invita, el silencio ser\u00e1 ensordecedor. El video pasar\u00eda de promoci\u00f3n literaria a presi\u00f3n pol\u00edtica directa. Los morenistas lo entender\u00e1n r\u00e1pido.<\/p>\n\n\n\n<p>Hay otra recomendaci\u00f3n pejista, otro hilo, pero de car\u00e1cter internacional: Trump amenaza a Maduro con marines y narcoterrorismo. AMLO sabe leer el tablero. Ya han encarcelado a ex presidentes. En su l\u00f3gica, ning\u00fan ex mandatario izquierdista latinoamericano est\u00e1 a salvo.<\/p>\n\n\n\n<p>AMLO lanza su libro y su imagen justo cuando Trump reactiva la Doctrina Monroe con esteroides. El mensaje impl\u00edcito es doble: estoy vivo y controlo M\u00e9xico desde Palenque. Sheinbaum necesita ese respaldo externo tambi\u00e9n. Un AMLO visible le sirve de escudo ante posibles sanciones o aranceles. Uno callado la deja sola frente al lobo.<\/p>\n\n\n\n<p>El seis de diciembre ser\u00e1 la prueba de fuego. Si AMLO sube al templete, el video habr\u00e1 sido la jugada maestra. Si no sube, ser\u00e1 la confirmaci\u00f3n de la grieta ampliada por un Harfuch que gana terreno en la FGR, Godoy limpia la casa, Gertz empaca maletas, Trump mueve tropas en el Caribe y AMLO, desde Chiapas, recuerda que la 4T no se entrega as\u00ed nom\u00e1s.<\/p>\n\n\n\n<p>Los aplausos del pr\u00f3ximo s\u00e1bado dir\u00e1n si todav\u00eda el tabasque\u00f1o los merece o si, por primera vez, el pueblo ya aprendi\u00f3 a aplaudir a otra.<\/p>\n\n\n\n<p><strong>EN FIN,<\/strong> por hoy es todo, ma\u00f1ana le seguimos si Dios quiere.<\/p>\n\n\n\n<p><strong>Armando V\u00e1squez Alegr\u00eda es periodista con m\u00e1s de 35 a\u00f1os de experiencia en medios escritos y de internet, cuenta licenciatura en Administraci\u00f3n de Empresas, Maestr\u00eda en Competitividad Organizacional y Doctorando en Administraci\u00f3n P\u00fablica. Es director de Editorial J. Castillo, S.A. de C.V. y de \u201cCEO\u201d, Consultor\u00eda Especializada en Organizaciones\u2026\u202f<\/strong><\/p>\n\n\n\n<p><strong>\u202fCorreo electr\u00f3nico: archivoconfidencial@hotmail.com<\/strong><\/p>\n\n\n\n<p><strong>Twitter:\u202f\u202f\u202f@Archivoconfiden&nbsp; \u202f \u202f\u202f\u202f \u202f\u202f\u202f\u202f\u202f\u202f\u202f\u202f\u202f\u202f\u202f\u202f\u202f\u202f\u202f\u202f\u202f\u202f\u202f\u202f\u202f\u202f\u202f\u202f\u202f\u202f\u202f\u202f\u202f\u202f\u202f\u202f\u202f\u202f\u202f\u202f\u202f\u202f\u202f\u202f\u202f\u202f\u202f\u202f\u202f\u202f\u202f\u202f\u202f\u202f\u202f\u202f\u202f\u202f\u202f\u202f\u202f\u202f\u202f\u202f\u202f\u202f\u202f\u202f\u202f\u202f\u202f\u202f\u202f\u202f\u202f\u202f\u202f\u202f\u202f\u202f\u202f\u202f\u202f\u202f\u202f\u202f\u202f\u202f\u202f\u202f\u202f\u202f<\/strong><\/p>\n\n\n\n<p><a href=\"https:\/\/www.facebook.com\/armando.vazquez.3304\">https:\/\/www.facebook.com\/armando.vazquez.3304<\/a><\/p>\n","protected":false},"excerpt":{"rendered":"<p>Columna Archivo Confidencial Armando V\u00e1squez Alegr\u00eda &nbsp;El mensaje siciliano de Amlo &nbsp;Lunes 1 de diciembre de 2025 ALGO SE DESPERT\u00d3 CON la salida forzada de Gertz Manero y la entrada de Garc\u00eda Harfuch a la FGR v\u00eda Ernestina Godoy. Tres d\u00edas despu\u00e9s, L\u00f3pez Obrador rompe 14 meses de silencio con un video de 49 minutos [&hellip;]<\/p>\n","protected":false},"author":1,"featured_media":36432,"comment_status":"open","ping_status":"open","sticky":false,"template":"","format":"standard","meta":{"content-type":"","footnotes":""},"categories":[1],"tags":[],"class_list":{"0":"post-36431","1":"post","2":"type-post","3":"status-publish","4":"format-standard","5":"has-post-thumbnail","7":"category-sin-categoria"},"_links":{"self":[{"href":"https:\/\/www.regioncuatronoticias.com\/index.php\/wp-json\/wp\/v2\/posts\/36431","targetHints":{"allow":["GET"]}}],"collection":[{"href":"https:\/\/www.regioncuatronoticias.com\/index.php\/wp-json\/wp\/v2\/posts"}],"about":[{"href":"https:\/\/www.regioncuatronoticias.com\/index.php\/wp-json\/wp\/v2\/types\/post"}],"author":[{"embeddable":true,"href":"https:\/\/www.regioncuatronoticias.com\/index.php\/wp-json\/wp\/v2\/users\/1"}],"replies":[{"embeddable":true,"href":"https:\/\/www.regioncuatronoticias.com\/index.php\/wp-json\/wp\/v2\/comments?post=36431"}],"version-history":[{"count":1,"href":"https:\/\/www.regioncuatronoticias.com\/index.php\/wp-json\/wp\/v2\/posts\/36431\/revisions"}],"predecessor-version":[{"id":36433,"href":"https:\/\/www.regioncuatronoticias.com\/index.php\/wp-json\/wp\/v2\/posts\/36431\/revisions\/36433"}],"wp:featuredmedia":[{"embeddable":true,"href":"https:\/\/www.regioncuatronoticias.com\/index.php\/wp-json\/wp\/v2\/media\/36432"}],"wp:attachment":[{"href":"https:\/\/www.regioncuatronoticias.com\/index.php\/wp-json\/wp\/v2\/media?parent=36431"}],"wp:term":[{"taxonomy":"category","embeddable":true,"href":"https:\/\/www.regioncuatronoticias.com\/index.php\/wp-json\/wp\/v2\/categories?post=36431"},{"taxonomy":"post_tag","embeddable":true,"href":"https:\/\/www.regioncuatronoticias.com\/index.php\/wp-json\/wp\/v2\/tags?post=36431"}],"curies":[{"name":"wp","href":"https:\/\/api.w.org\/{rel}","templated":true}]}}