{"id":36373,"date":"2025-11-28T19:02:49","date_gmt":"2025-11-29T02:02:49","guid":{"rendered":"https:\/\/www.regioncuatronoticias.com\/?p=36373"},"modified":"2025-11-28T19:03:00","modified_gmt":"2025-11-29T02:03:00","slug":"palacio-nacional-manda","status":"publish","type":"post","link":"https:\/\/www.regioncuatronoticias.com\/index.php\/2025\/11\/28\/palacio-nacional-manda\/","title":{"rendered":"Palacio nacional manda\u00a0\u00a0\u00a0"},"content":{"rendered":"\n<p><strong>Columna Corren Rumores<\/strong><\/p>\n\n\n\n<p><strong>Hilario Olea<\/strong><\/p>\n\n\n\n<p><strong>Palacio nacional manda&nbsp;&nbsp;&nbsp;<\/strong><\/p>\n\n\n\n<p><strong>S\u00e1bado 29 de noviembre de 2025<\/strong><\/p>\n\n\n\n<p><strong>IMPONEN FISCAL PRESIDENCIAL\u2026<\/strong> Interesante lectura pol\u00edtica el nombramiento de Ernestina Godoy como Fiscal interina,&nbsp; en lugar de Alejandro Gertz Manero, primero porque dan a entender que es una posici\u00f3n de la presidencia y no de Palenque. A esto se suma para hacer el uno dos en materia de seguridad nacional con Omar Garc\u00eda Harfuch. Adem\u00e1s, anticip\u00f3 que&nbsp; habr\u00e1 una \u201cuna transformaci\u00f3n y m\u00e1s transparente de la Fiscal\u00eda de Justicia para el bien de M\u00e9xico\u201d. Esto se entiende como cambio completo y cambio tambi\u00e9n en las pol\u00edticas operativas. Ahora hay que ver si no encuentra mucha resistencia de parte de los grupos que ten\u00edan controlada la instituci\u00f3n.&nbsp; Por lo pronto el cambio se da dentro de los tiempos que es pasando el primer a\u00f1o de gobierno. Y anticipa que habr\u00e1 m\u00e1s, que esperemos sean del mismo calibre.<\/p>\n\n\n\n<p><strong>SE ACABARON PRIVILEGIOS\u2026<\/strong> Por lo pronto seguramente que se acabaron los privilegios para los que hab\u00edan invertido $$$$ en la&nbsp; Fiscal\u00eda de Justicia. O los que pol\u00edticamente sent\u00edan que ten\u00edan influencia.&nbsp; Estos cambios hacen que las cosas se pongan patas para arriba y vengan nuevos \u201ccontratos y acuerdos\u201d.&nbsp; Comenzando por el huachicol y desde luego el lucrativo negocio del crimen organizado.&nbsp; Veremos si en esta instancia do\u00f1a Ernestina est\u00e1 a la altura y no le tiembla la mano para meter orden, tal y como pide la presidenta. Comenzando por hacer m\u00e1s transparente la operatividad de la Fiscal\u00eda. Ahora la pregunta \u00bfSe animar\u00e1 a sacar trapitos al sol que pueden pegar en Palenque? Hummmm\u2026.veremos. Si lo hace es que va en serio y no es una farsa pol\u00edtica m\u00e1s.<\/p>\n\n\n\n<p><strong>ANDY DE VISITA\u2026<\/strong> En la mesa de an\u00e1lisis de Radio F\u00f3rmula uno de los colegas coment\u00f3 que en estos d\u00edas andaba de visita por Hermosillo nada menos que el secretario de Organizaci\u00f3n de Morena, Andy L\u00f3pez Beltr\u00e1n. Justo en estos momentos en los que la dirigente estatal de este partido Judith Armenta, destap\u00f3 como \u00fanicos precandidatos a gobernador a Lorenia Valles y Javier Lamarque. Hasta ahorita no me llegaban m\u00e1s detalles de esta visita y si ten\u00eda que ver con estos destapes.&nbsp; Porque si lo confirma el Baby Andy entonces quiere decir que la l\u00ednea viene desde el centro del pa\u00eds.&nbsp; Ya veremos lo que dicen los colegas cercanos al poder, porque a esos no se les pasa nada. Lo dejamos por el momento con la duda.<\/p>\n\n\n\n<p><strong>GRACIAS POR LA DEFERENCIA\u2026 <\/strong>No quiero pasar este d\u00eda sin agradecer al buen amigo y colega Ra\u00fal Renter\u00eda por la deferencia con este aplastateclas al recomendarme junto con otros colegas, como la tremenda Armida Bernal, para el Premio M\u00e9xico de Periodismo \u201cRicardo Flores Mag\u00f3n\u201d 2025, promovido por compa\u00f1eros de la Federaci\u00f3n de Asociaciones de Periodistas Mexicanos AC (FAPERMEX) y el Colegio Nacional de Licenciados en Periodismo. Este premio fue por 50 a\u00f1os de trayectoria y todav\u00eda estar en la talacha.&nbsp; Este premio se entreg\u00f3 este viernes en la Ciudad de M\u00e9xico pero un compromiso familiar me impidi\u00f3 ir a recibirlo en persona. Pero, no por eso nos sentimos menos orgullos de esta distinci\u00f3n. Nuestro agradecimiento que se acuerden de los veteranos del periodismo, porque algunos de los que recibieron tienen m\u00e1s de 60 a\u00f1os y le siguen dando a la tecla.&nbsp; Gracias, y ya que venga la Armida le voy a pedir que me cuente los detalles de la ceremonia que debi\u00f3 estar de rechupete.<\/p>\n\n\n\n<p><strong>COSA JUZGADA\u2026 <\/strong>Mal y muy mala onda esa que traen ahora algunos ministros de la Suprema Corte de Justicia que intentan reabrir casos que ya&nbsp; han sido juzgados con resoluci\u00f3n en los m\u00e1s altos tribunales. Esto manda un mal mensaje, porque de acuerdo a como platean la cosa ahora es que van resolver no de acuerdo a los que marcan las leyes, sino a la forma en que se interpreten leyes y casos por los magistrados y ministros. Lo que ellos crean o entiendan ser\u00e1 ahora lo que mande y no la Constituci\u00f3n. Por lo pronto est\u00e1 en la mira la empresa Femsa con un caso fiscal ya resuelto. Ahora lo reactivar\u00e1n y es posible que por sus meras pistolas cambien la resoluci\u00f3n. Por lo pronto, aunque sea de manera p\u00fablica, la presidenta Sheinbaum se deslind\u00f3 de esta atrocidad legal. Al decir \u201cyo no estoy de acuerdo\u201d. Consider\u00f3 que es inadecuado. Veremos si le hacen caso.<\/p>\n\n\n\n<p><strong>En fin, por lo pronto que tal si recuerdan lo que dec\u00eda el R\u00e1bano Ortega: Palo dado, solo la Suprema Corte lo quita. Sale.<\/strong><\/p>\n\n\n\n<p><strong>S\u00edganos en la cuenta de X o Twitter @hilarioolea.<\/strong><\/p>\n\n\n\n<p><strong>Pueden vernos de lunes a viernes de 8 a 9 de la noche en nuestro canal de YouTube \u201cEntre Todos Digital\u201d.<\/strong><\/p>\n\n\n\n<p><strong>Sigan nuestras redes sociales<\/strong><\/p>\n","protected":false},"excerpt":{"rendered":"<p>Columna Corren Rumores Hilario Olea Palacio nacional manda&nbsp;&nbsp;&nbsp; S\u00e1bado 29 de noviembre de 2025 IMPONEN FISCAL PRESIDENCIAL\u2026 Interesante lectura pol\u00edtica el nombramiento de Ernestina Godoy como Fiscal interina,&nbsp; en lugar de Alejandro Gertz Manero, primero porque dan a entender que es una posici\u00f3n de la presidencia y no de Palenque. A esto se suma para [&hellip;]<\/p>\n","protected":false},"author":1,"featured_media":36374,"comment_status":"open","ping_status":"open","sticky":false,"template":"","format":"standard","meta":{"content-type":"","footnotes":""},"categories":[121],"tags":[],"class_list":{"0":"post-36373","1":"post","2":"type-post","3":"status-publish","4":"format-standard","5":"has-post-thumbnail","7":"category-hilarioolea"},"_links":{"self":[{"href":"https:\/\/www.regioncuatronoticias.com\/index.php\/wp-json\/wp\/v2\/posts\/36373","targetHints":{"allow":["GET"]}}],"collection":[{"href":"https:\/\/www.regioncuatronoticias.com\/index.php\/wp-json\/wp\/v2\/posts"}],"about":[{"href":"https:\/\/www.regioncuatronoticias.com\/index.php\/wp-json\/wp\/v2\/types\/post"}],"author":[{"embeddable":true,"href":"https:\/\/www.regioncuatronoticias.com\/index.php\/wp-json\/wp\/v2\/users\/1"}],"replies":[{"embeddable":true,"href":"https:\/\/www.regioncuatronoticias.com\/index.php\/wp-json\/wp\/v2\/comments?post=36373"}],"version-history":[{"count":1,"href":"https:\/\/www.regioncuatronoticias.com\/index.php\/wp-json\/wp\/v2\/posts\/36373\/revisions"}],"predecessor-version":[{"id":36375,"href":"https:\/\/www.regioncuatronoticias.com\/index.php\/wp-json\/wp\/v2\/posts\/36373\/revisions\/36375"}],"wp:featuredmedia":[{"embeddable":true,"href":"https:\/\/www.regioncuatronoticias.com\/index.php\/wp-json\/wp\/v2\/media\/36374"}],"wp:attachment":[{"href":"https:\/\/www.regioncuatronoticias.com\/index.php\/wp-json\/wp\/v2\/media?parent=36373"}],"wp:term":[{"taxonomy":"category","embeddable":true,"href":"https:\/\/www.regioncuatronoticias.com\/index.php\/wp-json\/wp\/v2\/categories?post=36373"},{"taxonomy":"post_tag","embeddable":true,"href":"https:\/\/www.regioncuatronoticias.com\/index.php\/wp-json\/wp\/v2\/tags?post=36373"}],"curies":[{"name":"wp","href":"https:\/\/api.w.org\/{rel}","templated":true}]}}