{"id":36364,"date":"2025-11-27T23:10:47","date_gmt":"2025-11-28T06:10:47","guid":{"rendered":"https:\/\/www.regioncuatronoticias.com\/?p=36364"},"modified":"2025-11-27T23:10:56","modified_gmt":"2025-11-28T06:10:56","slug":"principio-del-fin-del-maximato","status":"publish","type":"post","link":"https:\/\/www.regioncuatronoticias.com\/index.php\/2025\/11\/27\/principio-del-fin-del-maximato\/","title":{"rendered":"Principio del fin del Maximato\u00a0\u00a0"},"content":{"rendered":"\n<p><strong>Columna Corren Rumores<\/strong><\/p>\n\n\n\n<p><strong>Hilario Olea<\/strong><\/p>\n\n\n\n<p><strong>Principio del fin del Maximato&nbsp;&nbsp;<\/strong><\/p>\n\n\n\n<p><strong>Viernes 28 de noviembre de 2025<\/strong><\/p>\n\n\n\n<p><strong>SE\u00d1ALES ENREDADAS\u2026 <\/strong>A lo macho que andamos enredados con las se\u00f1ales &nbsp;que est\u00e1n mandando desde palacio nacional. Por un lado anuncian una manifestaci\u00f3n para el 6 de diciembre donde se supone Morena, aliados y simpatizantes, van a cobijar a la presidenta Claudia Sheinbaum, adem\u00e1s de mostrarles el m\u00fasculo y el diente a la oposici\u00f3n y a la sociedad civil.&nbsp; Seguramente se gastar\u00e1n millones en el acarreo, pero lo que importa es la foto y lo que luego se diga en las ma\u00f1aneras. Adem\u00e1s, se supone echaran flores y pi\u00f1as al ex presidente L\u00f3pez Obrador. Esa es una se\u00f1al, la otra la que acabamos de ver en la semana sobre la renuncia o remoci\u00f3n del fiscal Alejandro Gertz Manero,&nbsp; quien ser\u00e1 sustituido por una incondicional de la presidenta que es Ernestina Godoy, quien fue su fiscal en la CDMX por cuatro a\u00f1os.&nbsp; Si la presidenta manda ese mensaje de que ella est\u00e1 poniendo los nuevos cargos, el mensaje puede ser claro. Es el principio del fin del Maximato. Si no manda ser\u00e1 Arturo Zaldivar, incondicional de la 4T, pero m\u00e1s de Palenque.<\/p>\n\n\n\n<p><strong>VEREMOS QUI\u00c9N ES QUI\u00c9N\u2026 <\/strong>Hasta el momento en que le tecle\u00e1bamos a este espacio corr\u00eda el rumor de que la nueva fiscal ser\u00eda decisi\u00f3n de la presidenta. Pero tambi\u00e9n hab\u00eda una reuni\u00f3n reservada de los senadores de la Morena para decidir este asunto. Recuerden que de acuerdo a la norma,&nbsp; una vez que el fiscal&nbsp; renuncia el Senado debe mandar una lista de diez propuestas a la presidenta. Luego, escoge tres y los regresa al Senado para que escojan.&nbsp; Si en esta lista va Ernestina Godoy quedar\u00e1 m\u00e1s que claro que&nbsp; la presidenta est\u00e1 metiendo mano y comienza a&nbsp; mover sus piezas.&nbsp; As\u00ed ha pasado hist\u00f3ricamente cuando el nuevo presidente comienza a sacudirse la influencia del anterior.&nbsp; Ah\u00ed tienen la historia del Maximato de El\u00edas Calles.<\/p>\n\n\n\n<p><strong>TRES CARTAS\u2026 <\/strong>A prop\u00f3sito de cambios, en la semana se ha movido la informaci\u00f3n de que podr\u00eda haber cambios en el gabinete federal.&nbsp; El cargo que est\u00e1 en la mira es la Secretar\u00eda de Gobernaci\u00f3n, donde se ha comprobado que Rosa Icela Rodr\u00edguez nom\u00e1s no ha podido con el cargo y el encargo. Este ser\u00eda otro de los cambios de fin de a\u00f1o. Hasta ahorita suenan tres posibles sustitutos.&nbsp; Uno de ellos es Ricardo Monreal, que se dice est\u00e1 alineado con Palenque. Otro ser\u00eda gente cien por ciento de Sheinbaum, que es Omar Garc\u00eda Herfuch. Y un tercero que ser\u00eda una pieza conciliadora y ese es el gobernador de Sonora, Alfonso Durazo. Esto se ver\u00e1 en las pr\u00f3ximas semanas. P\u00f3ngale atenci\u00f3n&nbsp;&nbsp;<\/p>\n\n\n\n<p><strong>QUI\u00c9N MUEVE LA CUNA\u2026 <\/strong>En tiempos del Maximato de El\u00edas Calles, el presidente L\u00e1zaro C\u00e1rdenas comenz\u00f3&nbsp; a sacud\u00edrselo&nbsp; haciendo cambios del gabinete. Lleg\u00f3 al colmo cuando se dio cuenta de que&nbsp; hab\u00eda una ola de manifestaciones obreras que era movida, no por la oposici\u00f3n que no tienen esa capacidad, sino&nbsp; por la sombra del expresidente. Ahorita vemos, como mera coincidencia,&nbsp; como andan alborotados grupos de productores, campesinos y transportistas.&nbsp; Ingenuamente y solo para tontos, pretenden echarle la culpa de las protestas a los partidos del PAN y el PRI. Y el colmo, culpan hasta el PRD, que convoca m\u00e1s gente un atropellado que un llamado perredista.&nbsp; Alguien que tiene influencia real, dinero y poder es quien mueve estas protestas y todo apunta que el \u00fanico lugar con esta capacidad est\u00e1 en Palenque. No le saquen, digan lo que todos saben.<\/p>\n\n\n\n<p><strong>ALCALDE EN LA MIRA\u2026 <\/strong>Llama mucho la atenci\u00f3n que el alcalde de Puerto Pe\u00f1asco, Oscar Castro, primero hubiera perdido la visa americana. Ahora, se dice que se ampar\u00f3 contra una orden de aprehensi\u00f3n. En su disculpa el presidente municipal dice que es un asunto familiar y no por delitos&nbsp; cometidos en el servicio p\u00fablico.&nbsp; El punto es que delito es delito, y todo funcionario p\u00fablico debe responder por cualquier tipo de delito. Lo m\u00ednimo si se tuvo que amparar es porque es algo grave que implica rejas. Esto deber\u00eda obligar a que pida licencia o renuncie y aclarar en qu\u00e9 consiste ese asunto familiar. Claro, sabemos que tiene la protecci\u00f3n de la 4T, donde est\u00e1 prohibido mentir, robar o enga\u00f1ar. Pero es, obvio, se lo pasan por el arco del triunfo.<\/p>\n\n\n\n<p><strong>En fin, por eso mejor recuerden lo que dec\u00eda el Pel\u00f3n Aldecoa: El que est\u00e9 libre de pecado, que aproveche para correr primero. Sale.<\/strong><\/p>\n\n\n\n<p><strong>S\u00edganos en la cuenta de X o Twitter @hilarioolea.<\/strong><\/p>\n\n\n\n<p><strong>Pueden vernos de lunes a viernes de 8 a 9 de la noche en nuestro canal de YouTube \u201cEntre Todos Digital\u201d.<\/strong><\/p>\n\n\n\n<p><strong>Sigan nuestras redes sociales<\/strong><\/p>\n","protected":false},"excerpt":{"rendered":"<p>Columna Corren Rumores Hilario Olea Principio del fin del Maximato&nbsp;&nbsp; Viernes 28 de noviembre de 2025 SE\u00d1ALES ENREDADAS\u2026 A lo macho que andamos enredados con las se\u00f1ales &nbsp;que est\u00e1n mandando desde palacio nacional. Por un lado anuncian una manifestaci\u00f3n para el 6 de diciembre donde se supone Morena, aliados y simpatizantes, van a cobijar a [&hellip;]<\/p>\n","protected":false},"author":1,"featured_media":36365,"comment_status":"open","ping_status":"open","sticky":false,"template":"","format":"standard","meta":{"content-type":"","footnotes":""},"categories":[121],"tags":[],"class_list":{"0":"post-36364","1":"post","2":"type-post","3":"status-publish","4":"format-standard","5":"has-post-thumbnail","7":"category-hilarioolea"},"_links":{"self":[{"href":"https:\/\/www.regioncuatronoticias.com\/index.php\/wp-json\/wp\/v2\/posts\/36364","targetHints":{"allow":["GET"]}}],"collection":[{"href":"https:\/\/www.regioncuatronoticias.com\/index.php\/wp-json\/wp\/v2\/posts"}],"about":[{"href":"https:\/\/www.regioncuatronoticias.com\/index.php\/wp-json\/wp\/v2\/types\/post"}],"author":[{"embeddable":true,"href":"https:\/\/www.regioncuatronoticias.com\/index.php\/wp-json\/wp\/v2\/users\/1"}],"replies":[{"embeddable":true,"href":"https:\/\/www.regioncuatronoticias.com\/index.php\/wp-json\/wp\/v2\/comments?post=36364"}],"version-history":[{"count":1,"href":"https:\/\/www.regioncuatronoticias.com\/index.php\/wp-json\/wp\/v2\/posts\/36364\/revisions"}],"predecessor-version":[{"id":36366,"href":"https:\/\/www.regioncuatronoticias.com\/index.php\/wp-json\/wp\/v2\/posts\/36364\/revisions\/36366"}],"wp:featuredmedia":[{"embeddable":true,"href":"https:\/\/www.regioncuatronoticias.com\/index.php\/wp-json\/wp\/v2\/media\/36365"}],"wp:attachment":[{"href":"https:\/\/www.regioncuatronoticias.com\/index.php\/wp-json\/wp\/v2\/media?parent=36364"}],"wp:term":[{"taxonomy":"category","embeddable":true,"href":"https:\/\/www.regioncuatronoticias.com\/index.php\/wp-json\/wp\/v2\/categories?post=36364"},{"taxonomy":"post_tag","embeddable":true,"href":"https:\/\/www.regioncuatronoticias.com\/index.php\/wp-json\/wp\/v2\/tags?post=36364"}],"curies":[{"name":"wp","href":"https:\/\/api.w.org\/{rel}","templated":true}]}}