{"id":3635,"date":"2023-12-13T11:57:42","date_gmt":"2023-12-13T18:57:42","guid":{"rendered":"https:\/\/www.regioncuatronoticias.com\/?p=3635"},"modified":"2023-12-13T11:57:43","modified_gmt":"2023-12-13T18:57:43","slug":"el-pan-apoyaria-a-beltrones-si-va-en-la-formula-con-lilly-tellez-o-a-quien-ponga-el-pri-gildardo-real","status":"publish","type":"post","link":"https:\/\/www.regioncuatronoticias.com\/index.php\/2023\/12\/13\/el-pan-apoyaria-a-beltrones-si-va-en-la-formula-con-lilly-tellez-o-a-quien-ponga-el-pri-gildardo-real\/","title":{"rendered":"El PAN apoyar\u00eda a Beltrones si va en la f\u00f3rmula con Lilly T\u00e9llez, o a quien ponga el PRI: Gildardo Real"},"content":{"rendered":"\n<p>Por Oralia Acosta diciembre 12, 2023<\/p>\n\n\n\n<p>El Partido Acci\u00f3n Nacional s\u00ed impulsar\u00eda que se vote por el priista Manlio Fabio Beltrones si va en la f\u00f3rmula con Lilly T\u00e9llez para el Senado, como se ha especulado en diferentes espacios de opini\u00f3n, porque es el compromiso de la alianza que se ha establecido con el Revolucionario Institucional y con el de la Revoluci\u00f3n Democr\u00e1tica, que buscan un mismo objetivo: sacar a Morena de Palacio Nacional y que no obtenga mayor\u00eda calificada en el Congreso de la Uni\u00f3n.<\/p>\n\n\n\n<p>As\u00ed lo se\u00f1al\u00f3 Gildardo Real Ram\u00edrez, dirigente estatal del PAN, en entrevista con Sergio Valle, quien aun cuando dijo que no est\u00e1 en posici\u00f3n de opinar de un rumor, hasta que este sea confirmado por el PRI que es el partido que debe nombrar al primero en la f\u00f3rmula para el Senado, puntualiz\u00f3 que hay el acuerdo de apoyar a la f\u00f3rmula completa.<\/p>\n\n\n\n<p>\u201cNosotros siempre vamos a votar por el PAN y en la f\u00f3rmula va Lilly por el PAN\u201d, agreg\u00f3.<\/p>\n\n\n\n<p>Incluso, defendi\u00f3 el doble registro de la sonorense Lilly T\u00e9llez, porque se ha ganado su participaci\u00f3n al haber sido una defensora, dijo, de las causas de ese partido y al ser una persistente cr\u00edtica de las pol\u00edticas del presidente L\u00f3pez Obrador que no son en beneficio de la ciudadan\u00eda.<\/p>\n\n\n\n<p>Inform\u00f3 que ser\u00e1 hasta la tercera semana de enero cuando se definan todas las candidaturas federales y adelant\u00f3 que hasta el momento la distribuci\u00f3n por partido en la Alianza Fuerza y Coraz\u00f3n por M\u00e9xico, ser\u00e1n de la siguiente manera: el PAN debe poner candidato en los distritos electorales federales I, II y V; el PRI en el III, VI y VII y PRD en el IV.<\/p>\n\n\n\n<p>\u201cFalta definir d\u00f3nde ser\u00e1 var\u00f3n y d\u00f3nde mujer\u201d, precis\u00f3.<\/p>\n\n\n\n<figure class=\"wp-block-embed\"><div class=\"wp-block-embed__wrapper\">\nhttps:\/\/www.sergiovalle.mx\/el-pan-apoyaria-a-beltrones-si-va-en-la-formula-con-lilly-tellez-o-a-quien-ponga-el-pri-gildardo-real\/\n<\/div><\/figure>\n","protected":false},"excerpt":{"rendered":"<p>Por Oralia Acosta diciembre 12, 2023 El Partido Acci\u00f3n Nacional s\u00ed impulsar\u00eda que se vote por el priista Manlio Fabio Beltrones si va en la f\u00f3rmula con Lilly T\u00e9llez para el Senado, como se ha especulado en diferentes espacios de opini\u00f3n, porque es el compromiso de la alianza que se ha establecido con el Revolucionario [&hellip;]<\/p>\n","protected":false},"author":1,"featured_media":3636,"comment_status":"open","ping_status":"open","sticky":false,"template":"","format":"standard","meta":{"content-type":"","footnotes":""},"categories":[115,9],"tags":[],"class_list":{"0":"post-3635","1":"post","2":"type-post","3":"status-publish","4":"format-standard","5":"has-post-thumbnail","7":"category-politica","8":"category-sonora"},"_links":{"self":[{"href":"https:\/\/www.regioncuatronoticias.com\/index.php\/wp-json\/wp\/v2\/posts\/3635","targetHints":{"allow":["GET"]}}],"collection":[{"href":"https:\/\/www.regioncuatronoticias.com\/index.php\/wp-json\/wp\/v2\/posts"}],"about":[{"href":"https:\/\/www.regioncuatronoticias.com\/index.php\/wp-json\/wp\/v2\/types\/post"}],"author":[{"embeddable":true,"href":"https:\/\/www.regioncuatronoticias.com\/index.php\/wp-json\/wp\/v2\/users\/1"}],"replies":[{"embeddable":true,"href":"https:\/\/www.regioncuatronoticias.com\/index.php\/wp-json\/wp\/v2\/comments?post=3635"}],"version-history":[{"count":1,"href":"https:\/\/www.regioncuatronoticias.com\/index.php\/wp-json\/wp\/v2\/posts\/3635\/revisions"}],"predecessor-version":[{"id":3637,"href":"https:\/\/www.regioncuatronoticias.com\/index.php\/wp-json\/wp\/v2\/posts\/3635\/revisions\/3637"}],"wp:featuredmedia":[{"embeddable":true,"href":"https:\/\/www.regioncuatronoticias.com\/index.php\/wp-json\/wp\/v2\/media\/3636"}],"wp:attachment":[{"href":"https:\/\/www.regioncuatronoticias.com\/index.php\/wp-json\/wp\/v2\/media?parent=3635"}],"wp:term":[{"taxonomy":"category","embeddable":true,"href":"https:\/\/www.regioncuatronoticias.com\/index.php\/wp-json\/wp\/v2\/categories?post=3635"},{"taxonomy":"post_tag","embeddable":true,"href":"https:\/\/www.regioncuatronoticias.com\/index.php\/wp-json\/wp\/v2\/tags?post=3635"}],"curies":[{"name":"wp","href":"https:\/\/api.w.org\/{rel}","templated":true}]}}