{"id":3632,"date":"2023-12-11T21:54:25","date_gmt":"2023-12-12T04:54:25","guid":{"rendered":"https:\/\/www.regioncuatronoticias.com\/?p=3632"},"modified":"2023-12-11T21:54:27","modified_gmt":"2023-12-12T04:54:27","slug":"aprueba-iee-sonora-alternancia-de-genero-en-regidurias-etnicas","status":"publish","type":"post","link":"https:\/\/www.regioncuatronoticias.com\/index.php\/2023\/12\/11\/aprueba-iee-sonora-alternancia-de-genero-en-regidurias-etnicas\/","title":{"rendered":"Aprueba IEE Sonora alternancia de g\u00e9nero en regidur\u00edas \u00e9tnicas"},"content":{"rendered":"\n<p>Se implementar\u00e1 este mecanismo, d erivado de una consulta ind\u00edgena realizada en todo el estado.<\/p>\n\n\n\n<p>Hermosillo, Sonora, a 11 de diciembre de 2023.- En un paso significativo hacia la equidad y buscando rectificar la desigualdad hist\u00f3rica en la representaci\u00f3n pol\u00edtica de las comunidades ind\u00edgenas, el Consejo General del Instituto Estatal Electoral y de Participaci\u00f3n Ciudadana (IEE Sonora), aprob\u00f3 en Sesi\u00f3n Extraordinaria el dictamen t\u00e9cnico referente al mecanismo para garantizar la paridad de g\u00e9nero en la designaci\u00f3n de Regidur\u00edas \u00c9tnicas en el Proceso Electoral Local 2023-2024, el cual establece la implementaci\u00f3n de la alternancia de g\u00e9nero.<\/p>\n\n\n\n<p>La consejera electoral Alma Lorena Alonso Valdivia inform\u00f3 que el Proyecto de Acuerdo deriv\u00f3 de los resultados de la consulta previa, libre e informada a las comunidades ind\u00edgenas, que se llev\u00f3 a cabo en las regiones de Cajeme, Navojoa, Punta Chueca y Caborca, en donde se escuch\u00f3 a miembros de 9 etnias asentadas en 20 municipios de Sonora.<\/p>\n\n\n\n<p>\u201cEn el pasado proceso electoral (2020-2021) tuvimos doce hombres como regidores \u00e9tnicos y siete mujeres, hoy a parte de definir ese mecanismo estamos tambi\u00e9n llevando a cabo una acci\u00f3n afirmativa en el sentido de revertir los n\u00fameros\u201d, explic\u00f3.<\/p>\n\n\n\n<p>La tambi\u00e9n Presidenta de la Comisi\u00f3n Permanente de Paridad e Igualdad de G\u00e9nero, afirm\u00f3 que durante la consulta se exploraron diferentes mecanismos, y si bien la mayor\u00eda rechaz\u00f3 la insaculaci\u00f3n proponiendo en su lugar una votaci\u00f3n interna en sus comunidades, se determin\u00f3 que esta propuesta no garantizaba la paridad horizontal necesaria para todas las etnias y municipios del estado.<\/p>\n\n\n\n<p>En el caso de la etnia Lipan Apache, un grupo originario que recientemente fue reconocido de manera oficial en Sonora, al no contar con un antecedente de designaci\u00f3n se dejar\u00e1 a libre elecci\u00f3n de los miembros de la misma.<\/p>\n\n\n\n<p>El proceso de consulta se llev\u00f3 a cabo bajo principios fundamentales como la libre determinaci\u00f3n, participaci\u00f3n, buena fe y transparencia, asegurando la representaci\u00f3n aut\u00e9ntica de las comunidades ind\u00edgenas.<\/p>\n\n\n\n<p>Esta acci\u00f3n afirmativa busca no solo alcanzar la paridad de g\u00e9nero, sino tambi\u00e9n revertir la disparidad hist\u00f3rica, priorizando la inclusi\u00f3n y la igualdad de oportunidades para las mujeres ind\u00edgenas de Sonora, explic\u00f3 Alonso Valdivia, quienes atraviesan una doble vulnerabilidad.<\/p>\n\n\n\n<p>\u201cRecordemos la progresividad de Derechos Humanos aunado a esas obligaciones que tenemos como autoridades, porque las mujeres de nuestras etnias atraviesas una doble vulnerabilidad por ser mujeres y mujeres que pertenecen a comunidades ind\u00edgenas y que han sido segregadas de esta participaci\u00f3n\u201d, resalt\u00f3<\/p>\n\n\n\n<p>Dijo que este acuerdo representa un paso significativo hacia una representaci\u00f3n pol\u00edtica m\u00e1s inclusiva y equitativa en el estado, reafirmando el compromiso con la igualdad de g\u00e9nero y la participaci\u00f3n activa de las etnias en el Proceso Electoral.<\/p>\n","protected":false},"excerpt":{"rendered":"<p>Se implementar\u00e1 este mecanismo, d erivado de una consulta ind\u00edgena realizada en todo el estado. Hermosillo, Sonora, a 11 de diciembre de 2023.- En un paso significativo hacia la equidad y buscando rectificar la desigualdad hist\u00f3rica en la representaci\u00f3n pol\u00edtica de las comunidades ind\u00edgenas, el Consejo General del Instituto Estatal Electoral y de Participaci\u00f3n Ciudadana [&hellip;]<\/p>\n","protected":false},"author":1,"featured_media":3633,"comment_status":"open","ping_status":"open","sticky":false,"template":"","format":"standard","meta":{"content-type":"","footnotes":""},"categories":[117,115,9],"tags":[],"class_list":{"0":"post-3632","1":"post","2":"type-post","3":"status-publish","4":"format-standard","5":"has-post-thumbnail","7":"category-general","8":"category-politica","9":"category-sonora"},"_links":{"self":[{"href":"https:\/\/www.regioncuatronoticias.com\/index.php\/wp-json\/wp\/v2\/posts\/3632","targetHints":{"allow":["GET"]}}],"collection":[{"href":"https:\/\/www.regioncuatronoticias.com\/index.php\/wp-json\/wp\/v2\/posts"}],"about":[{"href":"https:\/\/www.regioncuatronoticias.com\/index.php\/wp-json\/wp\/v2\/types\/post"}],"author":[{"embeddable":true,"href":"https:\/\/www.regioncuatronoticias.com\/index.php\/wp-json\/wp\/v2\/users\/1"}],"replies":[{"embeddable":true,"href":"https:\/\/www.regioncuatronoticias.com\/index.php\/wp-json\/wp\/v2\/comments?post=3632"}],"version-history":[{"count":1,"href":"https:\/\/www.regioncuatronoticias.com\/index.php\/wp-json\/wp\/v2\/posts\/3632\/revisions"}],"predecessor-version":[{"id":3634,"href":"https:\/\/www.regioncuatronoticias.com\/index.php\/wp-json\/wp\/v2\/posts\/3632\/revisions\/3634"}],"wp:featuredmedia":[{"embeddable":true,"href":"https:\/\/www.regioncuatronoticias.com\/index.php\/wp-json\/wp\/v2\/media\/3633"}],"wp:attachment":[{"href":"https:\/\/www.regioncuatronoticias.com\/index.php\/wp-json\/wp\/v2\/media?parent=3632"}],"wp:term":[{"taxonomy":"category","embeddable":true,"href":"https:\/\/www.regioncuatronoticias.com\/index.php\/wp-json\/wp\/v2\/categories?post=3632"},{"taxonomy":"post_tag","embeddable":true,"href":"https:\/\/www.regioncuatronoticias.com\/index.php\/wp-json\/wp\/v2\/tags?post=3632"}],"curies":[{"name":"wp","href":"https:\/\/api.w.org\/{rel}","templated":true}]}}