{"id":3629,"date":"2023-12-11T21:45:05","date_gmt":"2023-12-12T04:45:05","guid":{"rendered":"https:\/\/www.regioncuatronoticias.com\/?p=3629"},"modified":"2023-12-11T21:45:07","modified_gmt":"2023-12-12T04:45:07","slug":"infamia-portada-de-siempre-en-mi-contra-sheinbaum","status":"publish","type":"post","link":"https:\/\/www.regioncuatronoticias.com\/index.php\/2023\/12\/11\/infamia-portada-de-siempre-en-mi-contra-sheinbaum\/","title":{"rendered":"&#8220;Infamia&#8221;, portada de &#8216;Siempre!&#8217; en mi contra: Sheinbaum"},"content":{"rendered":"\n<p>La precandidata presidencial por la coalici\u00f3n Sigamos Haciendo Historia, Claudia Sheinbaum Pardo. Foto Cristina Rodr\u00edguez \/ Archivo<\/p>\n\n\n\n<p>Tomado de La Jornada<\/p>\n\n\n\n<p>N\u00e9stor Jim\u00e9nez y Juan Luis Cruz, reportero y &#8216;La Jornada De Oriente&#8217;<\/p>\n\n\n\n<p>Diciembre 11 de 2023<\/p>\n\n\n\n<p>La precandidata presidencial por la coalici\u00f3n Sigamos Haciendo Historia (Morena, PT, PVEM), Claudia Sheinbaum Pardo, sostuvo que la portada de la revista Siempre! en la que se muestra una silueta de la morenista con un list\u00f3n en la cabeza con su\u00e1sticas \u2013conocidas como un s\u00edmbolo nazi\u2013 es una infamia de mal gusto y que tampoco hay que dejar pasar. Subray\u00f3, adem\u00e1s, que la derecha recalcitrante usa la discriminaci\u00f3n y el odio.<\/p>\n\n\n\n<p>La edici\u00f3n de la revista fue difundida el viernes por su directora, Beatriz Pag\u00e9s, quien fue diputada federal del Partido Revolucionario Institucional. Tras una oleada de cr\u00edticas, entre ellas un desplegado firmado por acad\u00e9micos, pol\u00edticos y diversas personalidades, Pag\u00e9s borr\u00f3 de sus redes sociales la imagen y la sustituy\u00f3.<\/p>\n\n\n\n<p>En un video grabado ayer en su autom\u00f3vil junto a su esposo, Jes\u00fas Mar\u00eda Tarriba, cuando se dirig\u00edan a un acto en Tlaxcala, Sheinbaum record\u00f3 que hace a\u00f1os recib\u00eda esa publicaci\u00f3n en casa de sus pap\u00e1s, ya que, entre otros, escrib\u00eda Carlos Monsiv\u00e1is, pero acot\u00f3: eso fue hace mucho tiempo, ya que la que ahora dirige Beatriz Pag\u00e9s es realmente una cosa impresionante. Su esposo agreg\u00f3: horrorosa.<\/p>\n\n\n\n<p>Enseguida, la ex jefa de Gobierno a\u00f1adi\u00f3: Hay una portada que es infamia, y agradezco porque hoy (domingo) sale un desplegado en dos peri\u00f3dicos nacionales, de diversas personas, algunas que ni siquiera est\u00e1n de acuerdo con el movimiento, pero que s\u00ed se pas\u00f3 esta se\u00f1ora con esta revista, con esta portada de la revista que lleva su\u00e1sticas, que es el s\u00edmbolo nazi. Una cosa de mal gusto, pero que tampoco hay que dejar pasar porque la derecha recalcitrante usa la discriminaci\u00f3n, el odio. As\u00ed son.<\/p>\n\n\n\n<p>En un desplegado difundido ayer en la edici\u00f3n impresa de La Jornada, diversos firmantes rechazaron la portada.<\/p>\n\n\n\n<p>\u201cLa se\u00f1ora Beatriz Pag\u00e9s y su equipo editorial cruzaron una l\u00ednea inadmisible en los tiempos que vivimos. La portada no s\u00f3lo es deshonesta y ofensiva contra Claudia Sheinbaum, sino con las verdaderas v\u00edctimas del fascismo, con sus familiares y con los millones de personas que han luchado por la memoria y la no repetici\u00f3n.<\/p>\n\n\n\n<p>Les recordamos a todos los actores pol\u00edticos y medi\u00e1ticos que hay una sociedad vigilante que no permitir\u00e1 el discurso discriminatorio contra ninguna minor\u00eda o grupo vulnerado. Exigimos a Beatriz Pag\u00e9s que retire la portada de circulaci\u00f3n y que ofrezca una disculpa p\u00fablica a todas las personas y grupos a los que ofendi\u00f3 con su publicaci\u00f3n.<\/p>\n\n\n\n<p>Sin ofrecer la disculpa p\u00fablica, Pag\u00e9s borr\u00f3 el mensaje con la portada en su cuenta de X (Twitter) y present\u00f3 una nueva, con una rosa blanca y su justificaci\u00f3n de la anterior.<\/p>\n\n\n\n<p>Expuso que tiene respeto, admiraci\u00f3n y solidaridad con la comunidad jud\u00eda de M\u00e9xico y no fue su intenci\u00f3n herirla, al tiempo que argument\u00f3 que lo que busca es oponerse al r\u00e9gimen autoritario que gobierna el pa\u00eds, ya que pondr\u00eda en riesgo las libertades y derechos humanos.<\/p>\n\n\n\n<p>Por la ma\u00f1ana, en Huamantla, Sheinbaum asegur\u00f3 que dar\u00e1 continuidad al modelo econ\u00f3mico de humanismo mexicano para afianzar y hacer efectiva esa m\u00e1xima de que para el bien de todos, primero los pobres.<\/p>\n\n\n\n<p>En la plaza La Taurina, ante m\u00e1s de 6 mil militantes, apunt\u00f3: somos ejemplo mundial, porque sin endeudar al pa\u00eds ni crear nuevos impuestos tenemos un peso fuerte y eso se hizo s\u00f3lo acabando con los privilegios y destinando el presupuesto al servicio del pueblo.<\/p>\n\n\n\n<p>Adem\u00e1s, refrend\u00f3 que ese mismo modelo lo est\u00e1n repitiendo los gobiernos estatales emanados de Morena, entre los que destac\u00f3 el de Tlaxcala, de Lorena Cu\u00e9llar.<\/p>\n","protected":false},"excerpt":{"rendered":"<p>La precandidata presidencial por la coalici\u00f3n Sigamos Haciendo Historia, Claudia Sheinbaum Pardo. Foto Cristina Rodr\u00edguez \/ Archivo Tomado de La Jornada N\u00e9stor Jim\u00e9nez y Juan Luis Cruz, reportero y &#8216;La Jornada De Oriente&#8217; Diciembre 11 de 2023 La precandidata presidencial por la coalici\u00f3n Sigamos Haciendo Historia (Morena, PT, PVEM), Claudia Sheinbaum Pardo, sostuvo que la [&hellip;]<\/p>\n","protected":false},"author":1,"featured_media":3630,"comment_status":"open","ping_status":"open","sticky":false,"template":"","format":"standard","meta":{"content-type":"","footnotes":""},"categories":[3,115,105],"tags":[],"class_list":{"0":"post-3629","1":"post","2":"type-post","3":"status-publish","4":"format-standard","5":"has-post-thumbnail","7":"category-mexico","8":"category-politica","9":"category-principal"},"_links":{"self":[{"href":"https:\/\/www.regioncuatronoticias.com\/index.php\/wp-json\/wp\/v2\/posts\/3629","targetHints":{"allow":["GET"]}}],"collection":[{"href":"https:\/\/www.regioncuatronoticias.com\/index.php\/wp-json\/wp\/v2\/posts"}],"about":[{"href":"https:\/\/www.regioncuatronoticias.com\/index.php\/wp-json\/wp\/v2\/types\/post"}],"author":[{"embeddable":true,"href":"https:\/\/www.regioncuatronoticias.com\/index.php\/wp-json\/wp\/v2\/users\/1"}],"replies":[{"embeddable":true,"href":"https:\/\/www.regioncuatronoticias.com\/index.php\/wp-json\/wp\/v2\/comments?post=3629"}],"version-history":[{"count":1,"href":"https:\/\/www.regioncuatronoticias.com\/index.php\/wp-json\/wp\/v2\/posts\/3629\/revisions"}],"predecessor-version":[{"id":3631,"href":"https:\/\/www.regioncuatronoticias.com\/index.php\/wp-json\/wp\/v2\/posts\/3629\/revisions\/3631"}],"wp:featuredmedia":[{"embeddable":true,"href":"https:\/\/www.regioncuatronoticias.com\/index.php\/wp-json\/wp\/v2\/media\/3630"}],"wp:attachment":[{"href":"https:\/\/www.regioncuatronoticias.com\/index.php\/wp-json\/wp\/v2\/media?parent=3629"}],"wp:term":[{"taxonomy":"category","embeddable":true,"href":"https:\/\/www.regioncuatronoticias.com\/index.php\/wp-json\/wp\/v2\/categories?post=3629"},{"taxonomy":"post_tag","embeddable":true,"href":"https:\/\/www.regioncuatronoticias.com\/index.php\/wp-json\/wp\/v2\/tags?post=3629"}],"curies":[{"name":"wp","href":"https:\/\/api.w.org\/{rel}","templated":true}]}}