{"id":3623,"date":"2023-12-11T21:39:38","date_gmt":"2023-12-12T04:39:38","guid":{"rendered":"https:\/\/www.regioncuatronoticias.com\/?p=3623"},"modified":"2023-12-11T21:39:40","modified_gmt":"2023-12-12T04:39:40","slug":"no-compartimos-los-dichos-del-presidente-sobre-iniciativa-para-desaparecer-organos-autonomos-adrian-alcala-presidente-del-inai","status":"publish","type":"post","link":"https:\/\/www.regioncuatronoticias.com\/index.php\/2023\/12\/11\/no-compartimos-los-dichos-del-presidente-sobre-iniciativa-para-desaparecer-organos-autonomos-adrian-alcala-presidente-del-inai\/","title":{"rendered":"No compartimos los dichos del presidente sobre iniciativa para desaparecer \u00f3rganos aut\u00f3nomos: Adri\u00e1n Alcal\u00e1, presidente del INAI"},"content":{"rendered":"\n<p>El titular del INAI dijo que el Instituto tiene una utilidad social para que ciudadan\u00eda ejerza derecho a la informaci\u00f3n<\/p>\n\n\n\n<p>Diciembre 11 de 2023<\/p>\n\n\n\n<p>Adri\u00e1n Alcal\u00e1, nuevo comisionado presidente del Instituto Nacional de la Transparencia, Acceso a la Informaci\u00f3n y Protecci\u00f3n de Datos Personales (INAI), afirm\u00f3 que respeta, pero no comparte el anuncio hecho por el presidente Andr\u00e9s Manuel L\u00f3pez Obrador, en el sentido de que enviar\u00e1 una iniciativa para desaparecer los organismos aut\u00f3nomos, como el propio INAI.<\/p>\n\n\n\n<p>En entrevista con Joaqu\u00edn L\u00f3pez-D\u00f3riga para su espacio en Radio F\u00f3rmula, Alcal\u00e1 M\u00e9ndez dej\u00f3 en claro que el INAI tiene una utilidad social para que la ciudadan\u00eda ejerza su derecho a la informaci\u00f3n.<\/p>\n\n\n\n<p>Respetamos los dichos del presidente, pero no lo compartimos, por que la utilidad social del Instituto estriba en que la gente pueda preguntarle a su Gobierno, pueda conocer los programas sociales, conocer las condiciones para obtener una beca, conocer c\u00f3mo mejorar los tr\u00e1mites o servicios\u201d, apunt\u00f3.<\/p>\n\n\n\n<p>\u201cPor supuesto que no combatimos la corrupci\u00f3n, la visibilizamos (\u2026) El INAI visibiliza la cosa p\u00fablica, le permite a las personas ejercer su derecho (a la informaci\u00f3n) y lo utiliza\u201d, agreg\u00f3.<\/p>\n\n\n\n<p>El presidente L\u00f3pez Obrador anunci\u00f3 este lunes que antes de que termine su mandato elaborar\u00e1 una iniciativa de reforma con la que buscar\u00e1 que desaparezcan organismos aut\u00f3nomos pues, consider\u00f3, \u201cno sirven para nada\u201d.<\/p>\n\n\n\n<p>\u201cNo puede haber gobierno rico con pueblo pobre, y hay muchos organismos onerosos que no sirven para nada, son gastos superfluos\u201d, expres\u00f3 el mandatario durante su rueda de prensa matutina.<\/p>\n\n\n\n<p>El gobernante mexicano se refiri\u00f3 a organismos como el INAI, el Instituto Federal de Telecomunicaciones (IFT) y la Comisi\u00f3n Federal de Competencia Econ\u00f3mica (Cofece), los cuales, asegur\u00f3, deben desaparecer.<\/p>\n\n\n\n<p>\u201cTenemos que hacer una reforma administrativa y tienen que desaparecer todos esos organismos supuestamente aut\u00f3nomos, y es \u2018supuestamente aut\u00f3nomos\u2019 porque no le sirven al pueblo, est\u00e1n al servicio de las minor\u00edas\u201d, asever\u00f3.<\/p>\n\n\n\n<p>El mandatario mexicano ha criticado en diversas ocasiones al INAI,&nbsp; pues considera que el organismo ha sido \u201cin\u00fatil\u201d y ha criticado los altos salarios de sus funcionarios.<\/p>\n\n\n\n<p>\u201cMi honorabilidad no est\u00e1 en duda\u201d<\/p>\n\n\n\n<p>Sobre las cr\u00edticas hacia su persona por parte de colega la comisionada Norma Julieta del R\u00edo, el nuevo presidente del INAI dej\u00f3 en claro que su honorabilidad no est\u00e1 en juego, y as\u00ed lo puede demostrar las personas con las cuales ha trabajado a lo largo de su trayectoria tanto en el servicio p\u00fablico como privado.<\/p>\n\n\n\n<p>\u201cEs propio de una democracia en donde hay diferencias en cuanto a visiones, pero a final de cuentas salimos fortalecidos. Anteponemos siempre los derechos que tutelamos y el inter\u00e9 en defender la autonom\u00eda\u201d, argument\u00f3.<\/p>\n\n\n\n<p>Respeto las declaraciones de mi colega Norma Julieta del R\u00edo, pero mi honorabilidad no est\u00e1 en juego ni en duda y as\u00ed lo he expresado. Nosotros seguimos trabajando, ella present\u00f3 sus denuncias y hay que darles curso. le repito que mi honorabilidad no est\u00e1 en juego, en mi vida p\u00fablica y privada me he conducido con rectitud, respeto las declaraciones de todas y todos\u201d, puntualiz\u00f3.<\/p>\n\n\n\n<p>\u201cSiempre me he conducido en estos a\u00f1os del sector p\u00fablico y privado y las personas pueden hablar de mi solvencia moral\u201d, indic\u00f3.<\/p>\n\n\n\n<p>Por \u00faltimo, el comisionado Adri\u00e1n Alcal\u00e1 apunt\u00f3 que propondr\u00e1 a sus colegas desclasificar los estados de cuenta del INAI, \u201cen un ejercicio de transparencia\u201d del organismo.<\/p>\n\n\n\n<p>Con informaci\u00f3n de L\u00f3pez-D\u00f3riga Digital<\/p>\n\n\n\n<figure class=\"wp-block-embed is-type-wp-embed is-provider-l-pez-d-riga-digital wp-block-embed-l-pez-d-riga-digital\"><div class=\"wp-block-embed__wrapper\">\n<blockquote class=\"wp-embedded-content\" data-secret=\"YXgUfznLGF\"><a href=\"https:\/\/lopezdoriga.com\/nacional\/adrian-alcala-nuevo-presidente-inai-iniciativa-amlo-desaparecer-organos-autonomos\/\">&#8220;No compartimos los dichos del presidente,&#8221;: Adri\u00e1n Alcal\u00e1, presidente del INAI, sobre iniciativa para desaparecer \u00f3rganos aut\u00f3nomos<\/a><\/blockquote><iframe loading=\"lazy\" class=\"wp-embedded-content\" sandbox=\"allow-scripts\" security=\"restricted\" style=\"position: absolute; clip: rect(1px, 1px, 1px, 1px);\" title=\"&#8220;&#8220;No compartimos los dichos del presidente,&#8221;: Adri\u00e1n Alcal\u00e1, presidente del INAI, sobre iniciativa para desaparecer \u00f3rganos aut\u00f3nomos&#8221; &#8212; L\u00f3pez-D\u00f3riga Digital\" src=\"https:\/\/lopezdoriga.com\/nacional\/adrian-alcala-nuevo-presidente-inai-iniciativa-amlo-desaparecer-organos-autonomos\/embed\/#?secret=fLpCP9Rfae#?secret=YXgUfznLGF\" data-secret=\"YXgUfznLGF\" width=\"600\" height=\"338\" frameborder=\"0\" marginwidth=\"0\" marginheight=\"0\" scrolling=\"no\"><\/iframe>\n<\/div><\/figure>\n","protected":false},"excerpt":{"rendered":"<p>El titular del INAI dijo que el Instituto tiene una utilidad social para que ciudadan\u00eda ejerza derecho a la informaci\u00f3n Diciembre 11 de 2023 Adri\u00e1n Alcal\u00e1, nuevo comisionado presidente del Instituto Nacional de la Transparencia, Acceso a la Informaci\u00f3n y Protecci\u00f3n de Datos Personales (INAI), afirm\u00f3 que respeta, pero no comparte el anuncio hecho por [&hellip;]<\/p>\n","protected":false},"author":1,"featured_media":3624,"comment_status":"open","ping_status":"open","sticky":false,"template":"","format":"standard","meta":{"content-type":"","footnotes":""},"categories":[117,3,115],"tags":[],"class_list":{"0":"post-3623","1":"post","2":"type-post","3":"status-publish","4":"format-standard","5":"has-post-thumbnail","7":"category-general","8":"category-mexico","9":"category-politica"},"_links":{"self":[{"href":"https:\/\/www.regioncuatronoticias.com\/index.php\/wp-json\/wp\/v2\/posts\/3623","targetHints":{"allow":["GET"]}}],"collection":[{"href":"https:\/\/www.regioncuatronoticias.com\/index.php\/wp-json\/wp\/v2\/posts"}],"about":[{"href":"https:\/\/www.regioncuatronoticias.com\/index.php\/wp-json\/wp\/v2\/types\/post"}],"author":[{"embeddable":true,"href":"https:\/\/www.regioncuatronoticias.com\/index.php\/wp-json\/wp\/v2\/users\/1"}],"replies":[{"embeddable":true,"href":"https:\/\/www.regioncuatronoticias.com\/index.php\/wp-json\/wp\/v2\/comments?post=3623"}],"version-history":[{"count":1,"href":"https:\/\/www.regioncuatronoticias.com\/index.php\/wp-json\/wp\/v2\/posts\/3623\/revisions"}],"predecessor-version":[{"id":3625,"href":"https:\/\/www.regioncuatronoticias.com\/index.php\/wp-json\/wp\/v2\/posts\/3623\/revisions\/3625"}],"wp:featuredmedia":[{"embeddable":true,"href":"https:\/\/www.regioncuatronoticias.com\/index.php\/wp-json\/wp\/v2\/media\/3624"}],"wp:attachment":[{"href":"https:\/\/www.regioncuatronoticias.com\/index.php\/wp-json\/wp\/v2\/media?parent=3623"}],"wp:term":[{"taxonomy":"category","embeddable":true,"href":"https:\/\/www.regioncuatronoticias.com\/index.php\/wp-json\/wp\/v2\/categories?post=3623"},{"taxonomy":"post_tag","embeddable":true,"href":"https:\/\/www.regioncuatronoticias.com\/index.php\/wp-json\/wp\/v2\/tags?post=3623"}],"curies":[{"name":"wp","href":"https:\/\/api.w.org\/{rel}","templated":true}]}}