{"id":3604,"date":"2023-12-11T07:58:38","date_gmt":"2023-12-11T14:58:38","guid":{"rendered":"https:\/\/www.regioncuatronoticias.com\/?p=3604"},"modified":"2023-12-11T07:58:40","modified_gmt":"2023-12-11T14:58:40","slug":"milei-firma-primer-decreto-como-presidente-reduce-de-18-a-9-los-ministerios-de-argentina","status":"publish","type":"post","link":"https:\/\/www.regioncuatronoticias.com\/index.php\/2023\/12\/11\/milei-firma-primer-decreto-como-presidente-reduce-de-18-a-9-los-ministerios-de-argentina\/","title":{"rendered":"Milei firma primer decreto como presidente: Reduce de 18 a 9 los ministerios de Argentina"},"content":{"rendered":"\n<p>Latinus<\/p>\n\n\n\n<p>Diciembre 10, 2023<\/p>\n\n\n\n<p>Foto: EFE<\/p>\n\n\n\n<p>Reuters.- El presidente de Argentina, Javier Milei, orden\u00f3 el domingo la reducci\u00f3n de 18 ministerios a nueve, convirti\u00e9ndose en la primera medida de gobierno tomada a pocas horas de haber asumido el cargo, con lo que apunta a recortar el gasto p\u00fablico.<\/p>\n\n\n\n<p>Milei, un economista reci\u00e9n llegado a la pol\u00edtica, tom\u00f3 la medida mediante un Decreto de Necesidad y Urgencia (DNU), cumpliendo una de sus promesas de campa\u00f1a de reducir a los funcionarios del Estado.<\/p>\n\n\n\n<p>\u201cEl Presidente de la Rep\u00fablica Argentina, Javier Milei, firm\u00f3 el decreto de designaci\u00f3n de ministros. Este decreto reduce la cantidad de ministerios existentes a nueve\u201c, dijo la oficina de prensa de Milei en la red social X (antes Twitter).<\/p>\n\n\n\n<p>El Presidente de la Rep\u00fablica Argentina Javier Milei firm\u00f3 el decreto de designaci\u00f3n de ministros. Este decreto reduce la cantidad de ministerios existentes a 9. pic.twitter.com\/FNB18pC7va<\/p>\n\n\n\n<p>El mandatario lleg\u00f3 a la presidencia con la promesa de aplicar un riguroso plan para encauzar la econom\u00eda, que se encuentra sumida en una inflaci\u00f3n cercana al 150% anual y una pobreza del 40%.<\/p>\n\n\n\n<p>El DNU tambi\u00e9n contempla que de las cuatro secretar\u00edas de Estado \u2014Legal y T\u00e9cnica, Comunicaci\u00f3n y Prensa y General de Presidencia\u2014 tendr\u00e1n rango y jerarqu\u00eda de ministerio, mientras que Asuntos Estrat\u00e9gicos depender\u00e1 de la Jefatura de Gabinete, a cargo de Nicol\u00e1s Posse.<\/p>\n\n\n\n<p>\u201cResulta necesario adecuar las disposiciones de la Ley de Ministerios y los objetivos planteados con el prop\u00f3sito de racionalizar y tornar m\u00e1s eficiente el actuar del Estado Nacional\u201d, indic\u00f3 el mandatario, de 53 a\u00f1os, quien el domingo reiter\u00f3 en su discurso de asunci\u00f3n que \u201cno hay plata\u201c.<\/p>\n\n\n\n<p>Los nueve ministerios que funcionar\u00e1n a partir de ahora son Seguridad, a cargo de Patricia Bullrich; Justicia, en manos de Mariano C\u00faneo Libarona; Econom\u00eda, bajo la \u00f3rbita de Luis Caputo; Relaciones Exteriores, a cargo de Diana Mondino; Interior, con Guillermo Francos; Salud, con Mario Russo, y Defensa, con Luis Petri.<\/p>\n\n\n\n<p>Sigue leyendo: Zelenski se re\u00fane con l\u00edderes de Latinoam\u00e9rica en Argentina en busca de apoyo para Ucrania<\/p>\n\n\n\n<p>A estos ministerios se sumar\u00e1n los recientemente creados Capital Humano, a cargo de Sandra Pettovello, que integra los ex ministerios de Desarrollo Social, Educaci\u00f3n, Trabajo, Mujeres y Cultura, e Infraestructura, bajo la \u00f3rbita de Guillermo Ferraro, que contempla las \u00e1reas de obras p\u00fablicas, viviendas, comunicaciones y transporte.<\/p>\n\n\n\n<p>Milei dijo en el acto de asunci\u00f3n que se espera una inflaci\u00f3n mensual de entre el 20% y el 40% mensual entre diciembre y febrero, y que podr\u00eda dispararse a una hiperinflaci\u00f3n del 15 mil por ciento anual si no se aplica un dr\u00e1stico recorte del gasto.<\/p>\n\n\n\n<figure class=\"wp-block-embed is-type-wp-embed is-provider-latin-us wp-block-embed-latin-us\"><div class=\"wp-block-embed__wrapper\">\n<blockquote class=\"wp-embedded-content\" data-secret=\"B36JkePFjh\"><a href=\"https:\/\/latinus.us\/2023\/12\/10\/milei-firma-primer-decreto-presidente-reduce-18-nueve-ministerios-argentina\/\">Milei firma primer decreto como presidente: reduce de 18 a nueve los ministerios de Argentina<\/a><\/blockquote><iframe loading=\"lazy\" class=\"wp-embedded-content\" sandbox=\"allow-scripts\" security=\"restricted\" style=\"position: absolute; clip: rect(1px, 1px, 1px, 1px);\" title=\"&#8220;Milei firma primer decreto como presidente: reduce de 18 a nueve los ministerios de Argentina&#8221; &#8212; Latin US\" src=\"https:\/\/latinus.us\/2023\/12\/10\/milei-firma-primer-decreto-presidente-reduce-18-nueve-ministerios-argentina\/embed\/#?secret=2NsvLeLdhw#?secret=B36JkePFjh\" data-secret=\"B36JkePFjh\" width=\"600\" height=\"338\" frameborder=\"0\" marginwidth=\"0\" marginheight=\"0\" scrolling=\"no\"><\/iframe>\n<\/div><\/figure>\n","protected":false},"excerpt":{"rendered":"<p>Latinus Diciembre 10, 2023 Foto: EFE Reuters.- El presidente de Argentina, Javier Milei, orden\u00f3 el domingo la reducci\u00f3n de 18 ministerios a nueve, convirti\u00e9ndose en la primera medida de gobierno tomada a pocas horas de haber asumido el cargo, con lo que apunta a recortar el gasto p\u00fablico. Milei, un economista reci\u00e9n llegado a la [&hellip;]<\/p>\n","protected":false},"author":1,"featured_media":3605,"comment_status":"open","ping_status":"open","sticky":false,"template":"","format":"standard","meta":{"content-type":"","footnotes":""},"categories":[7,115,105],"tags":[],"class_list":{"0":"post-3604","1":"post","2":"type-post","3":"status-publish","4":"format-standard","5":"has-post-thumbnail","7":"category-internacional","8":"category-politica","9":"category-principal"},"_links":{"self":[{"href":"https:\/\/www.regioncuatronoticias.com\/index.php\/wp-json\/wp\/v2\/posts\/3604","targetHints":{"allow":["GET"]}}],"collection":[{"href":"https:\/\/www.regioncuatronoticias.com\/index.php\/wp-json\/wp\/v2\/posts"}],"about":[{"href":"https:\/\/www.regioncuatronoticias.com\/index.php\/wp-json\/wp\/v2\/types\/post"}],"author":[{"embeddable":true,"href":"https:\/\/www.regioncuatronoticias.com\/index.php\/wp-json\/wp\/v2\/users\/1"}],"replies":[{"embeddable":true,"href":"https:\/\/www.regioncuatronoticias.com\/index.php\/wp-json\/wp\/v2\/comments?post=3604"}],"version-history":[{"count":1,"href":"https:\/\/www.regioncuatronoticias.com\/index.php\/wp-json\/wp\/v2\/posts\/3604\/revisions"}],"predecessor-version":[{"id":3606,"href":"https:\/\/www.regioncuatronoticias.com\/index.php\/wp-json\/wp\/v2\/posts\/3604\/revisions\/3606"}],"wp:featuredmedia":[{"embeddable":true,"href":"https:\/\/www.regioncuatronoticias.com\/index.php\/wp-json\/wp\/v2\/media\/3605"}],"wp:attachment":[{"href":"https:\/\/www.regioncuatronoticias.com\/index.php\/wp-json\/wp\/v2\/media?parent=3604"}],"wp:term":[{"taxonomy":"category","embeddable":true,"href":"https:\/\/www.regioncuatronoticias.com\/index.php\/wp-json\/wp\/v2\/categories?post=3604"},{"taxonomy":"post_tag","embeddable":true,"href":"https:\/\/www.regioncuatronoticias.com\/index.php\/wp-json\/wp\/v2\/tags?post=3604"}],"curies":[{"name":"wp","href":"https:\/\/api.w.org\/{rel}","templated":true}]}}