{"id":3595,"date":"2023-12-11T07:53:11","date_gmt":"2023-12-11T14:53:11","guid":{"rendered":"https:\/\/www.regioncuatronoticias.com\/?p=3595"},"modified":"2023-12-11T07:53:13","modified_gmt":"2023-12-11T14:53:13","slug":"xochitl-galvez-critica-al-gobierno-de-amlo-dijo-que-las-escaleras-se-barrian-de-arriba-para-abajo-y-no-se-ha-barrido-ni-el-primer-escalon","status":"publish","type":"post","link":"https:\/\/www.regioncuatronoticias.com\/index.php\/2023\/12\/11\/xochitl-galvez-critica-al-gobierno-de-amlo-dijo-que-las-escaleras-se-barrian-de-arriba-para-abajo-y-no-se-ha-barrido-ni-el-primer-escalon\/","title":{"rendered":"X\u00f3chitl G\u00e1lvez critica al gobierno de AMLO: \u201cDijo que las escaleras se barr\u00edan de arriba para abajo y no se ha barrido ni el primer escal\u00f3n\u201d"},"content":{"rendered":"\n<p>Tomado de Latinus<\/p>\n\n\n\n<p>Foto: H\u00e9ctor Gordoa<\/p>\n\n\n\n<p>Por H\u00e9ctor Gordoa<\/p>\n\n\n\n<p>Diciembre 9 de 2023<\/p>\n\n\n\n<p>En el marco del D\u00eda Internacional de la Lucha contra la Corrupci\u00f3n, que se conmemora este 9 de diciembre, X\u00f3chitl G\u00e1lvez, se refiri\u00f3 al reportaje de Latinus en donde se pone en evidencia el tr\u00e1fico de influencias que benefici\u00f3 directamente a Amilcar Ol\u00e1n, propietario de la empresa Rodemic, al que le fueron adjudicados contratos directos para surtir medicamentos al sistema de salud de Quintana Roo.<\/p>\n\n\n\n<p>La aspirante presidencial de la oposici\u00f3n asegur\u00f3 que es un modus operandi vinculado a Andr\u00e9s L\u00f3pez Beltr\u00e1n, hijo del presidente Andr\u00e9s Manuel L\u00f3pez Obrador, y que ha sido permitido por el mandatario federal.<\/p>\n\n\n\n<p>\u201cMi posici\u00f3n es muy clara, hay que decir la verdad, las cosas en este gobierno no cambian, en todo lo que se dijo que \u2018las escaleras se barr\u00edan de arriba para abajo\u2019, pues no se ha barrido ni el primer escal\u00f3n. Este gobierno ha dado por dedazo 350 mil millones de pesos en contratos, no hay licitaci\u00f3n, son aplicaciones directas, invitaciones restringidas simuladas el caso de la compra de medicamentos en Quintana Roo, pues te habla de un modus operandi\u201d, puntualiz\u00f3.<\/p>\n\n\n\n<p>G\u00e1lvez Ruiz defendi\u00f3 al periodista Carlos Loret de Mola, de las acusaciones del presidente de M\u00e9xico, quien decide atacar al comunicador en lugar de aclarar las pruebas que fueron presentadas en el reportaje de Latinus.<\/p>\n\n\n\n<p>\u201cTodo mundo sabe, y es algo que se sabe, que quien controla muchos de los contratos es uno de los hijos del presidente, eso es sabido, la gente sabe que hay que negociar con \u00e9l obviamente, pues no son tarugos, no va a haber un contrato como el presidente le pide a Carlos Loret que muestre; lo que s\u00ed muestra Carlos es el modus operandi de estas negociaciones\u201d, acus\u00f3.<\/p>\n\n\n\n<p>La precandidata \u00fanica de la Alianza Fuerza y Amor por M\u00e9xico visit\u00f3 Aguascalientes, en donde sostuvo una conferencia de prensa en la que tambi\u00e9n conden\u00f3, lo que llam\u00f3, el abandono del gobierno federal de los ciudadanos ante la delincuencia y puso como ejemplo el enfrentamiento en Texcaltitl\u00e1n en el Estado de M\u00e9xico, en donde pobladores cansados de las extorsiones enfrentaron a integrantes de la delincuencia organizada.<\/p>\n\n\n\n<p>\u201cYo insisto, han sido los abrazos para los delincuentes y los balazos han sido para los ciudadanos y es una verg\u00fcenza que el presidente estando en el Estado de M\u00e9xico en gira no se haya pronunciado sobre esta situaci\u00f3n y tambi\u00e9n es una verg\u00fcenza que la gobernadora haya pasado cerca de 24 horas para que pudiera hacer en una rueda de prensa, pero ni siquiera el d\u00eda de ayer se manifest\u00f3\u201d, dijo.<\/p>\n\n\n\n<p>De igual manera, X\u00f3chitl G\u00e1lvez, se refiri\u00f3 al homicidio de seis j\u00f3venes en Celaya, Guanajuato, y exigi\u00f3 una disculpa p\u00fablica del jefe del Ejecutivo federal por haber criminalizado a las v\u00edctimas.<\/p>\n\n\n\n<p>\u201cTodo indica que de acuerdo a los ex\u00e1menes toxicol\u00f3gicos que les hicieron, los j\u00f3venes no ten\u00edan residuos de drogas en sus cuerpos y sobre todo se est\u00e1 comprobando que los j\u00f3venes estaban en un balneario. Criminalizar a los j\u00f3venes cuando el gobierno nos abandona me parece absolutamente inaceptable. Estos dos hechos hablan por supuesto de que este gobierno ha fracasado contundentemente en el tema de seguridad\u201d, conden\u00f3.<\/p>\n\n\n\n<p>Por la tarde, X\u00f3chitl G\u00e1lvez, sostendr\u00e1 un encuentro con mujeres y simpatizantes en el Sal\u00f3n Locomotoras del complejo Tres Centurias en esta entidad y ma\u00f1ana viajar\u00e1 a San Luis Potos\u00ed, en donde tendr\u00e1s varias actividades.<\/p>\n\n\n\n<figure class=\"wp-block-embed is-type-wp-embed is-provider-latin-us wp-block-embed-latin-us\"><div class=\"wp-block-embed__wrapper\">\n<blockquote class=\"wp-embedded-content\" data-secret=\"hoqfIovnsT\"><a href=\"https:\/\/latinus.us\/2023\/12\/09\/xochitl-galvez-critica-gobierno-de-amlo-dijo-escaleras-se-barrian-de-arriba-abajo-no-se-ha-barrido-ni-el-primer-escalon\/\">X\u00f3chitl G\u00e1lvez critica al gobierno de AMLO: \u201cDijo que las escaleras se barr\u00edan de arriba para abajo y no se ha barrido ni el primer escal\u00f3n\u201d<\/a><\/blockquote><iframe loading=\"lazy\" class=\"wp-embedded-content\" sandbox=\"allow-scripts\" security=\"restricted\" style=\"position: absolute; clip: rect(1px, 1px, 1px, 1px);\" title=\"&#8220;X\u00f3chitl G\u00e1lvez critica al gobierno de AMLO: \u201cDijo que las escaleras se barr\u00edan de arriba para abajo y no se ha barrido ni el primer escal\u00f3n\u201d&#8221; &#8212; Latin US\" src=\"https:\/\/latinus.us\/2023\/12\/09\/xochitl-galvez-critica-gobierno-de-amlo-dijo-escaleras-se-barrian-de-arriba-abajo-no-se-ha-barrido-ni-el-primer-escalon\/embed\/#?secret=hIpA1ambyU#?secret=hoqfIovnsT\" data-secret=\"hoqfIovnsT\" width=\"600\" height=\"338\" frameborder=\"0\" marginwidth=\"0\" marginheight=\"0\" scrolling=\"no\"><\/iframe>\n<\/div><\/figure>\n","protected":false},"excerpt":{"rendered":"<p>Tomado de Latinus Foto: H\u00e9ctor Gordoa Por H\u00e9ctor Gordoa Diciembre 9 de 2023 En el marco del D\u00eda Internacional de la Lucha contra la Corrupci\u00f3n, que se conmemora este 9 de diciembre, X\u00f3chitl G\u00e1lvez, se refiri\u00f3 al reportaje de Latinus en donde se pone en evidencia el tr\u00e1fico de influencias que benefici\u00f3 directamente a Amilcar [&hellip;]<\/p>\n","protected":false},"author":1,"featured_media":3596,"comment_status":"open","ping_status":"open","sticky":false,"template":"","format":"standard","meta":{"content-type":"","footnotes":""},"categories":[3,115,105],"tags":[],"class_list":{"0":"post-3595","1":"post","2":"type-post","3":"status-publish","4":"format-standard","5":"has-post-thumbnail","7":"category-mexico","8":"category-politica","9":"category-principal"},"_links":{"self":[{"href":"https:\/\/www.regioncuatronoticias.com\/index.php\/wp-json\/wp\/v2\/posts\/3595","targetHints":{"allow":["GET"]}}],"collection":[{"href":"https:\/\/www.regioncuatronoticias.com\/index.php\/wp-json\/wp\/v2\/posts"}],"about":[{"href":"https:\/\/www.regioncuatronoticias.com\/index.php\/wp-json\/wp\/v2\/types\/post"}],"author":[{"embeddable":true,"href":"https:\/\/www.regioncuatronoticias.com\/index.php\/wp-json\/wp\/v2\/users\/1"}],"replies":[{"embeddable":true,"href":"https:\/\/www.regioncuatronoticias.com\/index.php\/wp-json\/wp\/v2\/comments?post=3595"}],"version-history":[{"count":1,"href":"https:\/\/www.regioncuatronoticias.com\/index.php\/wp-json\/wp\/v2\/posts\/3595\/revisions"}],"predecessor-version":[{"id":3597,"href":"https:\/\/www.regioncuatronoticias.com\/index.php\/wp-json\/wp\/v2\/posts\/3595\/revisions\/3597"}],"wp:featuredmedia":[{"embeddable":true,"href":"https:\/\/www.regioncuatronoticias.com\/index.php\/wp-json\/wp\/v2\/media\/3596"}],"wp:attachment":[{"href":"https:\/\/www.regioncuatronoticias.com\/index.php\/wp-json\/wp\/v2\/media?parent=3595"}],"wp:term":[{"taxonomy":"category","embeddable":true,"href":"https:\/\/www.regioncuatronoticias.com\/index.php\/wp-json\/wp\/v2\/categories?post=3595"},{"taxonomy":"post_tag","embeddable":true,"href":"https:\/\/www.regioncuatronoticias.com\/index.php\/wp-json\/wp\/v2\/tags?post=3595"}],"curies":[{"name":"wp","href":"https:\/\/api.w.org\/{rel}","templated":true}]}}