{"id":3587,"date":"2023-12-11T07:46:30","date_gmt":"2023-12-11T14:46:30","guid":{"rendered":"https:\/\/www.regioncuatronoticias.com\/?p=3587"},"modified":"2023-12-11T07:46:32","modified_gmt":"2023-12-11T14:46:32","slug":"denuncian-a-arturo-zaldivar-por-sumarse-a-la-precampana-de-sheinbaum","status":"publish","type":"post","link":"https:\/\/www.regioncuatronoticias.com\/index.php\/2023\/12\/11\/denuncian-a-arturo-zaldivar-por-sumarse-a-la-precampana-de-sheinbaum\/","title":{"rendered":"Denuncian a Arturo Zald\u00edvar por sumarse a la precampa\u00f1a de Sheinbaum"},"content":{"rendered":"\n<p>En su cuenta de X y en Facebook, Alejandro Rojas D\u00edaz Dur\u00e1n, quien desde que Morena decidi\u00f3 regresar a Monreal al Senado no para de arremeter contra la dirigencia del partido, pidi\u00f3 a la SCJN comparti\u00f3 la queja donde pide que el exministro sea sancionado de manera ejemplar por la SCJN.<\/p>\n\n\n\n<p>Tomado de PROCESO<\/p>\n\n\n\n<p>Por La Redacci\u00f3n<\/p>\n\n\n\n<p>Diciembre de 2023<\/p>\n\n\n\n<p>CIUDAD DE M\u00c9XICO (proceso.com.mx). \u2013 Alejandro Rojas D\u00edaz Dur\u00e1n, suplente del exaspirante presidencial por Morena, Ricardo Monreal, quien ya regres\u00f3 al Senado de la Rep\u00fablica, present\u00f3 una denuncia administrativa contra el exministro de la Suprema Corte de Justicia de la Naci\u00f3n, Arturo Zald\u00edvar por sumarse a la precampa\u00f1a de Claudia Sheinbaum, cuando, seg\u00fan \u00e9l, a\u00fan estaba en el cargo.<\/p>\n\n\n\n<p>En su cuenta de X y en Facebook, D\u00edaz Dur\u00e1n, quien desde que Morena decidi\u00f3 regresar a Monreal al Senado no para de arremeter contra la dirigencia del partido, pidi\u00f3 a la SCJN comparti\u00f3 la queja donde pide que el exministro sea sancionado de manera ejemplar por la SCJN, conforme a los art\u00edculos 98 y 101 constitucionales.<\/p>\n\n\n\n<p>Pide a los ministros de la corte que, de acreditarse la responsabilidad de Zald\u00edvar, lo sancione con la p\u00e9rdida de prestaciones y beneficios que le corresponden por haber ejercido el cargo de ministro de la SCJN, independientemente de las dem\u00e1s sanciones que las leyes prevean, indic\u00f3 en sus petitorios de la denuncia presentada el 5 de diciembre pasado.<\/p>\n\n\n\n<p>\u201cLa impunidad en M\u00e9xico constituye una de las principales fuentes de nuestras desgracias nacionales. Zald\u00edvar ten\u00eda el deber de respetar la Constituci\u00f3n, no de infringirla\u201d, escribi\u00f3.<\/p>\n\n\n\n<p>Conf\u00edo en que se le imponga una sanci\u00f3n, con el fin de establecer jurisprudencia y marcar un precedente hist\u00f3rico.<\/p>\n\n\n\n<p>\u201cLa Constituci\u00f3n no es un trapo que un ministro pueda usar para limpiar el piso. Debemos ir hasta las \u00faltimas consecuencias para invalidar su renuncia y demostrar la quebrantaci\u00f3n (sic) de la Constituci\u00f3n. La Constituci\u00f3n se acata, no se ataca. Punto\u201d, redact\u00f3 tambi\u00e9n en Facebook.<\/p>\n\n\n\n<figure class=\"wp-block-embed\"><div class=\"wp-block-embed__wrapper\">\nhttps:\/\/www.proceso.com.mx\/nacional\/2023\/12\/9\/denuncian-arturo-zaldivar-por-sumarse-la-precampana-de-sheinbaum-320116.html\n<\/div><\/figure>\n","protected":false},"excerpt":{"rendered":"<p>En su cuenta de X y en Facebook, Alejandro Rojas D\u00edaz Dur\u00e1n, quien desde que Morena decidi\u00f3 regresar a Monreal al Senado no para de arremeter contra la dirigencia del partido, pidi\u00f3 a la SCJN comparti\u00f3 la queja donde pide que el exministro sea sancionado de manera ejemplar por la SCJN. Tomado de PROCESO Por [&hellip;]<\/p>\n","protected":false},"author":1,"featured_media":3588,"comment_status":"open","ping_status":"open","sticky":false,"template":"","format":"standard","meta":{"content-type":"","footnotes":""},"categories":[3,115],"tags":[],"class_list":{"0":"post-3587","1":"post","2":"type-post","3":"status-publish","4":"format-standard","5":"has-post-thumbnail","7":"category-mexico","8":"category-politica"},"_links":{"self":[{"href":"https:\/\/www.regioncuatronoticias.com\/index.php\/wp-json\/wp\/v2\/posts\/3587","targetHints":{"allow":["GET"]}}],"collection":[{"href":"https:\/\/www.regioncuatronoticias.com\/index.php\/wp-json\/wp\/v2\/posts"}],"about":[{"href":"https:\/\/www.regioncuatronoticias.com\/index.php\/wp-json\/wp\/v2\/types\/post"}],"author":[{"embeddable":true,"href":"https:\/\/www.regioncuatronoticias.com\/index.php\/wp-json\/wp\/v2\/users\/1"}],"replies":[{"embeddable":true,"href":"https:\/\/www.regioncuatronoticias.com\/index.php\/wp-json\/wp\/v2\/comments?post=3587"}],"version-history":[{"count":1,"href":"https:\/\/www.regioncuatronoticias.com\/index.php\/wp-json\/wp\/v2\/posts\/3587\/revisions"}],"predecessor-version":[{"id":3589,"href":"https:\/\/www.regioncuatronoticias.com\/index.php\/wp-json\/wp\/v2\/posts\/3587\/revisions\/3589"}],"wp:featuredmedia":[{"embeddable":true,"href":"https:\/\/www.regioncuatronoticias.com\/index.php\/wp-json\/wp\/v2\/media\/3588"}],"wp:attachment":[{"href":"https:\/\/www.regioncuatronoticias.com\/index.php\/wp-json\/wp\/v2\/media?parent=3587"}],"wp:term":[{"taxonomy":"category","embeddable":true,"href":"https:\/\/www.regioncuatronoticias.com\/index.php\/wp-json\/wp\/v2\/categories?post=3587"},{"taxonomy":"post_tag","embeddable":true,"href":"https:\/\/www.regioncuatronoticias.com\/index.php\/wp-json\/wp\/v2\/tags?post=3587"}],"curies":[{"name":"wp","href":"https:\/\/api.w.org\/{rel}","templated":true}]}}