{"id":3575,"date":"2023-12-11T07:02:22","date_gmt":"2023-12-11T14:02:22","guid":{"rendered":"https:\/\/www.regioncuatronoticias.com\/?p=3575"},"modified":"2023-12-11T07:02:25","modified_gmt":"2023-12-11T14:02:25","slug":"aprueba-iee-sonora-integracion-de-consejos-distritales-y-municipales-electorales","status":"publish","type":"post","link":"https:\/\/www.regioncuatronoticias.com\/index.php\/2023\/12\/11\/aprueba-iee-sonora-integracion-de-consejos-distritales-y-municipales-electorales\/","title":{"rendered":"Aprueba IEE Sonora integraci\u00f3n de Consejos Distritales y Municipales Electorales"},"content":{"rendered":"\n<p>Hermosillo, Sonora, 9 de diciembre de 2023.- El Consejo General del Instituto Estatal Electoral y de Participaci\u00f3n Ciudadana (IEE Sonora) aprob\u00f3 por unanimidad la integraci\u00f3n de los Consejos Distritales y Municipales Electorales en el Proceso Electoral Ordinario Local del estado de Sonora 2023-2024, una vez que concluy\u00f3 la fase de valoraci\u00f3n curricular y entrevistas de aspirantes.<\/p>\n\n\n\n<p>En Sesi\u00f3n Extraordinaria de car\u00e1cter urgente, y de acuerdo a lo establecido en la convocatoria, se dieron a conocer los resultados que arrojaron una conformaci\u00f3n hist\u00f3ricamente inclusiva con el 18 por ciento de j\u00f3venes; 4.2 por ciento de adultos mayores; 1.5 por ciento de integrantes de la comunidad LGBT+ y 2.41 por ciento de integrantes de comunidades ind\u00edgenas, adem\u00e1s de considerar tambi\u00e9n a personas con discapacidad.<\/p>\n\n\n\n<p>El consejero Benjam\u00edn Hern\u00e1ndez Avalos, presidente de la Comisi\u00f3n Permanente de Organizaci\u00f3n y Log\u00edstica, detall\u00f3 que en la etapa de valoraci\u00f3n curricular y entrevistas, que comprendi\u00f3 del 03 al 29 de noviembre, las consejeras y consejeros electorales escucharon y analizaron de manera detallada los perfiles de un total de mil 190 personas de todos los municipios, desde amas de casa y gente lugare\u00f1a hasta profesionistas, quienes ya hab\u00edan acreditado el examen de conocimientos electorales.<\/p>\n\n\n\n<p>\u201cTodas estas personas se convierten autom\u00e1ticamente en nuestra extensi\u00f3n del Consejo General, son Consejos Municipales, Distritales, que van a tener en sus manos la conducci\u00f3n y el deber tambi\u00e9n de entregar buenos resultados y sobretodo de llevar a cabo los trabajos de la organizaci\u00f3n de la jornada electoral, de los c\u00f3mputos y de la emisi\u00f3n de quienes ser\u00e1n las personas que van a ganar en los distintos municipios y en los distintos distritos de la entidad\u201d, consider\u00f3.<\/p>\n\n\n\n<p>Hern\u00e1ndez Avalos puntualiz\u00f3 que el an\u00e1lisis incluy\u00f3 una evaluaci\u00f3n curricular que constituy\u00f3 el 30 por ciento de la puntuaci\u00f3n que se les otorg\u00f3, y una entrevista donde se centraron en identificar caracter\u00edsticas y actitudes gerenciales, trabajo en equipo, liderazgo, comunicaci\u00f3n y compromiso social, lo que correspond\u00eda al 70 por ciento de la valoraci\u00f3n final.<\/p>\n\n\n\n<p>En todo el proceso se cont\u00f3 con la participaci\u00f3n activa de 3 mil 543 personas registradas, de las cuales 2 mil 57 cumplieron con los requisitos establecidos en la convocatoria, y de ellas el 60 por ciento fueron mujeres.<\/p>\n\n\n\n<p>Se cumpli\u00f3 adem\u00e1s por primera vez con la Ley 3 de 3 que impide que quienes hayan sido sentenciados por violencia familiar, delitos sexuales o sean deudores alimentarios ocupen cargos p\u00fablicos.<\/p>\n\n\n\n<p>El Instituto Estatal Electoral solicit\u00f3 la informaci\u00f3n a la Fiscal\u00eda General de Justicia del Estado quien notific\u00f3 que siete personas hab\u00edan incurrido en ese tipo de delitos, por lo que ninguna de ellas fue integrada a los Consejos.<\/p>\n\n\n\n<p>El consejero presidente Nery Ruiz Arvizu dijo que el siguiente paso es iniciar con el proceso de notificaci\u00f3n a quienes fueron designados y posteriormente se iniciar\u00e1 con capacitaciones que permitir\u00e1 que a partir del 10 de enero pr\u00f3ximo ya se encuentren listos para instalarse con miras en el inicio del Proceso Electoral.<\/p>\n\n\n\n<p>Para la selecci\u00f3n fueron tomadas en cuenta la paridad de g\u00e9nero y la alternancia en las presidencias y consejer\u00edas para garantizar la pluralidad de voces y perspectivas en la toma de decisiones del total de 582 personas que integrar\u00e1n los&nbsp; 21 Consejos Distritales Electorales y 72 Consejos Municipales Electorales.<\/p>\n\n\n\n<p>Estuvieron presentes tambi\u00e9n en la sesi\u00f3n las consejeras Alma Lorena Alonso Valdivia, Linda Viridiana Calder\u00f3n Monta\u00f1o y Ana Cecilia Grijalva Moreno; los consejeros Francisco Arturo Kitazawa Tostado y Daniel Rodarte Ram\u00edrez; as\u00ed como el encargado de despacho de la Secretar\u00eda Ejecutiva, Fernando Chapetti Siordia, y los representantes de los partidos pol\u00edticos ante el Consejo General.<\/p>\n\n\n\n<p>Los resultados ya pueden ser consultados en la p\u00e1gina www.ieesonora.org.mx<\/p>\n","protected":false},"excerpt":{"rendered":"<p>Hermosillo, Sonora, 9 de diciembre de 2023.- El Consejo General del Instituto Estatal Electoral y de Participaci\u00f3n Ciudadana (IEE Sonora) aprob\u00f3 por unanimidad la integraci\u00f3n de los Consejos Distritales y Municipales Electorales en el Proceso Electoral Ordinario Local del estado de Sonora 2023-2024, una vez que concluy\u00f3 la fase de valoraci\u00f3n curricular y entrevistas de [&hellip;]<\/p>\n","protected":false},"author":1,"featured_media":3576,"comment_status":"open","ping_status":"open","sticky":false,"template":"","format":"standard","meta":{"content-type":"","footnotes":""},"categories":[117,115,9],"tags":[],"class_list":{"0":"post-3575","1":"post","2":"type-post","3":"status-publish","4":"format-standard","5":"has-post-thumbnail","7":"category-general","8":"category-politica","9":"category-sonora"},"_links":{"self":[{"href":"https:\/\/www.regioncuatronoticias.com\/index.php\/wp-json\/wp\/v2\/posts\/3575","targetHints":{"allow":["GET"]}}],"collection":[{"href":"https:\/\/www.regioncuatronoticias.com\/index.php\/wp-json\/wp\/v2\/posts"}],"about":[{"href":"https:\/\/www.regioncuatronoticias.com\/index.php\/wp-json\/wp\/v2\/types\/post"}],"author":[{"embeddable":true,"href":"https:\/\/www.regioncuatronoticias.com\/index.php\/wp-json\/wp\/v2\/users\/1"}],"replies":[{"embeddable":true,"href":"https:\/\/www.regioncuatronoticias.com\/index.php\/wp-json\/wp\/v2\/comments?post=3575"}],"version-history":[{"count":1,"href":"https:\/\/www.regioncuatronoticias.com\/index.php\/wp-json\/wp\/v2\/posts\/3575\/revisions"}],"predecessor-version":[{"id":3577,"href":"https:\/\/www.regioncuatronoticias.com\/index.php\/wp-json\/wp\/v2\/posts\/3575\/revisions\/3577"}],"wp:featuredmedia":[{"embeddable":true,"href":"https:\/\/www.regioncuatronoticias.com\/index.php\/wp-json\/wp\/v2\/media\/3576"}],"wp:attachment":[{"href":"https:\/\/www.regioncuatronoticias.com\/index.php\/wp-json\/wp\/v2\/media?parent=3575"}],"wp:term":[{"taxonomy":"category","embeddable":true,"href":"https:\/\/www.regioncuatronoticias.com\/index.php\/wp-json\/wp\/v2\/categories?post=3575"},{"taxonomy":"post_tag","embeddable":true,"href":"https:\/\/www.regioncuatronoticias.com\/index.php\/wp-json\/wp\/v2\/tags?post=3575"}],"curies":[{"name":"wp","href":"https:\/\/api.w.org\/{rel}","templated":true}]}}