{"id":3572,"date":"2023-12-11T07:00:30","date_gmt":"2023-12-11T14:00:30","guid":{"rendered":"https:\/\/www.regioncuatronoticias.com\/?p=3572"},"modified":"2023-12-11T07:00:32","modified_gmt":"2023-12-11T14:00:32","slug":"en-lo-que-va-del-2023-has-sido-asesinados-94-periodistas-documenta-la-federacion-internacional-de-periodistas","status":"publish","type":"post","link":"https:\/\/www.regioncuatronoticias.com\/index.php\/2023\/12\/11\/en-lo-que-va-del-2023-has-sido-asesinados-94-periodistas-documenta-la-federacion-internacional-de-periodistas\/","title":{"rendered":"En lo que va del 2023, has sido asesinados 94 periodistas, documenta la Federaci\u00f3n Internacional de Periodistas"},"content":{"rendered":"\n<p>Tomado de Border L\u00ednea<\/p>\n\n\n\n<p>Diciembre 9 de 2023<\/p>\n\n\n\n<p>La Federaci\u00f3n Internacional de Periodistas (FIP) ha documentado las muertes de 94 periodistas y trabajadores\/as de los medios de comunicaci\u00f3n en 2023, incluyendo 9 mujeres periodistas.<\/p>\n\n\n\n<p>Desde el 7 de octubre, m\u00e1s de un\/a periodista al d\u00eda ha sido asesinado\/a en la guerra de Gaza, una escala y un ritmo de muertes de profesionales de los medios de comunicaci\u00f3n sin precedentes. En v\u00edsperas del D\u00eda Internacional de los Derechos Humanos, que se celebra el 10 de diciembre, la FIP insiste en que es necesaria una actuaci\u00f3n m\u00e1s contundente por parte de la comunidad internacional para salvaguardar la vida de los y las periodistas y exigir responsabilidades a sus agresores.<\/p>\n\n\n\n<p>Este a\u00f1o, como 2022, ha estado marcado por la muerte de periodistas en la guerra. En 2023, los y las periodistas palestinos\/as de la Franja de Gaza han sido v\u00edctimas de los bombardeos indiscriminados del ej\u00e9rcito israel\u00ed. La FIP hace un llamamiento a las autoridades internacionales para que garanticen el cumplimiento del derecho internacional y pongan fin a la masacre de periodistas en Gaza. \u201cLa comunidad internacional, y m\u00e1s concretamente la Corte Penal Internacional, deben asumir sus responsabilidades e investigar a fondo, y en su caso procesar, a quienes han ordenado y llevado a cabo ataques contra periodistas\u201d, ha declarado la FIP.<\/p>\n\n\n\n<p>La guerra de Gaza ha sido m\u00e1s mort\u00edfera para los y las periodistas que cualquier otro conflicto desde que la FIP comenz\u00f3 a registrar las muertes de periodistas en acto de servicio en 1990. Desde el atentado de Ham\u00e1s del 7 de octubre, la FIP ha contabilizado al menos 68 periodistas asesinados\/as.\u201dEn lo que va de a\u00f1o, el 72% de los y las periodistas asesinados\/as en todo el mundo han fallecido en el conflicto de Gaza\u201d, informa la Federaci\u00f3n.<\/p>\n\n\n\n<p>Sesenta y un periodistas palestinos\/as han sido masacrados\/as en la franja de Gaza. Cuatro periodistas israel\u00edes fueron asesinados\/as en las primeras horas del ataque de Ham\u00e1s, el 7 de octubre: dos durante el festival de m\u00fasica Supernova y otros dos en los kibutz de Nahal Oz y Kfar Aza. Tres periodistas libaneses\/as fueron asesinados\/as en bombardeos israel\u00edes el 13 de octubre y el 21 de noviembre, mientras filmaban un reportaje en la frontera entre ambos pa\u00edses.<\/p>\n\n\n\n<p>En otros pa\u00edses de Oriente Pr\u00f3ximo, la FIP contabiliza 3 trabajadores\/as de los medios asesinados\/as en Siria.<\/p>\n\n\n\n<p>En Europa, Ucrania sigue siendo un pa\u00eds peligroso para los y las periodistas. Este a\u00f1o, tres periodistas y trabajadores\/as de los medios de comunicaci\u00f3n \u2013 ucraniano (1), ruso (1) y franc\u00e9s (1) \u2013 han muerto en la guerra de Ucrania.<\/p>\n\n\n\n<p>En la regi\u00f3n Asia-Pac\u00edfico, los asesinatos de periodistas se concentran en los mismos pa\u00edses que en a\u00f1os anteriores. Aunque el n\u00famero de periodistas fallecidos\/as sigue siendo inferior al de 2022, la FIP est\u00e1 preocupada por la seguridad de los y las periodistas en el continente. Ya sea en Afganist\u00e1n (2), Filipinas (2), India (1), China (1) o Bangladesh (1), la Federaci\u00f3n denuncia la falta de rendici\u00f3n de cuentas de quienes perpetran los cr\u00edmenes. La FIP hace un llamamiento a los gobiernos de la regi\u00f3n para que investiguen estos asesinatos y pongan en marcha medidas que garanticen la seguridad de los y las periodistas.<\/p>\n\n\n\n<p>La FIP constata una disminuci\u00f3n real del n\u00famero de periodistas asesinados\/as en la regi\u00f3n de las Am\u00e9ricas; 29 periodistas perdieron la vida en 2022, en comparaci\u00f3n a los siete de 2023. Tres mexicanos, un paraguayo, un guatemalteco, un colombiano y un estadounidense murieron mientras investigaban a grupos armados o la malversaci\u00f3n de fondos p\u00fablicos. Muchos otros cr\u00edmenes contra periodistas permanecen impunes en la regi\u00f3n, advierte la Federaci\u00f3n, por ejemplo, el 95% de los ataques a periodistas en M\u00e9xico no terminan en procesamientos.<\/p>\n\n\n\n<p>En \u00c1frica, la FIP condena cuatro asesinatos especialmente escandalosos en Camer\u00fan (2), Sud\u00e1n (1) y Lesoto (1), que hasta la fecha no han sido investigados a fondo.<\/p>\n\n\n\n<p>La presidenta de la FIP, Dominique Pradali\u00e9, ha declarado: \u201cEn lo que va de 2023, 94 periodistas han sido asesinados\/as. La FIP exige medidas globales urgentes para detener este derramamiento de sangre. El aumento de v\u00edctimas mortales, especialmente en Gaza, requiere acci\u00f3n inmediata. La FIP insiste en la necesidad de cumplir el derecho internacional, especialmente en la guerra de Gaza, donde los y las periodistas han sido objetivo del ej\u00e9rcito israel\u00ed. Dado que el 72% de las muertes de periodistas en el mundo se han producido en la guerra de Gaza, urge tomar medidas contundentes. El imperativo de una nueva norma internacional efectiva para la protecci\u00f3n de los y las periodistas nunca ha sido mayor.\u201d<\/p>\n\n\n\n<p>393 periodistas y trabajadores\/as de los medios de comunicaci\u00f3n encarcelados\/as<\/p>\n\n\n\n<p>En 2023, la lista de periodistas encarcelados\/as de la FIP refleja la persistencia de la represi\u00f3n pol\u00edtica en pa\u00edses como China, Bielorrusia, Egipto, Myanmar, Turqu\u00eda y Rusia, entre otros, con un aumento significativo de periodistas encarcelados registrado en los tres \u00faltimos a\u00f1os. Este acoso judicial est\u00e1 claramente dise\u00f1ado para silenciar a los medios de comunicaci\u00f3n y reprimir las manifestaciones en favor de la libertad. Los y las periodistas siguen estando entre las primeras v\u00edctimas de esta represi\u00f3n, con un r\u00e9cord de 393 periodistas y trabajadores\/as de los medios de comunicaci\u00f3n actualmente entre rejas.<\/p>\n\n\n\n<p>China y Hong Kong encabezan la lista con 80 periodistas encarcelados\/as, seguidos de Myanmar (54), Turqu\u00eda (41), Rusia y la Crimea ocupada (40), Bielorrusia (35), Egipto (23), Vietnam (18), Arabia Saud\u00ed (11), India (10) y Siria (9).<\/p>\n\n\n\n<figure class=\"wp-block-embed is-type-wp-embed is-provider-incrustado wp-block-embed-incrustado\"><div class=\"wp-block-embed__wrapper\">\n<blockquote class=\"wp-embedded-content\" data-secret=\"FsFrECO8Mu\"><a href=\"https:\/\/www.borderlinea.mx\/nacional\/94-periodistas-asesinados-en-lo-que-va-del-2023-documenta-la-federacion-internacional-de-periodistas\/\">94 periodistas asesinados en lo que va del 2023, documenta la Federaci\u00f3n Internacional de Periodistas<\/a><\/blockquote><iframe loading=\"lazy\" class=\"wp-embedded-content\" sandbox=\"allow-scripts\" security=\"restricted\" style=\"position: absolute; clip: rect(1px, 1px, 1px, 1px);\" title=\"&#8220;94 periodistas asesinados en lo que va del 2023, documenta la Federaci\u00f3n Internacional de Periodistas&#8221; &#8212; \" src=\"https:\/\/www.borderlinea.mx\/nacional\/94-periodistas-asesinados-en-lo-que-va-del-2023-documenta-la-federacion-internacional-de-periodistas\/embed\/#?secret=aQ5fcXPTk5#?secret=FsFrECO8Mu\" data-secret=\"FsFrECO8Mu\" width=\"600\" height=\"338\" frameborder=\"0\" marginwidth=\"0\" marginheight=\"0\" scrolling=\"no\"><\/iframe>\n<\/div><\/figure>\n","protected":false},"excerpt":{"rendered":"<p>Tomado de Border L\u00ednea Diciembre 9 de 2023 La Federaci\u00f3n Internacional de Periodistas (FIP) ha documentado las muertes de 94 periodistas y trabajadores\/as de los medios de comunicaci\u00f3n en 2023, incluyendo 9 mujeres periodistas. Desde el 7 de octubre, m\u00e1s de un\/a periodista al d\u00eda ha sido asesinado\/a en la guerra de Gaza, una escala [&hellip;]<\/p>\n","protected":false},"author":1,"featured_media":3573,"comment_status":"open","ping_status":"open","sticky":false,"template":"","format":"standard","meta":{"content-type":"","footnotes":""},"categories":[117,3,105],"tags":[],"class_list":{"0":"post-3572","1":"post","2":"type-post","3":"status-publish","4":"format-standard","5":"has-post-thumbnail","7":"category-general","8":"category-mexico","9":"category-principal"},"_links":{"self":[{"href":"https:\/\/www.regioncuatronoticias.com\/index.php\/wp-json\/wp\/v2\/posts\/3572","targetHints":{"allow":["GET"]}}],"collection":[{"href":"https:\/\/www.regioncuatronoticias.com\/index.php\/wp-json\/wp\/v2\/posts"}],"about":[{"href":"https:\/\/www.regioncuatronoticias.com\/index.php\/wp-json\/wp\/v2\/types\/post"}],"author":[{"embeddable":true,"href":"https:\/\/www.regioncuatronoticias.com\/index.php\/wp-json\/wp\/v2\/users\/1"}],"replies":[{"embeddable":true,"href":"https:\/\/www.regioncuatronoticias.com\/index.php\/wp-json\/wp\/v2\/comments?post=3572"}],"version-history":[{"count":1,"href":"https:\/\/www.regioncuatronoticias.com\/index.php\/wp-json\/wp\/v2\/posts\/3572\/revisions"}],"predecessor-version":[{"id":3574,"href":"https:\/\/www.regioncuatronoticias.com\/index.php\/wp-json\/wp\/v2\/posts\/3572\/revisions\/3574"}],"wp:featuredmedia":[{"embeddable":true,"href":"https:\/\/www.regioncuatronoticias.com\/index.php\/wp-json\/wp\/v2\/media\/3573"}],"wp:attachment":[{"href":"https:\/\/www.regioncuatronoticias.com\/index.php\/wp-json\/wp\/v2\/media?parent=3572"}],"wp:term":[{"taxonomy":"category","embeddable":true,"href":"https:\/\/www.regioncuatronoticias.com\/index.php\/wp-json\/wp\/v2\/categories?post=3572"},{"taxonomy":"post_tag","embeddable":true,"href":"https:\/\/www.regioncuatronoticias.com\/index.php\/wp-json\/wp\/v2\/tags?post=3572"}],"curies":[{"name":"wp","href":"https:\/\/api.w.org\/{rel}","templated":true}]}}