{"id":35662,"date":"2025-11-08T21:18:54","date_gmt":"2025-11-09T04:18:54","guid":{"rendered":"https:\/\/www.regioncuatronoticias.com\/?p=35662"},"modified":"2025-11-08T21:18:59","modified_gmt":"2025-11-09T04:18:59","slug":"donde-estan-los-duenos","status":"publish","type":"post","link":"https:\/\/www.regioncuatronoticias.com\/index.php\/2025\/11\/08\/donde-estan-los-duenos\/","title":{"rendered":"\u00bfD\u00f3nde est\u00e1n los due\u00f1os?"},"content":{"rendered":"\n<p><strong>Columna Corren Rumores<\/strong><\/p>\n\n\n\n<p><strong>Hilario Olea<\/strong><\/p>\n\n\n\n<p>\u00bf<strong>D\u00f3nde est\u00e1n los due\u00f1os<\/strong>?<\/p>\n\n\n\n<p><strong>S\u00e1bado 8 de noviembre de 2025<\/strong><\/p>\n\n\n\n<p><strong>PRINCIPALES RESPONSABLES\u2026<\/strong> Ya es tiempo de que se presente el informe oficial de lo sucedido en el incendio de la tienda Waldo\u2019s, donde fallecieron 24 personas, para conocer entre otras cosas quienes son los due\u00f1os de la empresa, porque hasta ahora solo se sabe que los \u00fanicos que se han tomado la responsabilidad de la tragedia es el gobierno del estado, atendiendo a las v\u00edctimas y sus familiares. No solo con asistencia m\u00e9dica, sino tambi\u00e9n funeraria. Pero de los due\u00f1os de la empresa no se ha sabido nada. Por ah\u00ed han salido un par de comunicados escuetos, pero no se les ha visto que aparezcan y den la cara, si no los propietarios, cuando menos los representantes legales. Con esto es obvio que quieren evadir su responsabilidad y tratan de que evitar que sean llamados a cuentas, esperando que la gente los exculpe y le cargue la responsabilidad a las autoridades, como pas\u00f3 con la Guarder\u00eda ABC.<\/p>\n\n\n\n<p><strong>MUCHA DIFERENCIA\u2026 <\/strong>Hay quienes han tratado de comparar esta tragedia con el incendio de la Guarder\u00eda ABC, pero hay mucha diferencia. Primero, por las v\u00edctimas que fueron ni\u00f1os que murieron o quedaron marcados de por vida. Dos, en ese caso el gobierno del estado era responsable directo porque el fuego inici\u00f3 en una bodega de la Secretar\u00eda de Hacienda. Y tercero, hab\u00eda una serie de irregularidades en el protocolo de Protecci\u00f3n Civil. En este \u00faltimo es donde hay puntos de convergencia. En el caso de la guarder\u00eda si se culp\u00f3 a los due\u00f1os y se les puso nombre y apellido. En este caso, todo eso se mantiene oculto, y la empresa busca no ser tocada y menos a sus due\u00f1os, pero en esto todo se sabe. Ya se han filtrado nombres y hay que se\u00f1alarlos.<\/p>\n\n\n\n<p><strong>UN POCO DE HISTORIA\u2026 <\/strong>En cuanto a la cadena de tiendas Waldo\u2019s, se sabe que iniciaron en 1999 con una tienda en Tijuana y los fundadores fueron Scott Becket y Robert Rowling, quienes iniciaron el negocio en Illinois, Estados Unidos. Luego cerraron en lado americano y decidieron arriesgarse en suelo mexicano con el nombre de Waldo\u2019s Dollar Mart de M\u00e9xico. En el 2014 el Grupo Vizion tom\u00f3 el control total de la compa\u00f1\u00eda minorista y fue el despuntar de la cadena, al grado que este a\u00f1o abri\u00f3 su tienda 900 en M\u00e9xico. Se imaginan el capital que mueven con tanta tienda. Suficiente para dar la cara en una contingencia como la que se vive en Hermosillo. Pero tambi\u00e9n suficiente capital para ocultarse con el apoyo del gobierno federal.<\/p>\n\n\n\n<p><strong>DEN LA CARA\u2026 <\/strong>Pero en esto todo se sabe. Por ah\u00ed han salido nombres, pero son los de sus fundadores que ya no tienen vela en el entierro. Ahora, seg\u00fan la revista Expansi\u00f3n, los due\u00f1os son Samuel Michan, Mark David, Rafael Garza, Robin French y los hermanos Rodolfo y Gabriel Padilla. Si ya hay nombres, es importante que ahora las manifestaciones y se\u00f1alamientos tengan un destino concreto, para exigirles que den la cara y se presenten ante las v\u00edctimas y sus familiares. Como que ya es tiempo de se\u00f1alar al bulto, cuando se tiene a quien apuntar. Ahora, no conocemos ni siquiera a sus abogados. Veremos si los manifestantes se animan ahora a acusarlos por nombres y apellidos.<\/p>\n\n\n\n<p><strong>JUSTOS POR PECADORES\u2026<\/strong> Otro aspecto que no es justo es la friega que le est\u00e1n poniendo a los negocios que est\u00e1n por la misma calle y en los alrededores de la tienda incendiada. Resulta que a muchos los cerraron a la mala con el fin de evitar que se propagara el fuego. Pero la bronca es que los dejaron cerrados. Incluso, nos dejaron sacar sus cosas personales. Y van para una semana sin operar.. Poco a poco han ido abriendo tiendas cercanas, pero hay otras que est\u00e1n cerradas y las est\u00e1n ahogando.. En lugar de ayudarlos y obligar a Waldo\u2019s a que las indemnice por el da\u00f1o del incendio, las han dejado solas y en el desamparo. Esa no es justicia, esa es gachada. Y peor a\u00fan, quieren apretarles el cuello con medidas de protecci\u00f3n civil y seguridad que antes no les exig\u00edan. Esas son gachadas y que l\u00e1stima que no haya quien levante la voz para defenderlos. Pareciera que no tienen representantes de ning\u00fan tipo. Si siguen as\u00ed, van a la quiebra.<\/p>\n\n\n\n<p><strong>En fin, por eso mejor la dejamos de este tama\u00f1o y recuerden lo que dec\u00eda el Tavo Nacho: El que est\u00e1 libre de pecado, seguramente se moch\u00f3 con el cura. Sale.<\/strong><\/p>\n\n\n\n<p><strong>S\u00edganos en la cuenta de X o Twitter @hilarioolea.<\/strong><\/p>\n\n\n\n<p><strong>Pueden vernos de lunes a viernes de 8 a 9 de la noche en nuestro canal de YouTube \u201cEntre Todos Digital\u201d.<\/strong><\/p>\n\n\n\n<p><strong>Sigan nuestras redes sociales.<\/strong><\/p>\n","protected":false},"excerpt":{"rendered":"<p>Columna Corren Rumores Hilario Olea \u00bfD\u00f3nde est\u00e1n los due\u00f1os? S\u00e1bado 8 de noviembre de 2025 PRINCIPALES RESPONSABLES\u2026 Ya es tiempo de que se presente el informe oficial de lo sucedido en el incendio de la tienda Waldo\u2019s, donde fallecieron 24 personas, para conocer entre otras cosas quienes son los due\u00f1os de la empresa, porque hasta [&hellip;]<\/p>\n","protected":false},"author":1,"featured_media":35663,"comment_status":"open","ping_status":"open","sticky":false,"template":"","format":"standard","meta":{"content-type":"","footnotes":""},"categories":[121],"tags":[],"class_list":{"0":"post-35662","1":"post","2":"type-post","3":"status-publish","4":"format-standard","5":"has-post-thumbnail","7":"category-hilarioolea"},"_links":{"self":[{"href":"https:\/\/www.regioncuatronoticias.com\/index.php\/wp-json\/wp\/v2\/posts\/35662","targetHints":{"allow":["GET"]}}],"collection":[{"href":"https:\/\/www.regioncuatronoticias.com\/index.php\/wp-json\/wp\/v2\/posts"}],"about":[{"href":"https:\/\/www.regioncuatronoticias.com\/index.php\/wp-json\/wp\/v2\/types\/post"}],"author":[{"embeddable":true,"href":"https:\/\/www.regioncuatronoticias.com\/index.php\/wp-json\/wp\/v2\/users\/1"}],"replies":[{"embeddable":true,"href":"https:\/\/www.regioncuatronoticias.com\/index.php\/wp-json\/wp\/v2\/comments?post=35662"}],"version-history":[{"count":1,"href":"https:\/\/www.regioncuatronoticias.com\/index.php\/wp-json\/wp\/v2\/posts\/35662\/revisions"}],"predecessor-version":[{"id":35664,"href":"https:\/\/www.regioncuatronoticias.com\/index.php\/wp-json\/wp\/v2\/posts\/35662\/revisions\/35664"}],"wp:featuredmedia":[{"embeddable":true,"href":"https:\/\/www.regioncuatronoticias.com\/index.php\/wp-json\/wp\/v2\/media\/35663"}],"wp:attachment":[{"href":"https:\/\/www.regioncuatronoticias.com\/index.php\/wp-json\/wp\/v2\/media?parent=35662"}],"wp:term":[{"taxonomy":"category","embeddable":true,"href":"https:\/\/www.regioncuatronoticias.com\/index.php\/wp-json\/wp\/v2\/categories?post=35662"},{"taxonomy":"post_tag","embeddable":true,"href":"https:\/\/www.regioncuatronoticias.com\/index.php\/wp-json\/wp\/v2\/tags?post=35662"}],"curies":[{"name":"wp","href":"https:\/\/api.w.org\/{rel}","templated":true}]}}