{"id":35541,"date":"2025-11-05T13:44:29","date_gmt":"2025-11-05T20:44:29","guid":{"rendered":"https:\/\/www.regioncuatronoticias.com\/?p=35541"},"modified":"2025-11-05T13:44:32","modified_gmt":"2025-11-05T20:44:32","slug":"nueva-tragedia-en-hermosillo","status":"publish","type":"post","link":"https:\/\/www.regioncuatronoticias.com\/index.php\/2025\/11\/05\/nueva-tragedia-en-hermosillo\/","title":{"rendered":"Nueva tragedia en Hermosillo"},"content":{"rendered":"\n<p><strong>Columna Corren Rumores<\/strong><\/p>\n\n\n\n<p><strong>Hilario Olea<\/strong><\/p>\n\n\n\n<p><strong>Nueva tragedia en Hermosillo<\/strong><\/p>\n\n\n\n<p><strong>Mi\u00e9rcoles 5 de noviembre de 2025<\/strong><\/p>\n\n\n\n<p><strong>SE VISTE DE LUTO\u2026<\/strong> De nueva cuenta Hermosillo se viste de luto por una tragedia provocada por el incendio en una tienda de la empresa Waldo\u2019s donde murieron 23 personas y 15 resultaron lesionados. No tiene la magnitud del incendio de la Guarder\u00eda ABC, donde en el 2009 murieron 49 ni\u00f1os y 106 resultaron lesionados y afectados.&nbsp; Esa tragedia dej\u00f3 una honda herida que a la fecha no ha podido cicatrizar y se abre y sangra cada 5 de junio. Esa fue una situaci\u00f3n que se sali\u00f3 totalmente del control y que tuvo un alto impacto pol\u00edtico, al grado de que provoc\u00f3 la derrota del PRI en la elecci\u00f3n a gobernador. Las autoridades de ese entonces no pudieron enfrentar la crisis, sobre todo porque no se avocaron al cien por ciento, y por eso el costo les result\u00f3 muy alto.&nbsp; Hoy, a pesar de la enorme tragedia, otro ha sido el comportamiento de las autoridades, y eso hay que reconocerlo.<\/p>\n\n\n\n<p><strong>TODOS ATIENDAN\u2026<\/strong> Hay&nbsp; que reconocer que el gobernador Alfonso Durazo respondi\u00f3 a tiempo y en forma adecuada. De acuerdo a la informaci\u00f3n que ha trascendido orden\u00f3 atenci\u00f3n al cien por ciento a v\u00edctimas y familiares. Se les brind\u00f3 todo tipo de ayuda no solo de car\u00e1cter m\u00e9dico, sino atenci\u00f3n personal con asistencia psicol\u00f3gica.&nbsp; Y no se dej\u00f3 esta tarea a funcionarios de tercer nivel como pas\u00f3 con la Guarder\u00eda ABC, sino los responsables de esta atenci\u00f3n fueron titular del gabinete y las oficinas especializadas. Se sabe que Durazo Monta\u00f1o ha encabezado las reuniones diarias donde se reportan los acontecimientos y los avances en la atenci\u00f3n a las v\u00edctimas. Por ello no se ha visto una reacci\u00f3n de rechazo o repudio a las autoridades, sino por el contrario. Hasta el momento hay consuelo y conformidad por las atenciones recibidas.<\/p>\n\n\n\n<p><strong>PIDEN JUSTICIA\u2026<\/strong> Lo que se pide ahora es que se haga justicia y se aplique la ley. Primero encontrar al o los responsables de haber permitido que esta tienda operara sin contar con requisitos de seguridad. Porque en esto hay toda una cadena de responsabilidades. Desde las autoridades que permit\u00edan que operara sin certificado de protecci\u00f3n civil, hasta una empresa que encontr\u00f3 el modo de sacarle la vuelta a estos requisitos, ya sea con enga\u00f1os o con sobornos. Uno de los abuelos de las v\u00edctimas fue lapidario al exigir justicia, pidiendo en forma contundente: Que pague quien tenga que pagar, aunque nadie me va a devolver la vida de mi hija y mis nietos.<\/p>\n\n\n\n<p>Un error que se debe enmendar a brevedad es el resultado de las investigaciones que se est\u00e1 tardando demasiado.&nbsp; Hay muchas versiones y m\u00e1s que est\u00e1n surgiendo.<\/p>\n\n\n\n<p><strong>UN TRANFORMADOR\u2026<\/strong> Una de las versiones es que el incendio fue provocado por la explosi\u00f3n de un transformador que irresponsablemente estaba en el interior de la tienda. Sin embargo expertos en equipos el\u00e9ctricos sostienen que no pudo haber provocado un fuego de esa magnitud. Pero esto lo dicen los que son entrevistados y no peritos&nbsp; que hayan investigado la zona de la tragedia. Entre m\u00e1s tiempo tarden, m\u00e1s la gente se confunde y crea sus propias versiones, que en un descuido puede volverse en contra de las autoridades. De hecho ya comienzan a gestarse manifestaciones de protesta como la realizada por estudiantes de la Unison y a la que convocan familiares de las v\u00edctimas de la guarder\u00eda ABC.&nbsp; Esto, si no hay respuestas convincentes puede volverse una bola de nieve que ir\u00e1 creciendo hasta salir de control.<\/p>\n\n\n\n<p><strong>ATENCI\u00d3N COMPLETA\u2026<\/strong> Por lo pronto las medidas de contenci\u00f3n han respondido adecuadamente. Y hay que reconocer que en mucho se debe a que el propio gobernador Durazo est\u00e1 al frente del operativo de auxilio y atenci\u00f3n. Las v\u00edctimas y familiares han sentido seguridad y protecci\u00f3n,&nbsp; al ser atendidos, en primer lugar por los titulares de las dependencias. Y en segundo que no les han regateado las ayudas.&nbsp; Por el momento todos trabajan en un bloque unido y eso evita que haya zancadillas por querer buscar lucimientos.&nbsp; Ahora si que primero las v\u00edctimas y sus familias.&nbsp; Esto puede evitar que se transforme en una crisis sin contenci\u00f3n como lamentablemente pas\u00f3 con la Guarder\u00eda ABC.<\/p>\n\n\n\n<p><strong>NO AMARREN NAVAJAS\u2026 <\/strong>Otra cosa que hay que evitar, adem\u00e1s de las zancadillas, son las confrontaciones entre niveles de gobierno. Mal se ver\u00e1n si comienzan a echarse culpas entre dependencias estatales y municipales con fines pol\u00edticos. Con eso ninguno quedar\u00eda bien porque la gente se dar\u00eda cuenta que en lugar de auxiliar andan aprovechando para hacer grilla barata. No creemos caigan en ese error, pero&nbsp; pudiera suceder. Aguas.<\/p>\n\n\n\n<p><strong>En fin, as\u00ed la tragedia por eso recuerden lo que dec\u00eda el Pedrito de la Chona,&nbsp; arrieros somos, porque no terminamos de estudiar. Sale.<\/strong><\/p>\n\n\n\n<p><strong>S\u00edganos en la cuenta de X o Twitter @hilarioolea.<\/strong><\/p>\n\n\n\n<p><strong>Pueden vernos de lunes a viernes de 8 a 9 de la noche en nuestro canal de YouTube \u201cEntre Todos Digital\u201d.<\/strong><\/p>\n\n\n\n<p><strong>Sigan nuestras redes sociales<\/strong><\/p>\n","protected":false},"excerpt":{"rendered":"<p>Columna Corren Rumores Hilario Olea Nueva tragedia en Hermosillo Mi\u00e9rcoles 5 de noviembre de 2025 SE VISTE DE LUTO\u2026 De nueva cuenta Hermosillo se viste de luto por una tragedia provocada por el incendio en una tienda de la empresa Waldo\u2019s donde murieron 23 personas y 15 resultaron lesionados. No tiene la magnitud del incendio [&hellip;]<\/p>\n","protected":false},"author":1,"featured_media":35542,"comment_status":"open","ping_status":"open","sticky":false,"template":"","format":"standard","meta":{"content-type":"","footnotes":""},"categories":[121],"tags":[],"class_list":{"0":"post-35541","1":"post","2":"type-post","3":"status-publish","4":"format-standard","5":"has-post-thumbnail","7":"category-hilarioolea"},"_links":{"self":[{"href":"https:\/\/www.regioncuatronoticias.com\/index.php\/wp-json\/wp\/v2\/posts\/35541","targetHints":{"allow":["GET"]}}],"collection":[{"href":"https:\/\/www.regioncuatronoticias.com\/index.php\/wp-json\/wp\/v2\/posts"}],"about":[{"href":"https:\/\/www.regioncuatronoticias.com\/index.php\/wp-json\/wp\/v2\/types\/post"}],"author":[{"embeddable":true,"href":"https:\/\/www.regioncuatronoticias.com\/index.php\/wp-json\/wp\/v2\/users\/1"}],"replies":[{"embeddable":true,"href":"https:\/\/www.regioncuatronoticias.com\/index.php\/wp-json\/wp\/v2\/comments?post=35541"}],"version-history":[{"count":1,"href":"https:\/\/www.regioncuatronoticias.com\/index.php\/wp-json\/wp\/v2\/posts\/35541\/revisions"}],"predecessor-version":[{"id":35543,"href":"https:\/\/www.regioncuatronoticias.com\/index.php\/wp-json\/wp\/v2\/posts\/35541\/revisions\/35543"}],"wp:featuredmedia":[{"embeddable":true,"href":"https:\/\/www.regioncuatronoticias.com\/index.php\/wp-json\/wp\/v2\/media\/35542"}],"wp:attachment":[{"href":"https:\/\/www.regioncuatronoticias.com\/index.php\/wp-json\/wp\/v2\/media?parent=35541"}],"wp:term":[{"taxonomy":"category","embeddable":true,"href":"https:\/\/www.regioncuatronoticias.com\/index.php\/wp-json\/wp\/v2\/categories?post=35541"},{"taxonomy":"post_tag","embeddable":true,"href":"https:\/\/www.regioncuatronoticias.com\/index.php\/wp-json\/wp\/v2\/tags?post=35541"}],"curies":[{"name":"wp","href":"https:\/\/api.w.org\/{rel}","templated":true}]}}