{"id":3549,"date":"2023-12-10T06:54:48","date_gmt":"2023-12-10T13:54:48","guid":{"rendered":"https:\/\/www.regioncuatronoticias.com\/?p=3549"},"modified":"2023-12-10T06:54:50","modified_gmt":"2023-12-10T13:54:50","slug":"a-11-anos-de-la-muerte-de-jenni-rivera-asi-luce-el-lugar-donde-cayo-el-avion-en-el-que-viajaba-video","status":"publish","type":"post","link":"https:\/\/www.regioncuatronoticias.com\/index.php\/2023\/12\/10\/a-11-anos-de-la-muerte-de-jenni-rivera-asi-luce-el-lugar-donde-cayo-el-avion-en-el-que-viajaba-video\/","title":{"rendered":"A 11 a\u00f1os de la muerte de Jenni Rivera, as\u00ed luce el lugar donde cay\u00f3 el avi\u00f3n en el que viajaba (VIDEO)"},"content":{"rendered":"\n<p>Diciembre 9 de 2023<\/p>\n\n\n\n<p>Hace 11 a\u00f1os muri\u00f3 Jenni Rivera en un accidente de avi\u00f3n luego de un concierto en Monterrey, Nuevo Le\u00f3n.<\/p>\n\n\n\n<p>La muerte de la cantante caus\u00f3 impacto en M\u00e9xico y Estados Unidos (EEUU) por gran \u00e9xito en cada lugar en el que se present\u00f3.<\/p>\n\n\n\n<p>\u00bfC\u00f3mo luce el lugar en el que cay\u00f3 el avi\u00f3n donde viajaba Jenni Rivera?<\/p>\n\n\n\n<p>El accidente fue en El Tejocote, ah\u00ed localizaron los restos de la aeronave as\u00ed como sus tripulantes.<\/p>\n\n\n\n<p>Fans de La Diva de la Banda se las han ingeniado para llegar hasta donde la familia Rivera coloc\u00f3 una cruz por respeto.<\/p>\n\n\n\n<p>Personal de TV Azteca Noreste acudieron hace d\u00edas a visitar el lugar en donde cay\u00f3 el avi\u00f3n en el que viajaba Jenni Rivera y el resto de su equipo de trabajo.<\/p>\n\n\n\n<p>De acuerdo a las im\u00e1genes se aprecia el lugar poco cuidado, como una mariposa que le pusieron est\u00e1 en el piso y un poco rota.<\/p>\n\n\n\n<p>Adem\u00e1s, hay veladoras y regalos de seguidores que han ido dejando al paso del tiempo.<\/p>\n\n\n\n<figure class=\"wp-block-embed is-type-wp-embed is-provider-proyecto-puente wp-block-embed-proyecto-puente\"><div class=\"wp-block-embed__wrapper\">\n<blockquote class=\"wp-embedded-content\" data-secret=\"Zx1IcePqqH\"><a href=\"https:\/\/proyectopuente.com.mx\/2023\/12\/09\/a-11-anos-de-la-muerte-de-jenni-rivera-asi-luce-el-lugar-donde-cayo-el-avion-en-el-que-viajaba-video\/\">A 11 a\u00f1os de la muerte de Jenni Rivera, as\u00ed luce el lugar donde cay\u00f3 el avi\u00f3n en el que viajaba (VIDEO)<\/a><\/blockquote><iframe loading=\"lazy\" class=\"wp-embedded-content\" sandbox=\"allow-scripts\" security=\"restricted\" style=\"position: absolute; clip: rect(1px, 1px, 1px, 1px);\" title=\"&#8220;A 11 a\u00f1os de la muerte de Jenni Rivera, as\u00ed luce el lugar donde cay\u00f3 el avi\u00f3n en el que viajaba (VIDEO)&#8221; &#8212; Proyecto Puente\" src=\"https:\/\/proyectopuente.com.mx\/2023\/12\/09\/a-11-anos-de-la-muerte-de-jenni-rivera-asi-luce-el-lugar-donde-cayo-el-avion-en-el-que-viajaba-video\/embed\/#?secret=Zx1IcePqqH\" data-secret=\"Zx1IcePqqH\" width=\"600\" height=\"338\" frameborder=\"0\" marginwidth=\"0\" marginheight=\"0\" scrolling=\"no\"><\/iframe>\n<\/div><\/figure>\n","protected":false},"excerpt":{"rendered":"<p>Diciembre 9 de 2023 Hace 11 a\u00f1os muri\u00f3 Jenni Rivera en un accidente de avi\u00f3n luego de un concierto en Monterrey, Nuevo Le\u00f3n. La muerte de la cantante caus\u00f3 impacto en M\u00e9xico y Estados Unidos (EEUU) por gran \u00e9xito en cada lugar en el que se present\u00f3. \u00bfC\u00f3mo luce el lugar en el que cay\u00f3 [&hellip;]<\/p>\n","protected":false},"author":1,"featured_media":3550,"comment_status":"open","ping_status":"open","sticky":false,"template":"","format":"standard","meta":{"content-type":"","footnotes":""},"categories":[116,117],"tags":[],"class_list":{"0":"post-3549","1":"post","2":"type-post","3":"status-publish","4":"format-standard","5":"has-post-thumbnail","7":"category-entretenimiento","8":"category-general"},"_links":{"self":[{"href":"https:\/\/www.regioncuatronoticias.com\/index.php\/wp-json\/wp\/v2\/posts\/3549","targetHints":{"allow":["GET"]}}],"collection":[{"href":"https:\/\/www.regioncuatronoticias.com\/index.php\/wp-json\/wp\/v2\/posts"}],"about":[{"href":"https:\/\/www.regioncuatronoticias.com\/index.php\/wp-json\/wp\/v2\/types\/post"}],"author":[{"embeddable":true,"href":"https:\/\/www.regioncuatronoticias.com\/index.php\/wp-json\/wp\/v2\/users\/1"}],"replies":[{"embeddable":true,"href":"https:\/\/www.regioncuatronoticias.com\/index.php\/wp-json\/wp\/v2\/comments?post=3549"}],"version-history":[{"count":1,"href":"https:\/\/www.regioncuatronoticias.com\/index.php\/wp-json\/wp\/v2\/posts\/3549\/revisions"}],"predecessor-version":[{"id":3551,"href":"https:\/\/www.regioncuatronoticias.com\/index.php\/wp-json\/wp\/v2\/posts\/3549\/revisions\/3551"}],"wp:featuredmedia":[{"embeddable":true,"href":"https:\/\/www.regioncuatronoticias.com\/index.php\/wp-json\/wp\/v2\/media\/3550"}],"wp:attachment":[{"href":"https:\/\/www.regioncuatronoticias.com\/index.php\/wp-json\/wp\/v2\/media?parent=3549"}],"wp:term":[{"taxonomy":"category","embeddable":true,"href":"https:\/\/www.regioncuatronoticias.com\/index.php\/wp-json\/wp\/v2\/categories?post=3549"},{"taxonomy":"post_tag","embeddable":true,"href":"https:\/\/www.regioncuatronoticias.com\/index.php\/wp-json\/wp\/v2\/tags?post=3549"}],"curies":[{"name":"wp","href":"https:\/\/api.w.org\/{rel}","templated":true}]}}